{"id":224449,"date":"2013-07-10T08:07:51","date_gmt":"2013-07-10T05:07:51","guid":{"rendered":"https:\/\/analyse.optim.biz\/?p=224449"},"modified":"2013-07-10T08:07:51","modified_gmt":"2013-07-10T05:07:51","slug":"victor-ponta-spune-ca-e-posibila-o-remaniere-guvernamentala","status":"publish","type":"post","link":"https:\/\/analyse.optim.biz\/?p=224449","title":{"rendered":"Victor Ponta spune c\u0103 e posibil\u0103 o remaniere guvernamental\u0103"},"content":{"rendered":"<div class=\"entry data-app-meta data-app-meta-article\" data-embed-base-url-canonical=\"https:\/\/www.digi24.ro\/embed\/stiri\/actualitate\/politica\/victor-ponta-spune-ca-e-posibila-o-remaniere-guvernamentala-90749\">\n<p data-index=\"1\"><img decoding=\"async\" src=\"https:\/\/analyse.optim.biz\/wp-content\/uploads\/2024\/09\/dz04mdamagfzad0zntg2nzvlntawzwnmm2yzywzhzwu5nwvimgq1ntbkmw-thumb_.jpg\" data-skip-htmlfix=\"1\" title=\"dz04mdamagfzad0zntg2nzvlntawzwnmm2yzywzhzwu5nwvimgq1ntbkmw-thumb_\"><\/p>\n<p data-index=\"2\">\u00centrebat la un post de televiziune dac\u0103 este posibil ca, dup\u0103 analiza de la finele lunii august, s\u0103 efectueze o remaniere, premierul a r\u0103spuns afirmativ.<\/p>\n<p data-index=\"3\">\u201eEste posibil, dar nu am \u00een vedere un ministru anume&#8221;, a spus Ponta.<\/p>\n<p data-index=\"4\">El a precizat c\u0103 eventualele nemul\u0163umiri legate de activitatea mini\u015ftrilor PNL i le va trimite pre\u015fedintelui Crin Antonescu, \u00eenainte de a decide schimbarea.<\/p>\n<p data-index=\"5\">Premierul Victor Ponta a anun\u0163at, luni, c\u0103 la sf\u00e2r\u015fitul lunii august vor fi convocate BPN, CExN \u015fi grupurile parlamentare pentru a face analiza activit\u0103\u0163ii mini\u015ftrilor PSD, a secretarilor de stat, a \u015fefilor de autorit\u0103\u0163i \u015fi agen\u0163ii precum \u015fi a celor care ocup\u0103 func\u0163ii \u00een conducerea Parlamentului.<\/p>\n<\/div>\n<p> Source URL: https:\/\/www.digi24.ro\/stiri\/actualitate\/politica\/victor-ponta-spune-ca-e-posibila-o-remaniere-guvernamentala-90749<\/p>\n","protected":false},"excerpt":{"rendered":"<p>\u00centrebat la un post de televiziune dac\u0103 este posibil ca, dup\u0103 analiza de la finele lunii august, s\u0103 efectueze o remaniere, premierul a r\u0103spuns afirmativ. \u201eEste posibil, dar nu am \u00een vedere un ministru anume&#8221;, a spus Ponta. El a precizat c\u0103 eventualele nemul\u0163umiri legate de activitatea mini\u015ftrilor PNL i le va trimite pre\u015fedintelui Crin [&hellip;]<\/p>\n","protected":false},"author":1,"featured_media":224450,"comment_status":"open","ping_status":"","sticky":false,"template":"","format":"standard","meta":{"footnotes":""},"categories":[2],"tags":[11],"class_list":["post-224449","post","type-post","status-publish","format-standard","has-post-thumbnail","hentry","category-politics","tag-digi24"],"_links":{"self":[{"href":"https:\/\/analyse.optim.biz\/index.php?rest_route=\/wp\/v2\/posts\/224449","targetHints":{"allow":["GET"]}}],"collection":[{"href":"https:\/\/analyse.optim.biz\/index.php?rest_route=\/wp\/v2\/posts"}],"about":[{"href":"https:\/\/analyse.optim.biz\/index.php?rest_route=\/wp\/v2\/types\/post"}],"author":[{"embeddable":true,"href":"https:\/\/analyse.optim.biz\/index.php?rest_route=\/wp\/v2\/users\/1"}],"replies":[{"embeddable":true,"href":"https:\/\/analyse.optim.biz\/index.php?rest_route=%2Fwp%2Fv2%2Fcomments&post=224449"}],"version-history":[{"count":0,"href":"https:\/\/analyse.optim.biz\/index.php?rest_route=\/wp\/v2\/posts\/224449\/revisions"}],"wp:featuredmedia":[{"embeddable":true,"href":"https:\/\/analyse.optim.biz\/index.php?rest_route=\/wp\/v2\/media\/224450"}],"wp:attachment":[{"href":"https:\/\/analyse.optim.biz\/index.php?rest_route=%2Fwp%2Fv2%2Fmedia&parent=224449"}],"wp:term":[{"taxonomy":"category","embeddable":true,"href":"https:\/\/analyse.optim.biz\/index.php?rest_route=%2Fwp%2Fv2%2Fcategories&post=224449"},{"taxonomy":"post_tag","embeddable":true,"href":"https:\/\/analyse.optim.biz\/index.php?rest_route=%2Fwp%2Fv2%2Ftags&post=224449"}],"curies":[{"name":"wp","href":"https:\/\/api.w.org\/{rel}","templated":true}]}}