{"id":224377,"date":"2013-07-19T17:30:16","date_gmt":"2013-07-19T14:30:16","guid":{"rendered":"https:\/\/analyse.optim.biz\/?p=224377"},"modified":"2013-07-19T17:30:16","modified_gmt":"2013-07-19T14:30:16","slug":"t-basescu-despre-aducerea-lui-omar-hayssam-in-tara-cum-sa-va-spun-cand-romania-a-efectuat-o-operatiune-neautorizata-pe-teritoriul-altui-stat","status":"publish","type":"post","link":"https:\/\/analyse.optim.biz\/?p=224377","title":{"rendered":"T. B\u0103sescu, despre aducerea lui Omar Hayssam \u00een \u021bar\u0103: \u201eCum s\u0103 v\u0103 spun, c\u00e2nd Rom\u00e2nia a efectuat o opera\u021biune neautorizat\u0103 pe teritoriul altui stat?\u201d"},"content":{"rendered":"<div class=\"entry data-app-meta data-app-meta-article\" data-embed-base-url-canonical=\"https:\/\/www.digi24.ro\/embed\/stiri\/actualitate\/politica\/t-basescu-despre-aducerea-lui-omar-hayssam-in-tara-cum-sa-va-spun-cand-romania-a-efectuat-o-operatiune-neautorizata-pe-teritoriul-altui-stat-95229\">\n<p data-index=\"1\"><img decoding=\"async\" src=\"https:\/\/analyse.optim.biz\/wp-content\/uploads\/2024\/09\/anbnjnc9odawjmhhc2g9zguxywjlodvimjgxzmjkothjodu4mwzmntuxyjfknti-thumb_.jpg\" data-skip-htmlfix=\"1\" title=\"anbnjnc9odawjmhhc2g9zguxywjlodvimjgxzmjkothjodu4mwzmntuxyjfknti-thumb_\"><\/p>\n<p data-index=\"2\"><strong>Urm\u0103ri\u021bi principalele declara\u021bii ale pre\u0219edintelui \u00een format live-text:<\/strong><\/p>\n<p data-index=\"3\">Declara\u021bia din aceast\u0103 sear\u0103 vine din nevoia de a face clarific\u0103ri pentru a proteja interesele statului rom\u00e2n pentru c\u0103 \u00een spa\u021biul public s-au pronun\u021bat demnitari, \u0219efi de servicii, fo\u0219ti mini\u0219tri.<\/p>\n<p data-index=\"4\">Sunt lucruri care trebuie clarificate pentru c\u0103 altfel vom fi aprecia\u021bi mai prost dec\u00e2t merit\u0103m, de partenerii no\u0219tri din UE, NATO \u0219i de peste tot din lume.<\/p>\n<p data-index=\"5\">De ce, imediat dup\u0103 ora 7, comunicatul a venit de la pre\u0219edin\u021bie: era vorba despre aducerea \u00een \u021bar\u0103 a unui condamnat pentru terorism, iar terorismul este un atribut primordial al CSAT.\u00a0Pre\u0219edintele CSAT e pre\u0219edintele Rom\u00e2niei,.<\/p>\n<p data-index=\"6\">C\u00e2nd a fost vorba despre accidentul nefericit din Muntenegru, a fost o problem\u0103 a Guvernului, nu a existat un punct de vedere al Pre\u0219edin\u021biei.<\/p>\n<p data-index=\"7\">Lupta antiterorist\u0103 este un atribut al CSAT \u0219i, implicit, o responsabilitate direct\u0103 a mea.<\/p>\n<p data-index=\"8\">Cu at\u00e2t mai mult cu c\u00e2t opera\u021biunea putea s\u0103 reu\u0219easc\u0103 sau s\u0103 nu reu\u0219easc\u0103. Dac\u0103 nu reu\u0219ea, nu ar mai fi venit at\u00e2\u021bia politicieni<a href=\"https:\/\/www.digi24.ro\/Stiri\/Digi24\/Actualitate\/Politica\/Extradarea+lui+Omar+Hayssam+disputata+politic\" target=\"_blank\" data-skip-linkfix=\"1\" rel=\"noopener\"> s\u0103 spun\u0103 ce au f\u0103cut ei c\u00e2nd au fost prin ministere<\/a> sau ce fac ei acum.<\/p>\n<p data-index=\"9\">A fost o opera\u021biune asumat\u0103, la nivelul la care trebuia asumat\u0103, \u0219i s-a desf\u0103\u0219urat, slav\u0103 Domnului, cu bine.<\/p>\n<p data-index=\"10\">Nu confirm, repet, nu confirm c\u0103 Omar Hayssam fost preluat din Siria. De asemenea, nu confirm c\u0103 a fost preluat cu un avion al Armatei Rom\u00e2ne. \u0218i, \u00een sf\u00e2r\u0219it, nu confirm c\u0103 a fost repatriat \u00een baza unui acord de extr\u0103dare.<\/p>\n<p data-index=\"11\">Dac\u0103 citi\u021bi cu aten\u021bie comunicatul Pre\u0219edin\u021biei ve\u021bi constata c\u0103 el vorbe\u0219te despre mul\u021bumiri aduse ofi\u021berilor implica\u021bi \u0219i institu\u021biilor de siguran\u021b\u0103 na\u021bional\u0103 implicate \u0219i at\u00e2t.<\/p>\n<p data-index=\"12\">Comunicatul \u00eencepe cu istoria lui Omar Hayssam din momentul \u00een care structuri de siguran\u021b\u0103 na\u021bional\u0103<a href=\"https:\/\/www.digi24.ro\/Stiri\/Digi24\/Actualitate\/Stiri\/Omar+Hayssam+a+fost+predat+Politiei+Romane+pentru+a-si+ispasi+pe\" data-skip-linkfix=\"1\"> l-au predat poli\u021biei ast\u0103zi diminea\u021b\u0103.<\/a><\/p>\n<p data-index=\"13\">Vreau s\u0103 mai \u0219ti\u021bi un lucru, pentru a avea o imagine clar\u0103, o astfel de opera\u021biune nu se putea desf\u0103\u0219ura nici \u00eentr-o zi, nici \u00eentr-o s\u0103pt\u0103m\u00e2n\u0103, nici \u00een trei luni. A fost un efort al unui colectiv foarte mic de oameni care circa de cinci ani se ocup\u0103 de acest proces de aducere a lui Omar Hayssam \u00een \u021bar\u0103.<\/p>\n<p data-index=\"14\">Am v\u0103zut \u0219i \u00eentrebarea de ce dup\u0103 \u0219apte ani \u0219i de ce doar dup\u0103 5 ani: dintr-un motiv simplu, c\u00e2nd a plecat, Omar Hayssam nu avea niciun mandat de a p\u0103r\u0103si \u021bara, nu discut de ce, \u0219i nu se ceruse niciun sistem de supraveghere a vreunei institu\u021bii. \u00cen 2006, c\u00e2nd a plecat din \u021bar\u0103, Omar Hayssam putea fi acuzat de trecerea frauduloas\u0103 a frontierei de stat, lucru pentru care a fost \u0219i condamnat la 2 ani de \u00eenchisoare. <\/p>\n<p data-index=\"15\">Pentru institu\u021biile de for\u021b\u0103 ale statului, Hayssam a devenit o problem\u0103 \u00een momentul \u00een care a fost condamnat pentru terorism. Aceast\u0103 condamnare s-a produs \u00een 2008 \u0219i atunci a fost obliga\u021bia structurilor de securitate s\u0103-l aduc\u0103 \u00een \u021bar\u0103 pe Omar Hayssam pentru a se \u00eendeplini dispozi\u021biile justi\u021biei.<\/p>\n<p data-index=\"16\">Sigur, Hayssam este o problem\u0103 politic\u0103, una economic\u0103 \u0219i una penal\u0103, mai ales. Este acum problema justi\u021biei s\u0103 afle ce este de aflat.<\/p>\n<p data-index=\"17\">Vreau s\u0103 felicit institu\u021biile implicate \u00een eforturi \u00een ace\u0219ti cinci ani c\u0103 sunt singurele care nu vorbesc \u0219i nu fac declara\u021bii publice.<\/p>\n<p data-index=\"18\">Nu este nicio secretomanie, ci sunt motive de securitate pentru care nu pot s\u0103 dau alte detalii.<\/p>\n<p data-index=\"19\">Este un mod de a ac\u021biona al institu\u021biilor statului rom\u00e2n, care trebuie protejate, pentru c\u0103 s-ar putea s\u0103 mai avem nevoie de el.<\/p>\n<p data-index=\"20\"><strong><span>Despre negocierile cu FMI, CE \u0219i Banca Mondial\u0103<\/span><\/strong><\/p>\n<p data-index=\"21\"><strong><span><br \/><\/span><\/strong><\/p>\n<p data-index=\"22\">Mul\u021bi au apreciat c\u0103 Rom\u00e2nia nu are nevoie de un acord cu FMI.<\/p>\n<p data-index=\"23\">Eu cred c\u0103 sunt multe motive.<\/p>\n<p data-index=\"24\">Prima prioritate trebuie s\u0103 fie consolidarea fiscal\u0103, s\u0103 ie\u0219im din zona asta de fragilitate \u0219i de puternic\u0103 dependen\u021b\u0103 de micile \u00eembun\u0103t\u0103\u021biri \u00een sectorul bugetar, s\u0103 fim mai independen\u021bi de situa\u021bia economic\u0103 din zona euro.<\/p>\n<p data-index=\"25\">Au fost f\u0103cute sacrificii enorme din partea popula\u021biei, cu salarii reduse, cu cre\u0219teri de contribu\u021bii, cu cre\u0219terea TVA.<\/p>\n<p data-index=\"26\">Au fost \u0219i sacrificii politice f\u0103cute de guvernul din acel moment, ar fi p\u0103cat s\u0103 c\u0103dem din nou \u00een dezechilibre.<\/p>\n<p data-index=\"27\"><strong><span>La finalul conferin\u021bei de pres\u0103, Traian B\u0103sescu a fost \u00eentrebat de unde a fost preluat Hayssam, iar pre\u0219edintele a r\u0103spuns:<\/span><\/strong><\/p>\n<p data-index=\"28\"><strong>\u201eAici e cheia, cum s\u0103 v\u0103 spun c\u00e2nd Rom\u00e2nia a efectuat o opera\u021biune neautorizat\u0103 pe teritoriul unui alt stat? Nu v\u0103 pot confirma \u0219i infirma nimic.\u201d<\/strong><\/p>\n<\/div>\n<p> Source URL: https:\/\/www.digi24.ro\/stiri\/actualitate\/politica\/t-basescu-despre-aducerea-lui-omar-hayssam-in-tara-cum-sa-va-spun-cand-romania-a-efectuat-o-operatiune-neautorizata-pe-teritoriul-altui-stat-95229<\/p>\n","protected":false},"excerpt":{"rendered":"<p>Urm\u0103ri\u021bi principalele declara\u021bii ale pre\u0219edintelui \u00een format live-text: Declara\u021bia din aceast\u0103 sear\u0103 vine din nevoia de a face clarific\u0103ri pentru a proteja interesele statului rom\u00e2n pentru c\u0103 \u00een spa\u021biul public s-au pronun\u021bat demnitari, \u0219efi de servicii, fo\u0219ti mini\u0219tri. Sunt lucruri care trebuie clarificate pentru c\u0103 altfel vom fi aprecia\u021bi mai prost dec\u00e2t merit\u0103m, de partenerii [&hellip;]<\/p>\n","protected":false},"author":1,"featured_media":224378,"comment_status":"open","ping_status":"","sticky":false,"template":"","format":"standard","meta":{"footnotes":""},"categories":[2],"tags":[11],"class_list":["post-224377","post","type-post","status-publish","format-standard","has-post-thumbnail","hentry","category-politics","tag-digi24"],"_links":{"self":[{"href":"https:\/\/analyse.optim.biz\/index.php?rest_route=\/wp\/v2\/posts\/224377","targetHints":{"allow":["GET"]}}],"collection":[{"href":"https:\/\/analyse.optim.biz\/index.php?rest_route=\/wp\/v2\/posts"}],"about":[{"href":"https:\/\/analyse.optim.biz\/index.php?rest_route=\/wp\/v2\/types\/post"}],"author":[{"embeddable":true,"href":"https:\/\/analyse.optim.biz\/index.php?rest_route=\/wp\/v2\/users\/1"}],"replies":[{"embeddable":true,"href":"https:\/\/analyse.optim.biz\/index.php?rest_route=%2Fwp%2Fv2%2Fcomments&post=224377"}],"version-history":[{"count":0,"href":"https:\/\/analyse.optim.biz\/index.php?rest_route=\/wp\/v2\/posts\/224377\/revisions"}],"wp:featuredmedia":[{"embeddable":true,"href":"https:\/\/analyse.optim.biz\/index.php?rest_route=\/wp\/v2\/media\/224378"}],"wp:attachment":[{"href":"https:\/\/analyse.optim.biz\/index.php?rest_route=%2Fwp%2Fv2%2Fmedia&parent=224377"}],"wp:term":[{"taxonomy":"category","embeddable":true,"href":"https:\/\/analyse.optim.biz\/index.php?rest_route=%2Fwp%2Fv2%2Fcategories&post=224377"},{"taxonomy":"post_tag","embeddable":true,"href":"https:\/\/analyse.optim.biz\/index.php?rest_route=%2Fwp%2Fv2%2Ftags&post=224377"}],"curies":[{"name":"wp","href":"https:\/\/api.w.org\/{rel}","templated":true}]}}