{"id":224371,"date":"2013-07-20T03:08:47","date_gmt":"2013-07-20T00:08:47","guid":{"rendered":"https:\/\/analyse.optim.biz\/?p=224371"},"modified":"2013-07-20T03:08:47","modified_gmt":"2013-07-20T00:08:47","slug":"vasile-blaga-executia-bugetara-pe-primele-6-luni-demonstreaza-dezastrul-spre-care-se-indreapta-romania","status":"publish","type":"post","link":"https:\/\/analyse.optim.biz\/?p=224371","title":{"rendered":"Vasile Blaga: Execu\u0163ia bugetar\u0103 pe primele 6 luni demonstreaz\u0103 dezastrul spre care se \u00eendreapt\u0103 Rom\u00e2nia"},"content":{"rendered":"<div class=\"entry data-app-meta data-app-meta-article\" data-embed-base-url-canonical=\"https:\/\/www.digi24.ro\/embed\/stiri\/actualitate\/politica\/vasile-blaga-executia-bugetara-pe-primele-6-luni-demonstreaza-dezastrul-spre-care-se-indreapta-romania-95350\">\n<p data-index=\"1\"><img decoding=\"async\" src=\"https:\/\/analyse.optim.biz\/wp-content\/uploads\/2024\/09\/ptgwmczoyxnopty4mwnhztaxmtdjmtbmywm3nzu4mzmyyjllmziwnwex-thumb_.jpg\" data-skip-htmlfix=\"1\" title=\"ptgwmczoyxnopty4mwnhztaxmtdjmtbmywm3nzu4mzmyyjllmziwnwex-thumb_\"><\/p>\n<p data-index=\"2\">Blaga a declarat \u00eentr-o conferin\u0163\u0103 de pres\u0103 c\u0103 tot mai mul\u0163i rom\u00e2ni \u00ee\u015fi pierd locurile de munc\u0103, \u00een condi\u0163iile \u00een care Guvernul a promis crearea unui milion de locuri de munc\u0103.<\/p>\n<p data-index=\"3\">&#8220;Execu\u0163ia bugetar\u0103 pe primele \u015fase luni demonstreaz\u0103 clar dezastrul spre care se \u00eendreapt\u0103 Rom\u00e2nia. Mul\u0163i oameni \u00ee\u015fi pierd locurile de munc\u0103. <strong>\u00cen campania electoral\u0103, USL s-a angajat s\u0103 creeze un milion de locuri de munc\u0103, acum vorbe\u015fte de un milion de locuri de munc\u0103 \u00een opt ani. \u00cen realitate sunt cu 34.000 de locuri de munc\u0103 mai pu\u0163in, \u00een Rom\u00e2nia, \u00een condi\u0163iile \u00een care \u00een aceast\u0103 perioad\u0103 se angajeaz\u0103 sezonieri.<\/strong> Ieri s-au anun\u0163at disponibiliz\u0103ri la Po\u015fta Rom\u00e2n\u0103, nu se \u015ftie c\u00e2\u0163i oameni vor fi da\u0163i afar\u0103 de la CFR. \u00cen \u0163ar\u0103 sunt greve peste tot, vede\u0163i ce se \u00eent\u00e2mpl\u0103 \u00een Valea Jiului. Ponta are for\u0163a de a nu prezenta situa\u0163ia clar\u0103 din \u0163ar\u0103. Ramuri \u00eentregi din economie, din p\u0103cate dispar, uita\u0163i-v\u0103 la metalurgie. Nu se simte bine, din p\u0103cate, Gala\u0163iul, tot ce \u00eenseamn\u0103 industria chimic\u0103 este la p\u0103m\u00e2nt.<strong> Sunt probleme mari \u00een toat\u0103 economia Rom\u00e2niei<\/strong>&#8220;, a declarat Blaga.<\/p>\n<p data-index=\"4\">Liderul democrat-liberal a precizat c\u0103 oamenii din Rom\u00e2nia \u00eencep s\u0103 resimt\u0103 minciunile lui Ponta \u015fi sc\u0103derea nivelului de trai.<\/p>\n<p data-index=\"5\">&#8220;Asta e situa\u0163ia real\u0103 a Rom\u00e2niei, iar <strong>minciunile lui Ponta nu vor mai \u0163ine mult, pentru c\u0103 oamenii simt pe pielea lor nivelul sc\u0103zut de trai, scumpirea gazelor care va trage dup\u0103 ea facturile mari la iarn\u0103<\/strong>&#8220;, a afirmat Blaga.<\/p>\n<h5>PDL sprijin\u0103 \u00a0un nou acord cu FMI<\/h5>\n<p data-index=\"6\">Pre\u015fedintele PDL a mai spus c\u0103 partidul pe care \u00eel conduce sprijin\u0103 un nou acord cu FMI, de\u015fi se afl\u0103 \u00een opozi\u0163ie.<\/p>\n<p data-index=\"7\">&#8220;Ponta se laud\u0103 c\u0103 a \u00eencheiat cu bine acordul cu FMI \u015fi se preg\u0103te\u015fte de un nou acord. <strong>PDL sprijin\u0103 acordul cu FMI, chiar dac\u0103 suntem \u00een opozi\u0163ie, avem nevoie de un nou acord. Este o \u00een\u0163elegere la nivelul Uniunii Europene c\u0103 statelor care au acord cu FMI le va cre\u015fte finan\u0163area european\u0103 de la 85 la 95 la sut\u0103 pe programe opera\u0163ionale, ceea ce \u00eenseamn\u0103 o economie la bugetul de stat<\/strong>&#8220;, a mai spus Blaga. \u00a0<\/p>\n<\/div>\n<p> Source URL: https:\/\/www.digi24.ro\/stiri\/actualitate\/politica\/vasile-blaga-executia-bugetara-pe-primele-6-luni-demonstreaza-dezastrul-spre-care-se-indreapta-romania-95350<\/p>\n","protected":false},"excerpt":{"rendered":"<p>Blaga a declarat \u00eentr-o conferin\u0163\u0103 de pres\u0103 c\u0103 tot mai mul\u0163i rom\u00e2ni \u00ee\u015fi pierd locurile de munc\u0103, \u00een condi\u0163iile \u00een care Guvernul a promis crearea unui milion de locuri de munc\u0103. &#8220;Execu\u0163ia bugetar\u0103 pe primele \u015fase luni demonstreaz\u0103 clar dezastrul spre care se \u00eendreapt\u0103 Rom\u00e2nia. Mul\u0163i oameni \u00ee\u015fi pierd locurile de munc\u0103. \u00cen campania electoral\u0103, [&hellip;]<\/p>\n","protected":false},"author":1,"featured_media":224372,"comment_status":"open","ping_status":"","sticky":false,"template":"","format":"standard","meta":{"footnotes":""},"categories":[2],"tags":[11],"class_list":["post-224371","post","type-post","status-publish","format-standard","has-post-thumbnail","hentry","category-politics","tag-digi24"],"_links":{"self":[{"href":"https:\/\/analyse.optim.biz\/index.php?rest_route=\/wp\/v2\/posts\/224371","targetHints":{"allow":["GET"]}}],"collection":[{"href":"https:\/\/analyse.optim.biz\/index.php?rest_route=\/wp\/v2\/posts"}],"about":[{"href":"https:\/\/analyse.optim.biz\/index.php?rest_route=\/wp\/v2\/types\/post"}],"author":[{"embeddable":true,"href":"https:\/\/analyse.optim.biz\/index.php?rest_route=\/wp\/v2\/users\/1"}],"replies":[{"embeddable":true,"href":"https:\/\/analyse.optim.biz\/index.php?rest_route=%2Fwp%2Fv2%2Fcomments&post=224371"}],"version-history":[{"count":0,"href":"https:\/\/analyse.optim.biz\/index.php?rest_route=\/wp\/v2\/posts\/224371\/revisions"}],"wp:featuredmedia":[{"embeddable":true,"href":"https:\/\/analyse.optim.biz\/index.php?rest_route=\/wp\/v2\/media\/224372"}],"wp:attachment":[{"href":"https:\/\/analyse.optim.biz\/index.php?rest_route=%2Fwp%2Fv2%2Fmedia&parent=224371"}],"wp:term":[{"taxonomy":"category","embeddable":true,"href":"https:\/\/analyse.optim.biz\/index.php?rest_route=%2Fwp%2Fv2%2Fcategories&post=224371"},{"taxonomy":"post_tag","embeddable":true,"href":"https:\/\/analyse.optim.biz\/index.php?rest_route=%2Fwp%2Fv2%2Ftags&post=224371"}],"curies":[{"name":"wp","href":"https:\/\/api.w.org\/{rel}","templated":true}]}}