{"id":224359,"date":"2013-07-20T10:49:46","date_gmt":"2013-07-20T07:49:46","guid":{"rendered":"https:\/\/analyse.optim.biz\/?p=224359"},"modified":"2013-07-20T10:49:46","modified_gmt":"2013-07-20T07:49:46","slug":"traian-basescu-si-crin-antonescu-au-discutat-despre-numirea-lui-ovidiu-silaghi-la-transporturi","status":"publish","type":"post","link":"https:\/\/analyse.optim.biz\/?p=224359","title":{"rendered":"Traian B\u0103sescu \u0219i Crin Antonescu au discutat despre numirea lui Ovidiu Silaghi la Transporturi"},"content":{"rendered":"<div class=\"entry data-app-meta data-app-meta-article\" data-embed-base-url-canonical=\"https:\/\/www.digi24.ro\/embed\/stiri\/actualitate\/politica\/traian-basescu-si-crin-antonescu-au-discutat-despre-numirea-lui-ovidiu-silaghi-la-transporturi-95417\">\n<p data-index=\"1\"><img decoding=\"async\" src=\"https:\/\/analyse.optim.biz\/wp-content\/uploads\/2024\/09\/mdamagfzad1jnmzhmmzmyzbln2zhnwyxztq5yja5otuzzwu4mme4yg-thumb_.jpg\" data-skip-htmlfix=\"1\" title=\"mdamagfzad1jnmzhmmzmyzbln2zhnwyxztq5yja5otuzzwu4mme4yg-thumb_\"><\/p>\n<p data-index=\"2\"><strong>Actualizare 11.25.\u00a0<\/strong>\u201e\u00cen urma acestei \u00eent\u00e2lniri vom avea o decizie referitoare la viitorul ministru al Transporturilor. Propunerea mea o cunoa\u0219te\u021bi, dar fiind vorba despre o decizie politic\u0103, pre\u015fedintele \u021b\u0103rii \u0219i pre\u015fedintele Senatului e bine s\u0103 aib\u0103 o \u00eent\u00e2lnire\u201d, a spus premierul Victor Ponta.<\/p>\n<p data-index=\"3\"><strong>Actualizare 11.19.<\/strong> \u00cent\u00e2lnirea dintre Crin Antonescu \u0219i Traian B\u0103sescu s-a \u00eencheiat.<\/p>\n<p data-index=\"4\">____________<\/p>\n<p data-index=\"5\"><a href=\"https:\/\/www.digi24.ro\/Stiri\/Digi24\/Actualitate\/Politica\/Ovidiu+Silaghi+propus+de+PNL+la+Transporturi\" target=\"_blank\" data-skip-linkfix=\"1\" rel=\"noopener\">Liberalii l-au desemnat s\u0103pt\u0103m\u00e2na aceasta pe Ovidiu Silaghi<\/a> pentru portofoliul Transporturilor, \u00eens\u0103 prim-ministrul a\u0219teapt\u0103 \u00eenc\u0103 un r\u0103spuns de la \u0219eful statului.<\/p>\n<p data-index=\"6\">Traian B\u0103sescu a anun\u021bat c\u0103 ram\u00e2ne \u00een Bucure\u0219ti la acest sf\u00e2r\u0219it de s\u0103pt\u0103m\u00e2n\u0103, de\u0219i inten\u021biona s\u0103 mearg\u0103 pe litoral.<\/p>\n<p data-index=\"7\">Pre\u0219edintele a declarat vineri sear\u0103 c\u0103 <a href=\"https:\/\/www.digi24.ro\/Stiri\/Digi24\/Actualitate\/Politica\/T+Basescu+vrea+sa+vorbeasca+cu+C+Antonescu+despre+numirea+lui+O+\" target=\"_blank\" data-skip-linkfix=\"1\" rel=\"noopener\">ar dori s\u0103 discute cu Crin Antonescu<\/a> despre nominalizarea pentru Ministerul Transporturilor.<\/p>\n<p data-index=\"8\">\u00centrebat despre numirea lui Ovidiu Silaghi \u00een func\u0163ia de ministru al Transporturilor, pre\u015fedintele B\u0103sescu a r\u0103spuns: \u201eS\u0103 vedem, mai reflectez, nu v\u0103 ascund c\u0103 a\u015f vrea foarte mult s\u0103 discut \u015fi cu Crin Antonescu. \u00cen\u0163eleg c\u0103 se \u00eentoarce \u00een acest week-end \u015fi a\u015f vrea s\u0103 g\u0103sim o formul\u0103 care s\u0103 fie bun\u0103. Voi vedea dac\u0103 \u015fi d\u00e2nsul men\u0163ine propunerea, dar a\u015f vrea s\u0103 discut \u015fi cu Crin Antonescu\u201d.<\/p>\n<p data-index=\"9\">Pre\u0219edintele Traian B\u0103sescu ar putea \u021bine cont de problemele de imagine pe care le are Ovidiu Silaghi \u0219i s-ar putea prevala de acestea pentru a refuza eventual semnarea decretului de numire \u00een func\u021bie.<\/p>\n<p data-index=\"10\">Ovidiu Silaghi s-a aflat \u00een proces cu Agen\u021bia Na\u021bional\u0103 de Integritate, care l-a acuzat pe deputatul liberal c\u0103 ar avea o avere nejustificat\u0103 de peste 45.000 de euro.<\/p>\n<p data-index=\"11\">Ovidiu Silaghi sus\u021bine c\u0103 acest proces cu ANI a fost clasat de Curtea de Apel Oradea, \u00eens\u0103 inspectorii ANI mai au o cale de atac, \u0219i anume contenciosul administrativ.<\/p>\n<p data-index=\"12\">Pre\u0219edintele are dreptul, conferit printr-o decizie a Cur\u021bii Constitu\u021bionale s\u0103 refuze o singur\u0103 dat\u0103, motivat, numirea unui ministru. \u00a0<\/p>\n<\/div>\n<p> Source URL: https:\/\/www.digi24.ro\/stiri\/actualitate\/politica\/traian-basescu-si-crin-antonescu-au-discutat-despre-numirea-lui-ovidiu-silaghi-la-transporturi-95417<\/p>\n","protected":false},"excerpt":{"rendered":"<p>Actualizare 11.25.\u00a0\u201e\u00cen urma acestei \u00eent\u00e2lniri vom avea o decizie referitoare la viitorul ministru al Transporturilor. Propunerea mea o cunoa\u0219te\u021bi, dar fiind vorba despre o decizie politic\u0103, pre\u015fedintele \u021b\u0103rii \u0219i pre\u015fedintele Senatului e bine s\u0103 aib\u0103 o \u00eent\u00e2lnire\u201d, a spus premierul Victor Ponta. Actualizare 11.19. \u00cent\u00e2lnirea dintre Crin Antonescu \u0219i Traian B\u0103sescu s-a \u00eencheiat. ____________ Liberalii [&hellip;]<\/p>\n","protected":false},"author":1,"featured_media":224360,"comment_status":"open","ping_status":"","sticky":false,"template":"","format":"standard","meta":{"footnotes":""},"categories":[2],"tags":[11],"class_list":["post-224359","post","type-post","status-publish","format-standard","has-post-thumbnail","hentry","category-politics","tag-digi24"],"_links":{"self":[{"href":"https:\/\/analyse.optim.biz\/index.php?rest_route=\/wp\/v2\/posts\/224359","targetHints":{"allow":["GET"]}}],"collection":[{"href":"https:\/\/analyse.optim.biz\/index.php?rest_route=\/wp\/v2\/posts"}],"about":[{"href":"https:\/\/analyse.optim.biz\/index.php?rest_route=\/wp\/v2\/types\/post"}],"author":[{"embeddable":true,"href":"https:\/\/analyse.optim.biz\/index.php?rest_route=\/wp\/v2\/users\/1"}],"replies":[{"embeddable":true,"href":"https:\/\/analyse.optim.biz\/index.php?rest_route=%2Fwp%2Fv2%2Fcomments&post=224359"}],"version-history":[{"count":0,"href":"https:\/\/analyse.optim.biz\/index.php?rest_route=\/wp\/v2\/posts\/224359\/revisions"}],"wp:featuredmedia":[{"embeddable":true,"href":"https:\/\/analyse.optim.biz\/index.php?rest_route=\/wp\/v2\/media\/224360"}],"wp:attachment":[{"href":"https:\/\/analyse.optim.biz\/index.php?rest_route=%2Fwp%2Fv2%2Fmedia&parent=224359"}],"wp:term":[{"taxonomy":"category","embeddable":true,"href":"https:\/\/analyse.optim.biz\/index.php?rest_route=%2Fwp%2Fv2%2Fcategories&post=224359"},{"taxonomy":"post_tag","embeddable":true,"href":"https:\/\/analyse.optim.biz\/index.php?rest_route=%2Fwp%2Fv2%2Ftags&post=224359"}],"curies":[{"name":"wp","href":"https:\/\/api.w.org\/{rel}","templated":true}]}}