{"id":224348,"date":"2013-07-20T15:00:29","date_gmt":"2013-07-20T12:00:29","guid":{"rendered":"https:\/\/analyse.optim.biz\/?p=224348"},"modified":"2013-07-20T15:00:29","modified_gmt":"2013-07-20T12:00:29","slug":"legea-salarizarii-subiect-de-disputa-intre-presedinte-si-premier","status":"publish","type":"post","link":"https:\/\/analyse.optim.biz\/?p=224348","title":{"rendered":"Legea salariz\u0103rii, subiect de disput\u0103 \u00eentre pre\u0219edinte \u0219i premier"},"content":{"rendered":"<div class=\"entry data-app-meta data-app-meta-article\" data-embed-base-url-canonical=\"https:\/\/www.digi24.ro\/embed\/stiri\/actualitate\/politica\/legea-salarizarii-subiect-de-disputa-intre-presedinte-si-premier-95466\">\n<p data-index=\"1\">Acum trei ani, cabinetul Boc a definitivat legea unic\u0103 a salariz\u0103rii, care a \u015fi fost publicat\u0103 \u00een Monitorul Oficial, dar nu s-a aplicat niciodat\u0103, pentru c\u0103 nu au fost bani la buget. \u00cen urm\u0103 cu dou\u0103 luni, premierul \u00een func\u0163ie a anun\u0163at c\u0103 s-a \u00eenceput lucrul la o nou\u0103 lege a salariz\u0103rii.<\/p>\n<p data-index=\"2\"><strong>\u201e<span>Legea Guvernului Boc, pe l\u00e2ng\u0103 faptul c\u0103 a fost o prostie, din fericire nici nu s-a prea aplicat. Deci nu exist\u0103 \u00een acest moment o salarizare unitar\u0103, exist\u0103 un haos general. \u015ei \u015fti\u0163i foarte bine, salarizarea \u00een domeniul administra\u0163iei publice reprezint\u0103 unul din obiectivele toamnei parlamentare\u201d, a spus Victor Ponta.<\/span><\/strong><\/p>\n<p data-index=\"3\">\u00cen replic\u0103, Traian B\u0103sescu consider\u0103 c\u0103 varianta propus\u0103 de guvernarea Boc are avizul exper\u0163ilor pentru a intra \u00een vigoare.<\/p>\n<p data-index=\"4\"><strong>\u201eTrebuie pus\u0103 \u00een aplicare legea salariz\u0103rii care a fost lucrat\u0103 \u00eempreun\u0103 cu Banca Mondial\u0103 \u015fi care are ni\u015fte criterii care \u00een timp vor duce la raportul de 1 la 5 \u00eentre salariul cel mai mic \u015fi salariul cel mai mare\u201d, <a href=\"https:\/\/www.digi24.ro\/Stiri\/Digi24\/Economie\/Stiri\/Vizita+FMI+Sageti+de+la+Cotroceni+catre+politicieni+pe+legea+sal\" target=\"_blank\" data-skip-linkfix=\"1\" rel=\"noopener\">a explicat pre\u0219edintele<\/a>.<\/strong><\/p>\n<p data-index=\"5\">De fapt, legea cadru redactat\u0103 \u00een 2010 stabilea un raport \u00eentre salariul de baz\u0103 minim \u015fi cel maxim de 1 la 15. Salariul minim pornea la acea vreme de la 600 de lei. Noul proiect \u00een lucru vizeaz\u0103 din start un raport de 1 la 5 \u00eentre cel mai mic \u015fi cel mai mare salariu, pornind de la 800 de lei. Dar mai exist\u0103 o diferen\u0163\u0103: pe l\u00e2ng\u0103 salariul de baz\u0103, bugetarii vor primi \u015fi o sum\u0103 care va varia \u00een func\u0163ie de performan\u0163a profesional\u0103 individual\u0103.<\/p>\n<p data-index=\"6\">\u00cen vechea lege, un prefect era \u00eencadrat cu un coeficient de ierarhizare de 9 puncte \u0219i ar fi trebuit s\u0103 primeasc\u0103 un salariu lunar de 5.400 de lei. Pe acela\u015fi algoritm, un consilier debutant urma s\u0103 primeasc\u0103 \u00een m\u00e2n\u0103 1.062 de lei. Diferen\u0163a dintre coeficien\u0163ii de ierarhizare a celor doi era mai mare de 7 puncte. <\/p>\n<p data-index=\"7\"><strong>\u00cen noua lege a salariz\u0103rii, care va fi gata \u00een toamn\u0103, diferen\u0163a maxim\u0103 va fi de 5 puncte. Asta \u00eenseamn\u0103 c\u0103 vor sc\u0103dea salariile mari \u015fi vor fi majorate cele mici.<\/strong><\/p>\n<p data-index=\"8\"><strong>Citi\u021bi \u0219i:<\/strong><\/p>\n<p data-index=\"9\"><a href=\"https:\/\/www.digi24.ro\/Stiri\/Digi24\/Actualitate\/Social\/Guvernul+a+refuzat+includerea+unui+consultant+international+in+e\" target=\"_blank\" data-skip-linkfix=\"1\" rel=\"noopener\"><strong><span>Guvernul a refuzat includerea unui consultant interna\u0163ional \u00een elaborarea legii salariz\u0103rii unitare. Mariana C\u00e2mpeanu: \u201eNi s-a spus c\u0103 ne putem descurca \u015fi singuri\u201d<\/span><\/strong><\/a><\/p>\n<\/div>\n<p> Source URL: https:\/\/www.digi24.ro\/stiri\/actualitate\/politica\/legea-salarizarii-subiect-de-disputa-intre-presedinte-si-premier-95466<\/p>\n","protected":false},"excerpt":{"rendered":"<p>Acum trei ani, cabinetul Boc a definitivat legea unic\u0103 a salariz\u0103rii, care a \u015fi fost publicat\u0103 \u00een Monitorul Oficial, dar nu s-a aplicat niciodat\u0103, pentru c\u0103 nu au fost bani la buget. \u00cen urm\u0103 cu dou\u0103 luni, premierul \u00een func\u0163ie a anun\u0163at c\u0103 s-a \u00eenceput lucrul la o nou\u0103 lege a salariz\u0103rii. \u201eLegea Guvernului Boc, [&hellip;]<\/p>\n","protected":false},"author":1,"featured_media":224349,"comment_status":"open","ping_status":"","sticky":false,"template":"","format":"standard","meta":{"footnotes":""},"categories":[2],"tags":[11],"class_list":["post-224348","post","type-post","status-publish","format-standard","has-post-thumbnail","hentry","category-politics","tag-digi24"],"_links":{"self":[{"href":"https:\/\/analyse.optim.biz\/index.php?rest_route=\/wp\/v2\/posts\/224348","targetHints":{"allow":["GET"]}}],"collection":[{"href":"https:\/\/analyse.optim.biz\/index.php?rest_route=\/wp\/v2\/posts"}],"about":[{"href":"https:\/\/analyse.optim.biz\/index.php?rest_route=\/wp\/v2\/types\/post"}],"author":[{"embeddable":true,"href":"https:\/\/analyse.optim.biz\/index.php?rest_route=\/wp\/v2\/users\/1"}],"replies":[{"embeddable":true,"href":"https:\/\/analyse.optim.biz\/index.php?rest_route=%2Fwp%2Fv2%2Fcomments&post=224348"}],"version-history":[{"count":0,"href":"https:\/\/analyse.optim.biz\/index.php?rest_route=\/wp\/v2\/posts\/224348\/revisions"}],"wp:featuredmedia":[{"embeddable":true,"href":"https:\/\/analyse.optim.biz\/index.php?rest_route=\/wp\/v2\/media\/224349"}],"wp:attachment":[{"href":"https:\/\/analyse.optim.biz\/index.php?rest_route=%2Fwp%2Fv2%2Fmedia&parent=224348"}],"wp:term":[{"taxonomy":"category","embeddable":true,"href":"https:\/\/analyse.optim.biz\/index.php?rest_route=%2Fwp%2Fv2%2Fcategories&post=224348"},{"taxonomy":"post_tag","embeddable":true,"href":"https:\/\/analyse.optim.biz\/index.php?rest_route=%2Fwp%2Fv2%2Ftags&post=224348"}],"curies":[{"name":"wp","href":"https:\/\/api.w.org\/{rel}","templated":true}]}}