{"id":224337,"date":"2013-07-20T17:40:18","date_gmt":"2013-07-20T14:40:18","guid":{"rendered":"https:\/\/analyse.optim.biz\/?p=224337"},"modified":"2013-07-20T17:40:18","modified_gmt":"2013-07-20T14:40:18","slug":"traian-basescu-a-participat-la-un-targ-traditional-de-sfantul-ilie-in-judetul-arges","status":"publish","type":"post","link":"https:\/\/analyse.optim.biz\/?p=224337","title":{"rendered":"Traian B\u0103sescu a participat la un t\u00e2rg tradi\u021bional de Sf\u00e2ntul Ilie, \u00een jude\u021bul Arge\u0219"},"content":{"rendered":"<div class=\"entry data-app-meta data-app-meta-article\" data-embed-base-url-canonical=\"https:\/\/www.digi24.ro\/embed\/stiri\/actualitate\/politica\/traian-basescu-a-participat-la-un-targ-traditional-de-sfantul-ilie-in-judetul-arges-95495\">\n<p data-index=\"1\">Traian B\u0103sescu a purtat o \u021binut\u0103 lejer\u0103 \u0219i a dat m\u00e2na cu oamenii. De asemenea, el a f\u0103cut \u0219i c\u00e2teva fotografii cu admiratorii s\u0103i.<\/p>\n<p data-index=\"2\">\u201e<span>Eu eram \u00een Bucure\u0219ti, mi-am terminat treaba acum dou\u0103 ore \u015fi am zis, unde beau \u015fi eu o bere. M-am uitat pe invita\u0163ii din apropierea Bucure\u0219tiului \u015fi era Engheni. \u015ei am zis, dau o fug\u0103 p\u00e2n\u0103 la Ungheni, beau o bere \u015fi plec mai departe\u201d, a spus Traian B\u0103sescu.<\/span><\/p>\n<p data-index=\"3\">\u00cenainte s\u0103 se a\u015feze \u00eens\u0103 \u00een fa\u0163a unui pahar de bere, \u00eens\u0103, \u015feful statului a primit de cheia localit\u0103\u0163ii. Apoi, pre\u0163 de c\u00e2teva minute, a dat m\u00e2na cu oamenii \u015fi s-a fotografiat cu admiratorii care au vrut s\u0103 aib\u0103 o amintire cu pre\u015fedintele. P\u00e2n\u0103 s\u0103 ajung\u0103 la Ungheni, la zilele comunei, \u015feful statului a fost la Coste\u015fti, unde avea loc T\u00e2rgul de Sf\u00e2ntul Ilie. Localnicii l-au primit cu aplauze.<\/p>\n<p data-index=\"4\">\u00cent\u00e2lnirea pe care o avea programat\u0103 cu primarii a fost scurt\u0103, pentru c\u0103 \u015feful statului se gr\u0103bea s\u0103 ajung\u0103 la stadion, acolo unde se \u0163inea t\u00e2rgul.<\/p>\n<p data-index=\"5\">\u00centrebat de ce nu exist\u0103 mai multe locuri de munc\u0103, \u015feful statului a r\u0103spus c\u0103 de acest domeniu se ocup\u0103 doar premierul.<\/p>\n<p data-index=\"6\">\u201e<span>A zis prim-ministrul c\u0103 investe\u015fte zece miliarde de euro anul \u0103sta. Deci, o s\u0103 fie locuri de munc\u0103&#8230; dup\u0103 el. Cum vine pe aici, \u00eei cere\u0163i locuri de munc\u0103, c\u0103 el d\u0103\u201d, a mai spus Traian B\u0103sescu.<\/span><\/p>\n<\/div>\n<p> Source URL: https:\/\/www.digi24.ro\/stiri\/actualitate\/politica\/traian-basescu-a-participat-la-un-targ-traditional-de-sfantul-ilie-in-judetul-arges-95495<\/p>\n","protected":false},"excerpt":{"rendered":"<p>Traian B\u0103sescu a purtat o \u021binut\u0103 lejer\u0103 \u0219i a dat m\u00e2na cu oamenii. De asemenea, el a f\u0103cut \u0219i c\u00e2teva fotografii cu admiratorii s\u0103i. \u201eEu eram \u00een Bucure\u0219ti, mi-am terminat treaba acum dou\u0103 ore \u015fi am zis, unde beau \u015fi eu o bere. M-am uitat pe invita\u0163ii din apropierea Bucure\u0219tiului \u015fi era Engheni. \u015ei am [&hellip;]<\/p>\n","protected":false},"author":1,"featured_media":224338,"comment_status":"open","ping_status":"","sticky":false,"template":"","format":"standard","meta":{"footnotes":""},"categories":[2],"tags":[11],"class_list":["post-224337","post","type-post","status-publish","format-standard","has-post-thumbnail","hentry","category-politics","tag-digi24"],"_links":{"self":[{"href":"https:\/\/analyse.optim.biz\/index.php?rest_route=\/wp\/v2\/posts\/224337","targetHints":{"allow":["GET"]}}],"collection":[{"href":"https:\/\/analyse.optim.biz\/index.php?rest_route=\/wp\/v2\/posts"}],"about":[{"href":"https:\/\/analyse.optim.biz\/index.php?rest_route=\/wp\/v2\/types\/post"}],"author":[{"embeddable":true,"href":"https:\/\/analyse.optim.biz\/index.php?rest_route=\/wp\/v2\/users\/1"}],"replies":[{"embeddable":true,"href":"https:\/\/analyse.optim.biz\/index.php?rest_route=%2Fwp%2Fv2%2Fcomments&post=224337"}],"version-history":[{"count":0,"href":"https:\/\/analyse.optim.biz\/index.php?rest_route=\/wp\/v2\/posts\/224337\/revisions"}],"wp:featuredmedia":[{"embeddable":true,"href":"https:\/\/analyse.optim.biz\/index.php?rest_route=\/wp\/v2\/media\/224338"}],"wp:attachment":[{"href":"https:\/\/analyse.optim.biz\/index.php?rest_route=%2Fwp%2Fv2%2Fmedia&parent=224337"}],"wp:term":[{"taxonomy":"category","embeddable":true,"href":"https:\/\/analyse.optim.biz\/index.php?rest_route=%2Fwp%2Fv2%2Fcategories&post=224337"},{"taxonomy":"post_tag","embeddable":true,"href":"https:\/\/analyse.optim.biz\/index.php?rest_route=%2Fwp%2Fv2%2Ftags&post=224337"}],"curies":[{"name":"wp","href":"https:\/\/api.w.org\/{rel}","templated":true}]}}