{"id":224314,"date":"2013-07-20T21:54:50","date_gmt":"2013-07-20T18:54:50","guid":{"rendered":"https:\/\/analyse.optim.biz\/?p=224314"},"modified":"2013-07-20T21:54:50","modified_gmt":"2013-07-20T18:54:50","slug":"c-antonescu-t-basescu-il-lasa-pe-v-ponta-interimar-la-transporturi-45-de-zile","status":"publish","type":"post","link":"https:\/\/analyse.optim.biz\/?p=224314","title":{"rendered":"C. Antonescu: T. B\u0103sescu \u00eel las\u0103 pe V. Ponta interimar la Transporturi 45 de zile"},"content":{"rendered":"<div class=\"entry data-app-meta data-app-meta-article\" data-embed-base-url-canonical=\"https:\/\/www.digi24.ro\/embed\/stiri\/actualitate\/politica\/c-antonescu-t-basescu-il-lasa-pe-v-ponta-interimar-la-transporturi-45-de-zile-95550\">\n<p data-index=\"1\"><img decoding=\"async\" src=\"https:\/\/analyse.optim.biz\/wp-content\/uploads\/2024\/09\/zdc1ztvinduwm2yxoduymwniy2fhmdi4m2y3mtlmmjy-thumb_.jpg\" data-skip-htmlfix=\"1\" title=\"zdc1ztvinduwm2yxoduymwniy2fhmdi4m2y3mtlmmjy-thumb_\"><\/p>\n<p data-index=\"2\">Crin Antonescu a declarat, la un post de televiziune, c\u0103 i-a spus pre\u0219edintelui c\u0103 \u00ee\u0219i men\u0163ine propunerea ca Ovidiu Silaghi s\u0103 fie numit la Ministerul Transporturilor.<\/p>\n<p data-index=\"3\">\u0218eful statului i-a spus c\u0103 \u00eel va l\u0103sa pe Victor Ponta interimar la Transporturi pentru 45 de zile, ca s\u0103 finalizeze <a href=\"https:\/\/www.digi24.ro\/Stiri\/Digi24\/Economie\/Stiri\/Statul+va+primi+banii+pentru+privatizarea+CFR+Marfa+dupa+avizul+\" target=\"_blank\" data-skip-linkfix=\"1\" rel=\"noopener\">privatizarea CFR Marf\u0103<\/a> \u0219i c\u0103, dup\u0103 acest interval, va decide ce face \u00een leg\u0103tur\u0103 cu propunerea lui Ovidiu Silaghi la Transporturi, a relatat Crin Antonescu.<\/p>\n<p data-index=\"4\">El a mai spus c\u0103 a discutat despre acest lucru cu Victor Ponta, iar premierul nu s-a ar\u0103tat surprins de decizia \u015fefului statului.<\/p>\n<p data-index=\"5\">Traian B\u0103sescu s-a \u00eent\u00e2lnit ast\u0103zi cu Crin Antonescu pentru a discuta despre desemnarea noului ministru al Transporturilor. \u00cent\u00e2lnirea a durat aproximativ 40 de minute.<\/p>\n<p data-index=\"6\">Liberalii<a href=\"https:\/\/www.digi24.ro\/Stiri\/Digi24\/Actualitate\/Politica\/Ovidiu+Silaghi+propus+de+PNL+la+Transporturi\" target=\"_blank\" data-skip-linkfix=\"1\" rel=\"noopener\"> l-au desemnat s\u0103pt\u0103m\u00e2na aceasta pe Ovidiu Silaghi<\/a> pentru portofoliul Transporturilor.<\/p>\n<p data-index=\"7\">R\u0103spunz\u00e2nd unei \u00eentreb\u0103ri din partea jurnali\u0219tilor,<a href=\"https:\/\/www.digi24.ro\/Stiri\/Digi24\/Actualitate\/Politica\/T+Basescu+vrea+sa+vorbeasca+cu+C+Antonescu+despre+numirea+lui+O+\" target=\"_blank\" data-skip-linkfix=\"1\" rel=\"noopener\"> Traian B\u0103sescu a declarat:<\/a> \u201eS\u0103 vedem, mai reflectez, nu v\u0103 ascund c\u0103 a\u015f vrea foarte mult s\u0103 discut \u015fi cu Crin Antonescu. \u00cen\u0163eleg c\u0103 se \u00eentoarce \u00een acest week-end \u015fi a\u015f vrea s\u0103 g\u0103sim o formul\u0103 care s\u0103 fie bun\u0103. Voi vedea dac\u0103 \u015fi d\u00e2nsul men\u0163ine propunerea, dar a\u015f vrea s\u0103 discut \u015fi cu Crin Antonescu\u201d.\u00a0<\/p>\n<p data-index=\"8\">Ovidiu Silaghi s-a aflat \u00een proces cu Agen\u021bia Na\u021bional\u0103 de Integritate, care l-a acuzat pe deputatul liberal c\u0103 ar avea o avere nejustificat\u0103 de peste 45.000 de euro.<\/p>\n<p data-index=\"9\">Ovidiu Silaghi sus\u021bine c\u0103 acest proces cu ANI a fost clasat de Curtea de Apel Oradea, \u00eens\u0103 inspectorii ANI mai au o cale de atac, \u0219i anume contenciosul administrativ.<\/p>\n<p data-index=\"10\">Pre\u0219edintele are dreptul, conferit printr-o decizie a Cur\u021bii Constitu\u021bionale s\u0103 refuze o singur\u0103 dat\u0103, motivat, numirea unui ministru. \u00a0<\/p>\n<\/div>\n<p> Source URL: https:\/\/www.digi24.ro\/stiri\/actualitate\/politica\/c-antonescu-t-basescu-il-lasa-pe-v-ponta-interimar-la-transporturi-45-de-zile-95550<\/p>\n","protected":false},"excerpt":{"rendered":"<p>Crin Antonescu a declarat, la un post de televiziune, c\u0103 i-a spus pre\u0219edintelui c\u0103 \u00ee\u0219i men\u0163ine propunerea ca Ovidiu Silaghi s\u0103 fie numit la Ministerul Transporturilor. \u0218eful statului i-a spus c\u0103 \u00eel va l\u0103sa pe Victor Ponta interimar la Transporturi pentru 45 de zile, ca s\u0103 finalizeze privatizarea CFR Marf\u0103 \u0219i c\u0103, dup\u0103 acest interval, [&hellip;]<\/p>\n","protected":false},"author":1,"featured_media":224315,"comment_status":"open","ping_status":"","sticky":false,"template":"","format":"standard","meta":{"footnotes":""},"categories":[2],"tags":[11],"class_list":["post-224314","post","type-post","status-publish","format-standard","has-post-thumbnail","hentry","category-politics","tag-digi24"],"_links":{"self":[{"href":"https:\/\/analyse.optim.biz\/index.php?rest_route=\/wp\/v2\/posts\/224314","targetHints":{"allow":["GET"]}}],"collection":[{"href":"https:\/\/analyse.optim.biz\/index.php?rest_route=\/wp\/v2\/posts"}],"about":[{"href":"https:\/\/analyse.optim.biz\/index.php?rest_route=\/wp\/v2\/types\/post"}],"author":[{"embeddable":true,"href":"https:\/\/analyse.optim.biz\/index.php?rest_route=\/wp\/v2\/users\/1"}],"replies":[{"embeddable":true,"href":"https:\/\/analyse.optim.biz\/index.php?rest_route=%2Fwp%2Fv2%2Fcomments&post=224314"}],"version-history":[{"count":0,"href":"https:\/\/analyse.optim.biz\/index.php?rest_route=\/wp\/v2\/posts\/224314\/revisions"}],"wp:featuredmedia":[{"embeddable":true,"href":"https:\/\/analyse.optim.biz\/index.php?rest_route=\/wp\/v2\/media\/224315"}],"wp:attachment":[{"href":"https:\/\/analyse.optim.biz\/index.php?rest_route=%2Fwp%2Fv2%2Fmedia&parent=224314"}],"wp:term":[{"taxonomy":"category","embeddable":true,"href":"https:\/\/analyse.optim.biz\/index.php?rest_route=%2Fwp%2Fv2%2Fcategories&post=224314"},{"taxonomy":"post_tag","embeddable":true,"href":"https:\/\/analyse.optim.biz\/index.php?rest_route=%2Fwp%2Fv2%2Ftags&post=224314"}],"curies":[{"name":"wp","href":"https:\/\/api.w.org\/{rel}","templated":true}]}}