{"id":224290,"date":"2013-07-21T06:10:00","date_gmt":"2013-07-21T03:10:00","guid":{"rendered":"https:\/\/analyse.optim.biz\/?p=224290"},"modified":"2013-07-21T06:10:00","modified_gmt":"2013-07-21T03:10:00","slug":"manifestatii-anti-regionalizare-10-000-de-maghiari-au-protestat-aseara-in-120-de-localitati-din-tara","status":"publish","type":"post","link":"https:\/\/analyse.optim.biz\/?p=224290","title":{"rendered":"Manifesta\u0163ii anti-regionalizare. 10.000 de maghiari au protestat asear\u0103 \u00een 120 de localit\u0103\u0163i din \u0163ar\u0103"},"content":{"rendered":"<div class=\"entry data-app-meta data-app-meta-article\" data-embed-base-url-canonical=\"https:\/\/www.digi24.ro\/embed\/stiri\/actualitate\/politica\/manifestatii-anti-regionalizare-10-000-de-maghiari-au-protestat-aseara-in-120-de-localitati-din-tara-95591\">\n<p data-index=\"1\"><img decoding=\"async\" src=\"https:\/\/analyse.optim.biz\/wp-content\/uploads\/2024\/09\/ngzimze3ytrintm5ytdkztk0mja4mgnmzjjjowm1mw-thumb_.jpg\" data-skip-htmlfix=\"1\" title=\"ngzimze3ytrintm5ytdkztk0mja4mgnmzjjjowm1mw-thumb_\"><\/p>\n<p data-index=\"2\">700 de maghiari din Sf\u00e2ntu Gheorghe au cerut asear\u0103 \u00eentr-un glas autonomia \u0162inutului Secuiesc. \u201eToate drepturile noastre se administreaz\u0103 din Bucure\u015fti si tot ce realiz\u0103m noi economic se duce la Bucure\u015fti. Vrem s\u0103 administr\u0103m noi, aici&#8221;, a spus unul dintre participan\u0163i.<\/p>\n<p data-index=\"3\">Pre\u015fedintele Partidului Popular al Maghiarilor din Transilvania, Toro Tibor, a cerut ca Rom\u00e2nia s\u0103 fie organizat\u0103 ca un stat federal.<\/p>\n<p data-index=\"4\">\u201e<strong>Cred c\u0103 trebuie s\u0103 cre\u0103m premisele pentru a \u00eencepe un dialog profund \u015fi sincer despre reorganizarea Rom\u00e2niei ca \u015fi stat spre un stat federal, modern \u015fi european<\/strong>\u201d, a declarat <strong>Toro Tibor<\/strong>.<\/p>\n<p data-index=\"5\">\u015ei la Oradea, aproape 300 de maghiari, care au purtat cu ei steagul secuiesc \u015fi pancarte inscrip\u0163ionate cu mesajul \u201eAutonomie&#8221;, au manifestat \u00eemporiva planului de reorganizare administrativ\u0103. Printre ace\u015ftia s-a aflat \u015fi Tokes Laszlo, pre\u0219edintele Consiliului Na\u0163ional al Maghiarilor din Transilvania.<\/p>\n<h5>Tokes: Planurile guvernului au un iz ceau\u015fist<\/h5>\n<p data-index=\"6\">\u201e<strong>Ne prive\u0219te foarte mult orice reorganizare administrativ\u0103, a\u015fa-zisa administrativ\u0103. Aduce\u021bi-v\u0103 aminte de planul lui Ceau\u0219escu din 1968, c\u00e2nd a vrut s\u0103 rup\u0103 secuimea \u00een mai multe p\u0103r\u021bi.<\/strong> Suntem \u00eengrijora\u021bi de planurile guvernului actual, care au un iz post comunist \u015fi chiar ceau\u0219ist\u201d, a afirmat<strong> Tokes<\/strong>.<\/p>\n<p data-index=\"7\">Vicepre\u015fedintele Partidului Popular al Maghiarilor din Transilvania, Gyula Zatyko, a mers \u015fi mai departe afirm\u00e2nd c\u0103 cele opt regiuni pe care le dore\u015fte primul ministru nu vor func\u0163iona \u015fi, \u00een plus, vor aduce mai multe pagub\u0103, \u00een loc s\u0103 ajute.<\/p>\n<p data-index=\"8\">\u201e<strong>N-o s\u0103 func\u0163ioneze cele opt regiuni pe care le dore\u015fte domnul Ponta sau ministeriatul condus de Victor Ponta. Nici acum nu poate s\u0103 absoarb\u0103 fonduri europene. Pur \u0219i simplu este str\u0103in de realit\u0103\u021bile geografice, istorice \u015fi etnice ale \u0163\u0103rii. Pur \u015fi simplu o s\u0103 fac\u0103 mai mult\u0103 pagub\u0103 \u00een loc s\u0103 ajute<\/strong>\u201d, a declarat <strong>Gyula Zatyko<\/strong>.<\/p>\n<p data-index=\"9\">\u00cen schimb, maghiarii sus\u0163in c\u0103 viitoarele regiuni trebuie conturate dup\u0103 modelul vechilor regiuni istorice.<\/p>\n<p data-index=\"10\">\u201e<strong>Avem un proiect, \u00eentregul jude\u021b Bihor, partea de vest a jude\u0163ului S\u0103laj, deci p\u0103r\u0163ile estice care tind c\u0103tre Cluj-Napoca ar apar\u0163ine de regiunea Transilvania de Nord. \u00cen opinia noastr\u0103, \u00eentregul jude\u0163 Satu Mare \u015fi partea de vest a Maramure\u0219ului, care istoric a \u021binut de Satu Mare<\/strong>\u201d, a spus <strong>Csomortanyi Istvan<\/strong>, pre\u0219edintele PPMT filiala Bihor.<\/p>\n<p data-index=\"11\">Protestul a fost organizat simultan \u00een 120 de localit\u0103\u021bi din Rom\u00e2nia \u015fi s-a \u00eencheiat cu intonarea imnului Ungariei.<\/p>\n<\/div>\n<p> Source URL: https:\/\/www.digi24.ro\/stiri\/actualitate\/politica\/manifestatii-anti-regionalizare-10-000-de-maghiari-au-protestat-aseara-in-120-de-localitati-din-tara-95591<\/p>\n","protected":false},"excerpt":{"rendered":"<p>700 de maghiari din Sf\u00e2ntu Gheorghe au cerut asear\u0103 \u00eentr-un glas autonomia \u0162inutului Secuiesc. \u201eToate drepturile noastre se administreaz\u0103 din Bucure\u015fti si tot ce realiz\u0103m noi economic se duce la Bucure\u015fti. Vrem s\u0103 administr\u0103m noi, aici&#8221;, a spus unul dintre participan\u0163i. Pre\u015fedintele Partidului Popular al Maghiarilor din Transilvania, Toro Tibor, a cerut ca Rom\u00e2nia s\u0103 [&hellip;]<\/p>\n","protected":false},"author":1,"featured_media":224291,"comment_status":"open","ping_status":"","sticky":false,"template":"","format":"standard","meta":{"footnotes":""},"categories":[2],"tags":[11],"class_list":["post-224290","post","type-post","status-publish","format-standard","has-post-thumbnail","hentry","category-politics","tag-digi24"],"_links":{"self":[{"href":"https:\/\/analyse.optim.biz\/index.php?rest_route=\/wp\/v2\/posts\/224290","targetHints":{"allow":["GET"]}}],"collection":[{"href":"https:\/\/analyse.optim.biz\/index.php?rest_route=\/wp\/v2\/posts"}],"about":[{"href":"https:\/\/analyse.optim.biz\/index.php?rest_route=\/wp\/v2\/types\/post"}],"author":[{"embeddable":true,"href":"https:\/\/analyse.optim.biz\/index.php?rest_route=\/wp\/v2\/users\/1"}],"replies":[{"embeddable":true,"href":"https:\/\/analyse.optim.biz\/index.php?rest_route=%2Fwp%2Fv2%2Fcomments&post=224290"}],"version-history":[{"count":0,"href":"https:\/\/analyse.optim.biz\/index.php?rest_route=\/wp\/v2\/posts\/224290\/revisions"}],"wp:featuredmedia":[{"embeddable":true,"href":"https:\/\/analyse.optim.biz\/index.php?rest_route=\/wp\/v2\/media\/224291"}],"wp:attachment":[{"href":"https:\/\/analyse.optim.biz\/index.php?rest_route=%2Fwp%2Fv2%2Fmedia&parent=224290"}],"wp:term":[{"taxonomy":"category","embeddable":true,"href":"https:\/\/analyse.optim.biz\/index.php?rest_route=%2Fwp%2Fv2%2Fcategories&post=224290"},{"taxonomy":"post_tag","embeddable":true,"href":"https:\/\/analyse.optim.biz\/index.php?rest_route=%2Fwp%2Fv2%2Ftags&post=224290"}],"curies":[{"name":"wp","href":"https:\/\/api.w.org\/{rel}","templated":true}]}}