{"id":224278,"date":"2013-07-21T16:24:14","date_gmt":"2013-07-21T13:24:14","guid":{"rendered":"https:\/\/analyse.optim.biz\/?p=224278"},"modified":"2013-07-21T16:24:14","modified_gmt":"2013-07-21T13:24:14","slug":"victor-ponta-a-semnat-propunerea-de-numire-a-lui-ovidiu-silaghi-la-transporturi","status":"publish","type":"post","link":"https:\/\/analyse.optim.biz\/?p=224278","title":{"rendered":"Victor Ponta a semnat propunerea de numire a lui Ovidiu Silaghi la Transporturi"},"content":{"rendered":"<div class=\"entry data-app-meta data-app-meta-article\" data-embed-base-url-canonical=\"https:\/\/www.digi24.ro\/embed\/stiri\/actualitate\/politica\/victor-ponta-a-semnat-propunerea-de-numire-a-lui-ovidiu-silaghi-la-transporturi-95742\">\n<p data-index=\"1\"><img decoding=\"async\" src=\"https:\/\/analyse.optim.biz\/wp-content\/uploads\/2024\/09\/anbnjnc9odawjmhhc2g9ndqymwewnge1zdblmznjmmvmntyzyju4ngmyodjhzdi-thumb_.jpg\" data-skip-htmlfix=\"1\" title=\"anbnjnc9odawjmhhc2g9ndqymwewnge1zdblmznjmmvmntyzyju4ngmyodjhzdi-thumb_\"><\/p>\n<p data-index=\"2\">De altfel, <a href=\"https:\/\/www.digi24.ro\/Stiri\/Digi24\/Actualitate\/Politica\/Premierul+Ponta+ii+va+trimite+presedintelui+Basescu+propunerea+d\" target=\"_blank\" data-skip-linkfix=\"1\" rel=\"noopener\">Victor Ponta a anun\u0163at \u00eenc\u0103 de asear\u0103<\/a> c\u0103 \u00eei va transmite pre\u015fedintelui Traian B\u0103sescu aceast\u0103 propunere \u0219i a ad\u0103ugat c\u0103 este posibil ca \u015feful statului, prin am\u00e2narea unui r\u0103spuns, s\u0103 doreasc\u0103 s\u0103 \u00eei fac\u0103 lui un dosar penal pentru ce va face ca ministru interimar.<\/p>\n<p data-index=\"3\">Decizia premierului vine dup\u0103 ce liderul PNL<a href=\"https:\/\/www.digi24.ro\/Stiri\/Digi24\/Actualitate\/Politica\/C+Antonescu+T+Basescu+il+lasa+pe+V+Ponta+interimar+la+Transportu\" target=\"_blank\" data-skip-linkfix=\"1\" rel=\"noopener\"> Crin Antonescu a declarat, s\u00e2mb\u0103t\u0103 sear\u0103<\/a>, c\u0103 pre\u015fedintele Traian B\u0103sescu i-a spus c\u0103 \u00eel las\u0103 pe premierul Victor Ponta interimar 45 de zile la Ministerul Transporturilor, pentru a finaliza privatizarea CFR Marf\u0103.<\/p>\n<p data-index=\"4\">Pre\u0219edintele \u00eel poate men\u021bine \u00een continuare pe Victor Ponta la Ministerul Transporturilor, dat fiind faptul c\u0103 acesta a preluat func\u021bia de ministru interimar acum aproximativ 10 zile \u0219i mai are 35 de zile de interimat, chiar dac\u0103 aceast\u0103 propunere va ajunge m\u00e2ine pe masa pre\u0219edintelui. <\/p>\n<p data-index=\"5\">Traian B\u0103escu poate am\u00e2na luarea unei decizii p\u00e2n\u0103 c\u00e2nd interimatul lui Victor Ponta la Transporturi va lua sf\u00e2r\u0219it.<\/p>\n<\/div>\n<p> Source URL: https:\/\/www.digi24.ro\/stiri\/actualitate\/politica\/victor-ponta-a-semnat-propunerea-de-numire-a-lui-ovidiu-silaghi-la-transporturi-95742<\/p>\n","protected":false},"excerpt":{"rendered":"<p>De altfel, Victor Ponta a anun\u0163at \u00eenc\u0103 de asear\u0103 c\u0103 \u00eei va transmite pre\u015fedintelui Traian B\u0103sescu aceast\u0103 propunere \u0219i a ad\u0103ugat c\u0103 este posibil ca \u015feful statului, prin am\u00e2narea unui r\u0103spuns, s\u0103 doreasc\u0103 s\u0103 \u00eei fac\u0103 lui un dosar penal pentru ce va face ca ministru interimar. Decizia premierului vine dup\u0103 ce liderul PNL Crin [&hellip;]<\/p>\n","protected":false},"author":1,"featured_media":224279,"comment_status":"open","ping_status":"","sticky":false,"template":"","format":"standard","meta":{"footnotes":""},"categories":[2],"tags":[11],"class_list":["post-224278","post","type-post","status-publish","format-standard","has-post-thumbnail","hentry","category-politics","tag-digi24"],"_links":{"self":[{"href":"https:\/\/analyse.optim.biz\/index.php?rest_route=\/wp\/v2\/posts\/224278","targetHints":{"allow":["GET"]}}],"collection":[{"href":"https:\/\/analyse.optim.biz\/index.php?rest_route=\/wp\/v2\/posts"}],"about":[{"href":"https:\/\/analyse.optim.biz\/index.php?rest_route=\/wp\/v2\/types\/post"}],"author":[{"embeddable":true,"href":"https:\/\/analyse.optim.biz\/index.php?rest_route=\/wp\/v2\/users\/1"}],"replies":[{"embeddable":true,"href":"https:\/\/analyse.optim.biz\/index.php?rest_route=%2Fwp%2Fv2%2Fcomments&post=224278"}],"version-history":[{"count":0,"href":"https:\/\/analyse.optim.biz\/index.php?rest_route=\/wp\/v2\/posts\/224278\/revisions"}],"wp:featuredmedia":[{"embeddable":true,"href":"https:\/\/analyse.optim.biz\/index.php?rest_route=\/wp\/v2\/media\/224279"}],"wp:attachment":[{"href":"https:\/\/analyse.optim.biz\/index.php?rest_route=%2Fwp%2Fv2%2Fmedia&parent=224278"}],"wp:term":[{"taxonomy":"category","embeddable":true,"href":"https:\/\/analyse.optim.biz\/index.php?rest_route=%2Fwp%2Fv2%2Fcategories&post=224278"},{"taxonomy":"post_tag","embeddable":true,"href":"https:\/\/analyse.optim.biz\/index.php?rest_route=%2Fwp%2Fv2%2Ftags&post=224278"}],"curies":[{"name":"wp","href":"https:\/\/api.w.org\/{rel}","templated":true}]}}