{"id":224260,"date":"2013-07-21T19:02:30","date_gmt":"2013-07-21T16:02:30","guid":{"rendered":"https:\/\/analyse.optim.biz\/?p=224260"},"modified":"2013-07-21T19:02:30","modified_gmt":"2013-07-21T16:02:30","slug":"cristian-preda-interimatul-la-transporturi-un-test-pentru-victor-ponta","status":"publish","type":"post","link":"https:\/\/analyse.optim.biz\/?p=224260","title":{"rendered":"Cristian Preda: Interimatul la Transporturi, un test pentru Victor Ponta"},"content":{"rendered":"<div class=\"entry data-app-meta data-app-meta-article\" data-embed-base-url-canonical=\"https:\/\/www.digi24.ro\/embed\/stiri\/actualitate\/politica\/cristian-preda-interimatul-la-transporturi-un-test-pentru-victor-ponta-95779\">\n<p data-index=\"1\"><img decoding=\"async\" src=\"https:\/\/analyse.optim.biz\/wp-content\/uploads\/2024\/09\/jnc9odawjmhhc2g9ztvlzwmyngjiogiymthhzguxnmuynjqyngqynzlmyzk-thumb_.jpg\" data-skip-htmlfix=\"1\" title=\"jnc9odawjmhhc2g9ztvlzwmyngjiogiymthhzguxnmuynjqyngqynzlmyzk-thumb_\"><\/p>\n<p data-index=\"2\">\u201e<span>\u00cen timpul interimatului de la Justi\u021bie, dr. Ponta a colaborat cu pre\u0219edintele B\u0103sescu, pentru a numi procurorii de la Parchetul General \u0219i de la DNA. Zilele trecute, dup\u0103 demiterea lui R. Fenechiu, premierul a asumat portofoliul de la Transporturi. Nu mai pare a\u0219a \u00eenc\u00e2ntat ca data trecut\u0103\u201d, scrie Cristian Preda pe <a href=\"http:\/\/cristianpreda.ro\/\" target=\"_blank\" data-skip-linkfix=\"1\" rel=\"noopener\">blogul s\u0103u<\/a>.<\/span><\/p>\n<p data-index=\"3\">\u201e<span>Vestea i-a fost dat\u0103 de C. Antonescu, cel care spunea c\u0103 nu mai calc\u0103 pe la Cotroceni, dar care a fost totu\u0219i acolo, ieri, chemat de T. B\u0103sescu\u201d, mai scrie europarlamentarul.<\/span><\/p>\n<p data-index=\"4\">Acesta comenteaz\u0103 declara\u021bia lui Victor Ponta, potrivit c\u0103ruia am\u00e2narea numirii unui ministru la Transporturi este \u201eun joc periculos\u201d.<\/p>\n<p data-index=\"5\">\u201e<span>Da, fiindc\u0103 e un test. Dac\u0103 Ponta \u00eencheie cu bine \u0219i acest interimat, se va putea spune c\u0103 un ministru \u00een func\u021bie nu e bun de nimic, fiind nevoie ca premierul s\u0103-i \u021bin\u0103 locul pentru ca dosare importante s\u0103 fie \u00eenchise. Dac\u0103 pic\u0103 examnenul, dr. Ponta va ar\u0103ta c\u0103 nu e la nivelul impus de pactul de coabitare. Acesta a fost \u00een\u021beles p\u00e2n\u0103 acum ca un pact de neagresiune, dar pre\u0219edintele vrea s\u0103-l redefineasc\u0103, pentru a fi \u00een\u021beles ca un pact de colaborare \u00een interes public\u201d, arat\u0103 europarlamentarul.<\/span><\/p>\n<p data-index=\"6\">Premierul Victor Ponta<a href=\"https:\/\/www.digi24.ro\/Stiri\/Digi24\/Actualitate\/Politica\/Victor+Ponta+a+semnat+propunerea+de+numire+a+lui+Ovidiu+Silaghi+\" target=\"_blank\" data-skip-linkfix=\"1\" rel=\"noopener\"> a semnat propunerea de numire a lui Ovidiu Silaghi<\/a> pentru func\u021bia de ministru al Transporturilor. Documentul urmeaz\u0103 s\u0103 fie trimis la Palatul Cotroceni, dup\u0103 care pre\u0219edintele trebuie s\u0103 anun\u021be dac\u0103 accept\u0103 sau nu aceast\u0103 nominalizare.<\/p>\n<p data-index=\"7\">De altfel,\u00a0<a href=\"https:\/\/www.digi24.ro\/Stiri\/Digi24\/Actualitate\/Politica\/Premierul+Ponta+ii+va+trimite+presedintelui+Basescu+propunerea+d\" target=\"_blank\" data-skip-linkfix=\"1\" rel=\"noopener\">Victor Ponta a anun\u0163at \u00eenc\u0103 de asear\u0103<\/a>\u00a0c\u0103 \u00eei va transmite pre\u015fedintelui Traian B\u0103sescu aceast\u0103 propunere \u0219i a ad\u0103ugat c\u0103 este posibil ca \u015feful statului, prin am\u00e2narea unui r\u0103spuns, s\u0103 doreasc\u0103 s\u0103 \u00eei fac\u0103 lui un dosar penal pentru ce va face ca ministru interimar.<\/p>\n<p data-index=\"8\">Decizia premierului vine dup\u0103 ce liderul PNL<a href=\"https:\/\/www.digi24.ro\/Stiri\/Digi24\/Actualitate\/Politica\/C+Antonescu+T+Basescu+il+lasa+pe+V+Ponta+interimar+la+Transportu\" target=\"_blank\" data-skip-linkfix=\"1\" rel=\"noopener\">\u00a0Crin Antonescu a declarat, s\u00e2mb\u0103t\u0103 sear\u0103<\/a>, c\u0103 pre\u015fedintele Traian B\u0103sescu i-a spus c\u0103 \u00eel las\u0103 pe premierul Victor Ponta interimar 45 de zile la Ministerul Transporturilor, pentru a finaliza privatizarea CFR Marf\u0103.<\/p>\n<\/div>\n<p> Source URL: https:\/\/www.digi24.ro\/stiri\/actualitate\/politica\/cristian-preda-interimatul-la-transporturi-un-test-pentru-victor-ponta-95779<\/p>\n","protected":false},"excerpt":{"rendered":"<p>\u201e\u00cen timpul interimatului de la Justi\u021bie, dr. Ponta a colaborat cu pre\u0219edintele B\u0103sescu, pentru a numi procurorii de la Parchetul General \u0219i de la DNA. Zilele trecute, dup\u0103 demiterea lui R. Fenechiu, premierul a asumat portofoliul de la Transporturi. Nu mai pare a\u0219a \u00eenc\u00e2ntat ca data trecut\u0103\u201d, scrie Cristian Preda pe blogul s\u0103u. \u201eVestea i-a [&hellip;]<\/p>\n","protected":false},"author":1,"featured_media":224261,"comment_status":"open","ping_status":"","sticky":false,"template":"","format":"standard","meta":{"footnotes":""},"categories":[2],"tags":[11],"class_list":["post-224260","post","type-post","status-publish","format-standard","has-post-thumbnail","hentry","category-politics","tag-digi24"],"_links":{"self":[{"href":"https:\/\/analyse.optim.biz\/index.php?rest_route=\/wp\/v2\/posts\/224260","targetHints":{"allow":["GET"]}}],"collection":[{"href":"https:\/\/analyse.optim.biz\/index.php?rest_route=\/wp\/v2\/posts"}],"about":[{"href":"https:\/\/analyse.optim.biz\/index.php?rest_route=\/wp\/v2\/types\/post"}],"author":[{"embeddable":true,"href":"https:\/\/analyse.optim.biz\/index.php?rest_route=\/wp\/v2\/users\/1"}],"replies":[{"embeddable":true,"href":"https:\/\/analyse.optim.biz\/index.php?rest_route=%2Fwp%2Fv2%2Fcomments&post=224260"}],"version-history":[{"count":0,"href":"https:\/\/analyse.optim.biz\/index.php?rest_route=\/wp\/v2\/posts\/224260\/revisions"}],"wp:featuredmedia":[{"embeddable":true,"href":"https:\/\/analyse.optim.biz\/index.php?rest_route=\/wp\/v2\/media\/224261"}],"wp:attachment":[{"href":"https:\/\/analyse.optim.biz\/index.php?rest_route=%2Fwp%2Fv2%2Fmedia&parent=224260"}],"wp:term":[{"taxonomy":"category","embeddable":true,"href":"https:\/\/analyse.optim.biz\/index.php?rest_route=%2Fwp%2Fv2%2Fcategories&post=224260"},{"taxonomy":"post_tag","embeddable":true,"href":"https:\/\/analyse.optim.biz\/index.php?rest_route=%2Fwp%2Fv2%2Ftags&post=224260"}],"curies":[{"name":"wp","href":"https:\/\/api.w.org\/{rel}","templated":true}]}}