{"id":224249,"date":"2013-07-21T22:49:24","date_gmt":"2013-07-21T19:49:24","guid":{"rendered":"https:\/\/analyse.optim.biz\/?p=224249"},"modified":"2013-07-21T22:49:24","modified_gmt":"2013-07-21T19:49:24","slug":"kilometrul-0-cum-a-afectat-cazul-hayssam-jocul-politic-si-intrarea-romaniei-in-ue-si-in-schengen","status":"publish","type":"post","link":"https:\/\/analyse.optim.biz\/?p=224249","title":{"rendered":"Kilometrul 0. Cum a afectat cazul \u201eHayssam\u201d jocul politic \u0219i intrarea Rom\u00e2niei \u00een UE \u0219i \u00een Schengen"},"content":{"rendered":"<div class=\"entry data-app-meta data-app-meta-article\" data-embed-base-url-canonical=\"https:\/\/www.digi24.ro\/embed\/stiri\/actualitate\/politica\/kilometrul-0-cum-a-afectat-cazul-hayssam-jocul-politic-si-intrarea-romaniei-in-ue-si-in-schengen-95831\">\n<p data-index=\"1\">\u201e<span>Mie mi se pare destul de limpede, din punct de vedere politic, nu din punct de vedere logic. Din punct de vedere logic e o absurditate. Dac\u0103 \u00eentr-adev\u0103r e vorba de o ac\u021biune neautorizat\u0103, atunci cum s\u0103 vin\u0103 \u0219eful statului \u0219i s\u0103 comunice acest lucru f\u0103r\u0103 s\u0103-l oblige nimeni s-o fac\u0103.<\/span><\/p>\n<p data-index=\"2\">Dac\u0103 ve\u021bi revedea modul \u00een care s-a desf\u0103\u0219urat <a href=\"https:\/\/www.digi24.ro\/Stiri\/Digi24\/Actualitate\/Politica\/Traian+Basescu+sustine+o+declaratie+de+presa+la+17+30\" target=\"_blank\" data-skip-linkfix=\"1\" rel=\"noopener\">\u00eentrebarea \u0219i r\u0103spunsul pre\u0219edintelui<\/a>, vedem c\u0103 d\u00e2nsul a lipit pur \u0219i simplu aceast\u0103 informa\u021bie pe care nu i-o cerea nimeni. Putea s\u0103 r\u0103spund\u0103 la \u00eentrebarea jurnalistei c\u0103 e vorba de informa\u021bii confiden\u021biale, nu confirm, nu infirm, nu comentez. \u0218i se trecea mai departe, era absolut \u00een fuirea lucrurilor pentru \u0219eful statului.<\/p>\n<p data-index=\"3\">\u00cens\u0103 domnul pre\u0219edinte a executat aceast\u0103 s\u0103ritur\u0103 calculat\u0103 din baie \u00eentr-un scop politic. Domnia sa este \u00een campanie electoral\u0103, s\u0103 leg\u0103m acest lucru aparent inexplicabil de pild\u0103 de b\u0103ile de mul\u021bime \u0219i de berea de ast\u0103zi \u0219i de trecerea celor 22 de primari la PDL \u0219i, de asemenea, de faptul c\u0103 \u00eei comand\u0103 domnului prim-ministru s\u0103 mai stea la Ministerul Transporturilor ca interimar toate cele 45 de zile. Sunt gesturi menite s\u0103-i consoldieze imaginea domnului pre\u0219edinte\u201d, a declarat Cristian Tudor Popescu.<\/p>\n<p data-index=\"4\">Jurnalistul a ad\u0103ugat c\u0103 declara\u021bia pre\u0219edintelui de vineri sugereaz\u0103 <a href=\"https:\/\/www.digi24.ro\/Stiri\/Digi24\/Actualitate\/Politica\/Premierul+Ponta+ii+va+trimite+presedintelui+Basescu+propunerea+d\" target=\"_blank\" data-skip-linkfix=\"1\" rel=\"noopener\">for\u021barea lui Victor Ponta s\u0103 r\u0103m\u00e2n\u0103 45 de zile interimar la \u0219efia Transporturilor<\/a>.<\/p>\n<p data-index=\"5\">\u201e<span>Ele transmit electoratului faptul c\u0103 Traian B\u0103sescu de\u021bine, \u00eenc\u0103, o putere apreciabil\u0103 \u00een Rom\u00e2nia. Era suficient comunicatul pre\u0219edin\u021biei. Dup\u0103 aceea a \u00eenceput b\u0103t\u0103lia mediatic\u0103 cu domnul premier Ponta, care \u0219i el e \u00een campanie electoral\u0103 \u00een fiecare zi. Dore\u0219te s\u0103-\u0219i men\u021bin\u0103 o imagine de for\u021b\u0103 \u00een fa\u021ba Guvernului, \u00een fa\u021ba popula\u021biei\u201d, a mai spus Cristian Tudor Popescu.<\/span><\/p>\n<p data-index=\"6\">Jurnalistul a afirmat c\u0103 Traian B\u0103sescu \u0219tia c\u0103 PNL \u00ee\u0219i va p\u0103stra propunerea la Ministerul Transporturilor.<\/p>\n<p data-index=\"7\">\u201e<span>Bine\u00een\u021beles c\u0103 \u0219tia c\u0103 \u00ee\u0219i vor p\u0103stra op\u021biunea, c\u0103 nu poate s\u0103 r\u0103stoarne tot Partidul Na\u021bional Liberal \u0219i toat\u0103 re\u021beaua de interese de acolo. Repet, mesajul este c\u0103 uite c\u0103 nu vin eu la ordinul lor s\u0103 fac drep\u021bi \u0219i s\u0103-l pun pe Silaghi c\u00e2nd vor ei, o s\u0103-l pun c\u00e2nd vreau eu\u201d, a ad\u0103ugat el.<\/span><\/p>\n<p data-index=\"8\">Editorialistul Cristian Tudor Popescu considerat c\u0103 \u201eexist\u0103 \u0219anse minime spre nule s\u0103 ne \u00eembog\u0103\u021bim informa\u021bional \u00een urma deten\u021biei lui Omar Hayssam\u201d, el fiind \u201eun mafiot vechi implantat aici, \u00een teritoriul carpato-danubiano-pontic, acum e mai mult teritoriu pontic dec\u00e2t carpato-danubian, \u00eenc\u0103 de pe vremea rela\u021biilor speciale dintre Siria \u0219i Rom\u00e2nia lui Ceau\u0219escu\u201d.<\/p>\n<p data-index=\"9\">\u00cen privin\u021ba c\u00e2\u0219tigurilor politice din urma acestui dosar, ele ar fi minime pentru o parta sau alta, sus\u021bine C.T. Popescu, mai important fiind cum se joac\u0103 politic \u00een jurul acestuia.<\/p>\n<p data-index=\"10\">\u201e<span>Dac\u0103 v\u0103 referi\u021bi la ce dezv\u0103luiri ar putea s\u0103 fac\u0103, la zona afacerilor lui la nivel \u00eenalt, la modul \u00een care au fost recupera\u021bi cei r\u0103pi\u021bi, cum au fost r\u0103pi\u021bi, la episodul ie\u0219irii din \u021bar\u0103, asta ar putea afecta alte zone ale politicului. A\u0219 pune o \u00eentrebare ca la armat\u0103: prin sectorul cui a trecut \u0103sta c\u00e2nd a intrat sau a ie\u0219it\u201d, a conchis Cristian Tudor Popescu.<\/span><\/p>\n<h5><span>Intrarea \u00een Schengen este afectat\u0103 de \u201eie\u0219irile necunoscute\u201d<\/span><\/h5>\n<p data-index=\"11\">Ziaristul le-a adresat invita\u021bilor din platou, C\u0103t\u0103lin Harnagea, fost \u0219ef al Serviciului de Informa\u021bii Externe \u0219i Iulian Chifu, consilier preziden\u021bial, o \u00eentrebare \u0219i anume \u201edac\u0103 ar fi fost de mirare dac\u0103 ni s-ar fi am\u00e2nat \u00een 2007 intrarea \u00een Uniunea European\u0103 \u00een urma celor \u00eent\u00e2mplate cu Omar Hayssam \u00een 2006? Dac\u0103 r\u0103spunsul e da, cum e posibil s\u0103 r\u0103m\u00e2n\u0103 \u00een continuare neexplicat p\u00e2n\u0103 la ultimul detaliu dup\u0103 at\u00e2\u021bia ani?\u201d<\/p>\n<p data-index=\"12\">\u201e<span>Probabil c\u0103 oricum am fi fost accepta\u021bi, dar faptul c\u0103 nu suntem accepta\u021bi \u00een Schengen conteaz\u0103 \u0219i are leg\u0103tur\u0103 cu tot felul de ie\u0219iri din astea necunoscute, neaflate, de oameni cu pedepse \u0219i cu spe\u021be foarte grave, terorismul nu e o spe\u021b\u0103 oarecare\u201d, a r\u0103spuns C\u0103t\u0103lin Harnagea.<\/span><\/p>\n<p data-index=\"13\">\u201e<span>\u00cen 2007 noi am intrat cu un num\u0103r de rezerve. Atunci am avut probleme majore exact pe justi\u021bie, pe corup\u021bie, pe elementele care \u021bineau de statul de drept. Atunci am avut ni\u0219te stegule\u021be ro\u0219ii, le trebuia schimbat\u0103 culoarea, ulterior construit institu\u021bional acele mult hulite institu\u021bii care s\u0103 se ocup\u0103 de corup\u021bii, c\u0103 vorbim de DNA, c\u0103 vorbim de ANI, \u00een a\u0219a fel \u00eenc\u00e2t statul s\u0103 fie \u00eenst\u0103rit\u201d, a ad\u0103ugat Iulian Chifu.<\/span><\/p>\n<p data-index=\"14\">Cristian Tudor Popescu a subliniat faptul c\u0103 Omar Hayssam nu este cel care va spune ce s-a \u00eent\u00e2mplat, neav\u00e2nd niciun interes, el fiind o persoan\u0103 instruit\u0103 \u0219i familiarizat\u0103 cu serviciile secrete \u0219i a ad\u0103ugat c\u0103 trebuie s\u0103 existe voin\u021b\u0103 din partea institu\u021biilor statului pentru a se afla ce s-a \u00eent\u00e2mplat \u00een acest caz.<\/p>\n<\/div>\n<p> Source URL: https:\/\/www.digi24.ro\/stiri\/actualitate\/politica\/kilometrul-0-cum-a-afectat-cazul-hayssam-jocul-politic-si-intrarea-romaniei-in-ue-si-in-schengen-95831<\/p>\n","protected":false},"excerpt":{"rendered":"<p>\u201eMie mi se pare destul de limpede, din punct de vedere politic, nu din punct de vedere logic. Din punct de vedere logic e o absurditate. Dac\u0103 \u00eentr-adev\u0103r e vorba de o ac\u021biune neautorizat\u0103, atunci cum s\u0103 vin\u0103 \u0219eful statului \u0219i s\u0103 comunice acest lucru f\u0103r\u0103 s\u0103-l oblige nimeni s-o fac\u0103. Dac\u0103 ve\u021bi revedea modul [&hellip;]<\/p>\n","protected":false},"author":1,"featured_media":224250,"comment_status":"open","ping_status":"","sticky":false,"template":"","format":"standard","meta":{"footnotes":""},"categories":[2],"tags":[11],"class_list":["post-224249","post","type-post","status-publish","format-standard","has-post-thumbnail","hentry","category-politics","tag-digi24"],"_links":{"self":[{"href":"https:\/\/analyse.optim.biz\/index.php?rest_route=\/wp\/v2\/posts\/224249","targetHints":{"allow":["GET"]}}],"collection":[{"href":"https:\/\/analyse.optim.biz\/index.php?rest_route=\/wp\/v2\/posts"}],"about":[{"href":"https:\/\/analyse.optim.biz\/index.php?rest_route=\/wp\/v2\/types\/post"}],"author":[{"embeddable":true,"href":"https:\/\/analyse.optim.biz\/index.php?rest_route=\/wp\/v2\/users\/1"}],"replies":[{"embeddable":true,"href":"https:\/\/analyse.optim.biz\/index.php?rest_route=%2Fwp%2Fv2%2Fcomments&post=224249"}],"version-history":[{"count":0,"href":"https:\/\/analyse.optim.biz\/index.php?rest_route=\/wp\/v2\/posts\/224249\/revisions"}],"wp:featuredmedia":[{"embeddable":true,"href":"https:\/\/analyse.optim.biz\/index.php?rest_route=\/wp\/v2\/media\/224250"}],"wp:attachment":[{"href":"https:\/\/analyse.optim.biz\/index.php?rest_route=%2Fwp%2Fv2%2Fmedia&parent=224249"}],"wp:term":[{"taxonomy":"category","embeddable":true,"href":"https:\/\/analyse.optim.biz\/index.php?rest_route=%2Fwp%2Fv2%2Fcategories&post=224249"},{"taxonomy":"post_tag","embeddable":true,"href":"https:\/\/analyse.optim.biz\/index.php?rest_route=%2Fwp%2Fv2%2Ftags&post=224249"}],"curies":[{"name":"wp","href":"https:\/\/api.w.org\/{rel}","templated":true}]}}