{"id":224246,"date":"2013-07-22T03:07:50","date_gmt":"2013-07-22T00:07:50","guid":{"rendered":"https:\/\/analyse.optim.biz\/?p=224246"},"modified":"2013-07-22T03:07:50","modified_gmt":"2013-07-22T00:07:50","slug":"zsolt-nemeth-oficial-ungar-tinutul-secuiesc-este-o-regiune-unitara-si-indivizibila","status":"publish","type":"post","link":"https:\/\/analyse.optim.biz\/?p=224246","title":{"rendered":"Zsolt Nemeth, oficial ungar: \u0162inutul Secuiesc este o regiune unitar\u0103 \u015fi indivizibil\u0103"},"content":{"rendered":"<div class=\"entry data-app-meta data-app-meta-article\" data-embed-base-url-canonical=\"https:\/\/www.digi24.ro\/embed\/stiri\/actualitate\/politica\/zsolt-nemeth-oficial-ungar-tinutul-secuiesc-este-o-regiune-unitara-si-indivizibila-95855\">\n<p data-index=\"1\"><img decoding=\"async\" src=\"https:\/\/analyse.optim.biz\/wp-content\/uploads\/2024\/09\/jmhhc2g9ywuxzta5mtexztg3mjnjmwy2njewnje1oti0n2fmzgq-thumb_.jpg\" data-skip-htmlfix=\"1\" title=\"jmhhc2g9ywuxzta5mtexztg3mjnjmwy2njewnje1oti0n2fmzgq-thumb_\"><\/p>\n<p data-index=\"2\">&#8220;Poate c\u0103 noul plan de reorganizare administrativ\u0103 nu ia \u00een calcul acest lucru, \u00eens\u0103 \u0162inutul Secuiesc este o regiune unitar\u0103 \u015fi indivizibil\u0103. Va veni o vreme c\u00e2nd acest lucru va fi recunoscut prin trasarea liniilor de reorganizare administrativ\u0103&#8221;, a spus Zsolt Nemeth, secretar de stat \u00een cadrul Ministerului ungar de Externe, \u00eentr-un discurs sus\u0163inut la inaugurarea unei por\u0163i care marcheaz\u0103 intrarea \u00een \u0162inutul Secuiesc.<\/p>\n<p data-index=\"3\">S\u00eemb\u0103t\u0103, \u00een peste 100 de comunit\u0103\u0163i din Transilvania au avut loc <a href=\"https:\/\/www.digi24.ro\/Stiri\/Digi24\/Actualitate\/Politica\/Manifestatii+anti-regionalizare+10+000+de+maghiari+au+protestat+\" data-skip-linkfix=\"1\">manifesta\u0163ii de protest fa\u0163\u0103 de un proiectul de regionalizare a Rom\u00e2niei<\/a>, la care au participat 10.000 de persoane.<\/p>\n<p data-index=\"4\"><strong>Citi\u0163i \u015fi:<\/strong><\/p>\n<p data-index=\"5\"><strong><a href=\"https:\/\/www.digi24.ro\/Stiri\/Digi24\/Actualitate\/Politica\/Nemeth+Zsolt+Ungaria+sprijina+orice+tendinta+de+protejare+a+inte\" data-skip-linkfix=\"1\">Nemeth Zsolt: Ungaria sprijin\u0103 orice tendin\u0163\u0103 de protejare a intereselor maghiarimii din Ardeal, prin toate posibilit\u0103\u0163ile<\/a><\/strong><\/p>\n<\/div>\n<p> Source URL: https:\/\/www.digi24.ro\/stiri\/actualitate\/politica\/zsolt-nemeth-oficial-ungar-tinutul-secuiesc-este-o-regiune-unitara-si-indivizibila-95855<\/p>\n","protected":false},"excerpt":{"rendered":"<p>&#8220;Poate c\u0103 noul plan de reorganizare administrativ\u0103 nu ia \u00een calcul acest lucru, \u00eens\u0103 \u0162inutul Secuiesc este o regiune unitar\u0103 \u015fi indivizibil\u0103. Va veni o vreme c\u00e2nd acest lucru va fi recunoscut prin trasarea liniilor de reorganizare administrativ\u0103&#8221;, a spus Zsolt Nemeth, secretar de stat \u00een cadrul Ministerului ungar de Externe, \u00eentr-un discurs sus\u0163inut la [&hellip;]<\/p>\n","protected":false},"author":1,"featured_media":224247,"comment_status":"open","ping_status":"","sticky":false,"template":"","format":"standard","meta":{"footnotes":""},"categories":[2],"tags":[11],"class_list":["post-224246","post","type-post","status-publish","format-standard","has-post-thumbnail","hentry","category-politics","tag-digi24"],"_links":{"self":[{"href":"https:\/\/analyse.optim.biz\/index.php?rest_route=\/wp\/v2\/posts\/224246","targetHints":{"allow":["GET"]}}],"collection":[{"href":"https:\/\/analyse.optim.biz\/index.php?rest_route=\/wp\/v2\/posts"}],"about":[{"href":"https:\/\/analyse.optim.biz\/index.php?rest_route=\/wp\/v2\/types\/post"}],"author":[{"embeddable":true,"href":"https:\/\/analyse.optim.biz\/index.php?rest_route=\/wp\/v2\/users\/1"}],"replies":[{"embeddable":true,"href":"https:\/\/analyse.optim.biz\/index.php?rest_route=%2Fwp%2Fv2%2Fcomments&post=224246"}],"version-history":[{"count":0,"href":"https:\/\/analyse.optim.biz\/index.php?rest_route=\/wp\/v2\/posts\/224246\/revisions"}],"wp:featuredmedia":[{"embeddable":true,"href":"https:\/\/analyse.optim.biz\/index.php?rest_route=\/wp\/v2\/media\/224247"}],"wp:attachment":[{"href":"https:\/\/analyse.optim.biz\/index.php?rest_route=%2Fwp%2Fv2%2Fmedia&parent=224246"}],"wp:term":[{"taxonomy":"category","embeddable":true,"href":"https:\/\/analyse.optim.biz\/index.php?rest_route=%2Fwp%2Fv2%2Fcategories&post=224246"},{"taxonomy":"post_tag","embeddable":true,"href":"https:\/\/analyse.optim.biz\/index.php?rest_route=%2Fwp%2Fv2%2Ftags&post=224246"}],"curies":[{"name":"wp","href":"https:\/\/api.w.org\/{rel}","templated":true}]}}