{"id":223977,"date":"2013-07-28T21:49:39","date_gmt":"2013-07-28T18:49:39","guid":{"rendered":"https:\/\/analyse.optim.biz\/?p=223977"},"modified":"2013-07-28T21:49:39","modified_gmt":"2013-07-28T18:49:39","slug":"secretar-de-stat-in-mae-ungar-sprijinim-telurile-udmr-pe-planul-regionalizarii","status":"publish","type":"post","link":"https:\/\/analyse.optim.biz\/?p=223977","title":{"rendered":"Secretar de stat \u00een MAE ungar: \u201eSprijinim \u021belurile UDMR pe planul regionaliz\u0103rii\u201d"},"content":{"rendered":"<div class=\"entry data-app-meta data-app-meta-article\" data-embed-base-url-canonical=\"https:\/\/www.digi24.ro\/embed\/stiri\/actualitate\/politica\/secretar-de-stat-in-mae-ungar-sprijinim-telurile-udmr-pe-planul-regionalizarii-98468\">\n<p data-index=\"1\">Oficialul din Ministerul de Externe al Ungariei, Nemeth Zsolt, prezent la Universitatea de Var\u0103 \u201eBalvanyos\u201d de la Tu\u0219nad, a trecut \u00een revist\u0103 punctele forte \u0219i cele mai pu\u021bin pozitive ale rela\u021biei rom\u00e2no-ungare.<\/p>\n<p data-index=\"2\">Pe un ton optimist, reprezentantul diploma\u021biei de la Budapesta observ\u0103 c\u0103, dup\u0103 \u201ediscu\u021bii destul de aprinse\u201d, \u201eprin atitudinea hot\u0103r\u00e2t\u0103 a primului ministru rom\u00e2n, spiritele s-au calmat \u0219i chestiunea folosirii simbolurilor se \u00eendreapt\u0103 \u00een direc\u021bia unei solu\u021bii care poate fi justificat\u0103 legal \u00een mod satisf\u0103c\u0103tor\u201d.<\/p>\n<p data-index=\"3\"><strong>Participa\u021bi \u00een fiecare an la tab\u0103ra de la Tu\u0219nad. Care este explica\u021bia, de ce considera\u021bi important acest lucru dumneavoastr\u0103 personal \u0219i guvernul ungar, av\u00e2nd \u00een vedere c\u0103 a participat \u0219i premierul?<\/strong><\/p>\n<p data-index=\"4\">Particip \u00een fiecare an la aceast\u0103 tab\u0103r\u0103. Pot spune chiar c\u0103 sunt unul din ini\u021biatorii acestei manifest\u0103ri, \u00eenc\u0103 din decembrie 1989. Atunci am participat la o petrecere, \u00eempreun\u0103 cu un prieten englez, un ziarist, \u0219i cu un maghiar din Transilvania, mai t\u00e2rziu politician. Era la T\u00e2rgu Secuiesc, \u00een zilele euforice ale revolu\u021biei din Rom\u00e2nia. \u00cen zori, pe la 3 &#8211; 4 diminea\u021ba, dup\u0103 ce am baut pu\u021bin\u0103 palinc\u0103, am ajuns la concluzia c\u0103 a sosit timpul ca \u00eentre poporul rom\u00e2n \u0219i cel ungar s\u0103 \u00eenceap\u0103 un dialog, un proces de reconciliere, acesta fiind \u0219i interesul maghiarilor din Transilvania. A\u0219a am organizat prima tab\u0103r\u0103, \u00een vara anului 1990, atunci a luat na\u0219tere \u0219i funda\u021bia Pro Minoritate. Ast\u0103zi este un proces de 25 de ani, o funda\u021bie de 25 de ani, de o v\u00e2rst\u0103 cu schimbarea regimului politic, cu partidul meu, FIDESZ.<\/p>\n<p data-index=\"5\"><strong>Unde a ajuns ast\u0103zi acest proces, reconcilierea rom\u00e2no-ungar\u0103?<\/strong><\/p>\n<p data-index=\"6\">Eu cred c\u0103 avem foarte multe rezultate. Este greu de \u00eenchipuit c\u00e2t de lung este drumul pe care l-am parcurs din 1989 p\u00e2n\u0103 ast\u0103zi. Iar evolu\u021bia a fost deosebit de spectaculoas\u0103 \u00eentre 1996 \u0219i vara anului trecut. A\u0219 putea spune chiar c\u0103 aceast\u0103 perioad\u0103 a fost o lun\u0103 de miere istoric\u0103 \u00een istoria rela\u021biilor rom\u00e2no-ungare. Cele dou\u0103 popoare au \u00eenceput s\u0103 coopereze, au fost demontate \u00een mare m\u0103sur\u0103 stereotipiile, au luat fiin\u021b\u0103 multe institu\u021bii importante, iar anul trecut, \u00een perioada schimb\u0103rii Guvernului s-a produs o anumit\u0103 poticnire. Dar vreau s\u0103 adaug c\u0103 nu doresc s\u0103 dramatizez aceast\u0103 poticnire.<strong> Chiar dac\u0103 mo\u021biunea de cenzur\u0103 care a dus la c\u0103derea Guvernului anterior, a fost Facultatea de Medicin\u0103 de la T\u00e2rgu Mure\u0219, chiar dac\u0103 \u00een chestiunea steagului secuiesc au avut loc polemici aprinse, \u0219i au loc \u0219i pe marginea regionaliz\u0103rii, fundamental, sistemul rela\u021biilor rom\u00e2no-ungare nu a suferit lovituri ireparabile, ireversibile nici \u00een anul care a trecut.<\/strong> Consider c\u0103, \u00een aceasta, un rol foarte important l-au avut cei doi mini\u0219tri de Externe \u0219i cele dou\u0103 ministere de Externe. \u00cen ceea ce m\u0103 prive\u0219te, eu, personal, fac totul ca s\u0103 port un dialog cu partenerii mei din Rom\u00e2nia, s\u0103 merg la Bucure\u0219ti, s\u0103-i invit la Budapesta pe partenerii mei, iar c\u00e2nd ne \u00eent\u00e2lnim la evenimente interna\u021bionale, profit de ocazie ca s\u0103 discut\u0103m. Deci, \u00een total, eu consider c\u0103 rela\u021biile sunt de perspectiv\u0103, pentru c\u0103 interesele noastre coincid pe majoritatea planurilor. Iar rolul nostru este de a \u00een\u021belege aceste interese comune.<\/p>\n<p data-index=\"7\"><strong>Cu toate acestea, niciun reprezentant al MAE rom\u00e2n nu particip\u0103 anul acesta la tab\u0103ra de la Tu\u0219nad. Nu considera\u021bi regretabil acest lucru?<\/strong><\/p>\n<p data-index=\"8\">Ba da, \u00eel consider regretabil. Dar cred c\u0103 acum, motivele sunt legate mai mult de politica intern\u0103 ungar\u0103 \u0219i de rela\u021biile maghiaro-maghiare, dec\u00e2t de rela\u021biile dintre Rom\u00e2nia \u0219i Ungaria.<\/p>\n<p data-index=\"9\"><strong>\u00cen leg\u0103tur\u0103 cu aceasta, primul ministru Victor Ponta a declarat c\u0103 pe baza rezultatelor alegerilor consider\u0103 UDMR ca reprezentant legitim al maghiarilor din Rom\u00e2nia. Cu toate acestea, dvs. ave\u021bi leg\u0103turi mai str\u00e2nse cu Partidul Popular Maghiar din Transilvania (PPMT). De ce?<\/strong><\/p>\n<p data-index=\"10\">Eu a\u0219 spune c\u0103 cei care primesc voturi de la maghiarii din Transilvania sunt legitimi. \u0218i este adev\u0103rat c\u0103 maghiarii voteaz\u0103 cu UDMR \u00een propor\u021bie de 85%, dar \u0219i opozi\u021bia prime\u0219te 15%. Mai mult, \u00een Secuime, aceast\u0103 propor\u021bie dep\u0103\u0219e\u0219te 20%, dac\u0103 ne uit\u0103m la rezultatele alegerilor locale, oricare din ultima vreme. Un rezultat care dep\u0103\u0219e\u0219te 20% \u00eentr-o regiune nu poate fi ignorat. El ofer\u0103 legitimitate. Maghiarii din Transilvania sunt cei care trebuie s\u0103 aleag\u0103. Noi nu dorim s\u0103-i influen\u021b\u0103m pe maghiarii din Transilvania. Aici, la Tu\u0219nad, Viktor Orban s-a \u00eent\u00e2lnit \u0219i cu Kelemen Hunor (pre\u0219edintele UDMR \u2013 n.r.). Kelemen a participat la tab\u0103r\u0103, a \u021binut \u0219i o prezentare. Pre\u0219edintii consiliilor jude\u021bene din Harghita \u0219i Covasna au fost prezen\u021bi. Deci, p\u00e2n\u0103 la urm\u0103, lideri ai UDMR au participat la tab\u0103r\u0103. Consider\u0103m important s\u0103 avem rela\u021bii echilibrate cu fiecare orientare politic\u0103 a maghiarilor din Transilvania.<\/p>\n<p data-index=\"11\"><strong>Conform pozi\u021bei oficiale rom\u00e2ne, protec\u021bia minorit\u0103\u021bii maghiare este asigurat\u0103, drepturile ei sunt respectate. Cum vede Guvernul ungar aceast\u0103 chestiune?<\/strong><\/p>\n<p data-index=\"12\">Sunt dou\u0103 lucruri de subliniat \u00een aceast\u0103 chestiune. Una este ce spun maghiarii din Transilvania, pentru c\u0103 ei sunt contribuabili ai acestei \u021b\u0103ri. Dac\u0103 ei urm\u0103resc ceva, au anumite \u021beluri \u0219i acestea nu sunt \u00een contradic\u021bie cu legea, ci sunt conforme cu normele statului de drept, atunci este vorba de o chestiune democratic\u0103, dac\u0103 aceste \u021beluri sunt \u00eendeplinite. Acesta este un aspect important \u0219i observ c\u0103 maghiarii din Transilvania au multe \u021beluri, fie c\u0103 este vorba de folosirea limbii materne, de educa\u021bie, sau de chestiunea regionaliz\u0103rii. \u00cen ceea ce prive\u0219te principiile constitu\u021bionale, noi, maghiarii, a trebuit s\u0103 \u00eenv\u0103\u021b\u0103m \u00een ultimii 90 de ani cum e c\u00e2nd patria-mam\u0103 men\u021bine rela\u021bii cu p\u0103r\u021bile rupte din trupul na\u021bional. Iar noi vedem c\u0103 \u0219i Guvernul este tot mai empatic, c\u0103 acord\u0103 o aten\u021bie tot mai mare rom\u00e2nilor de peste grani\u021be. Celor din Serbia, sau pot aminti situa\u021bia din Moldova, sau comunit\u0103\u021bile din Ungaria sau Ucraina. Deci observ\u0103m o empatie, o similaritate a situa\u021biilor tot mai mare \u0219i doresc s\u0103 subliniez c\u0103 Constitu\u021bia ungar\u0103 are un pasaj care stipuleaz\u0103 c\u0103 \u021belurile de politic\u0103 extern\u0103 care sunt \u00een conformitate cu normele statului de drept \u0219i sunt promovate de organiza\u021biile legitime, legitimate prin vot, trebuie s\u0103 fie sprijinite de Ungaria. Deci pe acest plan noi nu prea avem spa\u021biu de mi\u0219care. Dac\u0103 organiza\u021biile maghiare legitime de peste grani\u021be \u00ee\u0219i stabilesc un \u021bel, atunci noi le vom sprijini.<\/p>\n<p data-index=\"13\"><strong>Minoritatea rom\u00e2n\u0103 din Ungaria este mult mai redus\u0103 dec\u00e2t cea maghiar\u0103 din Rom\u00e2nia. Prin ce difer\u0103 protec\u021bia drepturilor minorit\u0103\u021bilor din Ungaria?<\/strong><\/p>\n<p data-index=\"14\">Protec\u021bia minorit\u0103\u021bilor din Ungaria a evoluat spectaculos dup\u0103 1990. Politica din domeniul minorit\u0103\u021bilor \u00eenainte de 1990 era o politic\u0103 comunist\u0103. De\u0219i \u00een Ungaria tr\u0103iau minorit\u0103\u021bi \u00eentr-un procent mult mai mic, era o politic\u0103 de asimilare, de omogenizare. La fel cum \u0219i politica de asimilare a regimului Ceau\u0219escu, \u00een cazul maghiarilor, trebuie privit\u0103 ca atare. <strong>Dar dup\u0103 1990 politica ungar\u0103 \u0219i-a dat seama c\u0103 putem fi credibili pe planul drepturilor omului, a minorit\u0103\u021bilor, vom putea aborda credibil aceste aspecte la forumurile interna\u021bionale \u00een sprijinul maghiarilor de peste grani\u021be dac\u0103 \u0219i \u00een Ungaria exist\u0103 o politic\u0103 a minoritatilor de necontestat. A\u0219a c\u0103 \u00een 1993 am adoptat o lege asupra minorit\u0103\u021bilor pe baza unor principii moderne, \u00een spiritul secolului XXI.<\/strong> Esen\u021ba ei este recunoa\u0219terea larg\u0103 a drepturilor colective, respectiv se bazeaza pe drepturile colective, pe \u00eenfiin\u021barea autoguvern\u0103rilor minorit\u0103\u021bilor. Este un sistem bazat pe autonomia cultural\u0103, prin care s-au realizat autoguvern\u0103rile a 13 minorit\u0103\u021bi la nivel local \u0219i na\u021bional. Aceste minorit\u0103\u021bi dispun \u0219i de institu\u021bii proprii \u00een domeniul culturii, al educa\u021biei, al presei, deci \u00een domenii sensibile pentru minorit\u0103\u021bi.<\/p>\n<p data-index=\"15\">Eu cred c\u0103 acest sistem este func\u021bional, c\u0103 a dus la \u00eent\u0103rirea con\u0219tiin\u021bei na\u021bionale a minorit\u0103\u021bilor, num\u0103rul lor a crescut \u00een Ungaria, \u0219i a fost adoptat \u0219i \u00een alte p\u0103r\u021bi. Faptul c\u0103 \u0219i \u00een Serbia exist\u0103 o autonomie cultural\u0103, care ofer\u0103 drepturi similare minorit\u0103\u021bilor de acolo \u0219i de care beneficiaz\u0103 maghiarii din Voivodina, dar \u0219i rom\u00e2nii din Voivodina, semnaleaz\u0103 faptul c\u0103 protec\u021bia drepturilor minorit\u0103\u021bilor din Europa poate \u00eencepe s\u0103 prezinte rezultate foarte importante \u0219i spectaculoase. Men\u021bionez c\u0103 \u0219i UDMR a \u00eenaintat un proiect de lege similar, bazat pe autonomia cultural\u0103 \u0219i sunt \u00eencrez\u0103tor c\u0103 negocierile vor avea succes \u00een politica intern\u0103 din Rom\u00e2nia \u0219i vom putea constata un avans \u0219i pe acest plan. Deci pe scurt, cred c\u0103 sistemul autoguvern\u0103rii minorit\u0103\u021bilor din Ungaria este func\u021bional. Evident, totdeauna este loc de mai bine, nu suntem \u00een comunism s\u0103 putem spune c\u0103 am rezolvat problema minorit\u0103\u021bilor, problema minorit\u0103\u021bilor nu va fi rezolvat\u0103 niciodat\u0103, dar cred c\u0103 prin modele progresive putem \u00eenv\u0103\u021ba unul de la altul, \u0219i putem contribui eficient la r\u0103m\u00e2nerea minorit\u0103\u021bilor \u00een patria natal\u0103.<\/p>\n<p data-index=\"16\"><strong>Cu c\u00e2teva zile \u00een urm\u0103 a\u021bi declarat c\u0103 \u021ainutul Secuiesc este o regiune unitar\u0103 \u0219i indivizibil\u0103. La r\u00e2ndul s\u0103u, secretarul de stat George Ciamba a declarat printr-un comunicat c\u0103 regionalizarea Rom\u00e2niei corespunde normelor europene \u0219i nu are la baz\u0103 ra\u021biuni etnice. Ce p\u0103rere ave\u021bi despre stadiul actual al regionaliz\u0103rii \u0219i despre planurile \u00een acest sens?<\/strong><\/p>\n<p data-index=\"17\">Consider c\u0103 \u021ainutul Secuiesc este o regiune cu totul deosebit\u0103 a Rom\u00e2niei. \u0218i a\u0219a este. Prin cultura, prin bog\u0103\u021biile, prin tradi\u021biile ei este o regiune foarte unitar\u0103, legat\u0103 printr-o identitate aparte. La fel cum \u0219i alte regiuni ale Rom\u00e2niei sunt caracterizate de o identitate foarte puternic\u0103, ceea ce \u00een Europa nu este deloc neobi\u0219nuit. <strong>\u00cen procesul transform\u0103rii administrative cred c\u0103 cel mai important lucru este ca necesit\u0103\u021bile unor mase c\u00e2t mai mari s\u0103 fie satisf\u0103cute pe c\u00e2t posibil \u00eentr-o m\u0103sur\u0103 c\u00e2t mai mare. \u00cen acest proces, noi sprijinim proiectele formulate de reprezentan\u021bii maghiarilor de peste grani\u021be. Pe acest plan nu exist\u0103 diferen\u021be de opinii \u00eentre maghiarii din Transilvania. Sunt pe aceea\u0219i pozi\u021bie \u00een chestiunea modului \u00een care regionalizarea ar trebui f\u0103cut\u0103 \u00een cazul \u021ainutului Secuiesc.<\/strong> De aceea pentru noi nu exist\u0103 dileme deosebite, noi sprijinim de exemplu, ca s\u0103 amintesc un aspect concret, \u021belurile formulate de UDMR pe planul regionaliz\u0103rii. Negocierile sunt \u00een curs \u0219i sunt optimist c\u0103 ele se vor \u00eencheia cu rezultate pozitive. Evident, \u00een lunile urm\u0103toare vor mai avea loc multe schimburi de opinii pe acest subiect, \u0219i dorim mult succes politicienilor rom\u00e2ni.<\/p>\n<p data-index=\"18\"><strong>Dac\u0103 aceste negocieri se vor \u00eencheia, iar rezultatul va fi defavorabil maghiarilor din Transilvania, atunci ce va face, sau ce poate face Guvernul ungar?<\/strong><\/p>\n<p data-index=\"19\">Eu nu \u00eemi pot imagina s\u0103 se \u00eencheie defavorabil pentru maghiari \u0219i nici nu doresc s\u0103 abordez asemenea scenarii. Eu nu sunt un analist politic, nici ziarist, ci om politic, \u0219i pot doar s\u0103 sper c\u0103 vor fi luate \u00een considerare \u00een cel mai serios mod posibil interesele fundamentale \u0219i legitime \u00een Rom\u00e2nia \u00eentr-o chestiune de o asemenea importan\u021b\u0103.<\/p>\n<h5>\u201eExemple negative\u201d \u00een colaborarea transfrontalier\u0103<\/h5>\n<p data-index=\"20\"><strong>\u00cen cursul vizitei dvs. \u00een Rom\u00e2nia din iunie a\u021bi propus \u00eenfiin\u021barea unei comisii mixte transfrontaliere \u0219i a\u021bi \u00eenm\u00e2nat un proiect de acord asupra dezvolt\u0103rii infrastructurii transfrontaliere. Exist\u0103 deja rezultate pe acest plan \u0219i dac\u0103 nu, cum dori\u021bi s\u0103 le promova\u021bi?<\/strong><\/p>\n<p data-index=\"21\">Punctul de plecare al acestora sunt interesele comune de care vorbeam. Iar acestea exist\u0103 nu doar \u00een rela\u021bia rom\u00e2no-ungar\u0103, ci \u00een toat\u0103 Europa Central\u0103. Interesele Europei Centrale ne indic\u0103 faptul c\u0103 aceast\u0103 regiune trebuie modelat\u0103 \u00eentr-o unitate organic\u0103 pentru c\u0103 \u00eempreun\u0103 cont\u0103m, separat nu cont\u0103m prea mult. \u0218i dac\u0103 ne uit\u0103m la discu\u021biile actuale din UE sau chiar la Rusia, la NATO sau la strategia privind Europa a puterilor din Asia, atunci este evident c\u0103 Europa Central\u0103 trebuie s\u0103 \u00ee\u0219i uneasc\u0103 for\u021bele, \u021b\u0103rile de aici trebuie s\u0103 cl\u0103deasc\u0103 Europa Central\u0103. \u00cemi cer scuze c\u0103 \u00eencep de mai departe acest r\u0103spuns, dar cred c\u0103, \u00een acest proces, dezvoltarea economic\u0103 trebuie s\u0103 aib\u0103 rolul cel mai important, dar dezvoltarea regional\u0103 poate fi eficient\u0103, pe baza experien\u021belor interna\u021bionale, dac\u0103 putem realiza o dezvoltare spectaculoas\u0103 a infrastructurii. Pe care am demarat-o deja. Doresc s\u0103 atrag aten\u021bia c\u0103 anumite coridoare transna\u021bionale care leag\u0103 Ungaria de Rom\u00e2nia s-au dezvoltat spectaculos \u00een ultima perioad\u0103, dar pot aminti \u0219i colaborarea \u00een domeniul energetic. A fost realizat\u0103 o conexiune a re\u021belelor de gaz \u00eentre Rom\u00e2nia \u0219i Ungaria, exist\u0103 proiectul AGRI la care particip\u0103 \u00eempreun\u0103 Ungaria \u0219i Rom\u00e2nia. Dar avem \u0219i exemple negative, cel al autostr\u0103zii din nordul Transilvaniei, care din p\u0103cate a fost sistat, \u0219i cred c\u0103 pe termen lung ar fi foarte important ca autostrada din nordul Transilvaniei s\u0103 fie construit\u0103, pentru c\u0103 ar fi o arter\u0103 foarte important\u0103 \u00een contactele dintre Ungaria \u0219i Transilvania de nord. Din aceast\u0103 concep\u021bie ar face parte \u0219i dezvoltarea infrastructurii transfrontaliere. <strong>\u021aelul nostru este ca \u00een anii urm\u0103tori, \u00een perioada 2014-2020 s\u0103 aloc\u0103m resurse substan\u021biale infrastructrii frontaliere. Ungaria sus\u021bine aderarea Rom\u00e2niei la spa\u021biul Schengen \u00een mod continuu, dedicat \u0219i r\u0103spicat de mai mul\u021bi ani.<\/strong> Suntem \u00eencrez\u0103tori c\u0103 acest sprijin va fi \u00eencununat de succes \u0219i atunci va fi cu adev\u0103rat clar de ce este important s\u0103 construim drumuri de biciclete, poduri, drumuri de leg\u0103tur\u0103 secundare, ca s\u0103 facem posibil\u0103 permeabilitatea zonei de frontier\u0103 rom\u00e2no-ungare, prin care se vor putea desf\u0103\u0219ura f\u0103r\u0103 obstacole rela\u021biile eonomice, culturale, umane, familiale. Din aceast\u0103 cauz\u0103 dorim o comisie mixt\u0103 transfrontalier\u0103, \u00een acest scop am \u00eenm\u00e2nat un proiect de acord, \u0219i doresc s\u0103 subliniez c\u0103 acest lucru l-am f\u0103cut \u0219i \u00een rela\u021biile cu alte \u021b\u0103ri, \u0219i am ob\u021binut rezultate foarte spectaculoase \u00een rela\u021bia ungaro-slovac\u0103. Viktor Orban \u0219i Robert Fico au \u00eencheiat de cur\u00e2nd un acord privind dezvoltarea a 25 de puncte de trecere a frontierei \u00een perioada 2014-2020. Dorim un acord similar \u0219i cu Rom\u00e2nia.<\/p>\n<h5>Apreciaz\u0103 atitudinea politicienilor rom\u00e2ni pe planul folosirii simbolurilor maghiare<\/h5>\n<p data-index=\"22\">Pe planul folosirii limbii materne, a simbolurilor, cred c\u0103 Rom\u00e2nia are legi bune, evident, \u0219i \u00een acest domeniu exist\u0103 posibilit\u0103\u021bi pentru noi progrese. Totodat\u0103, pe planul folosirii simbolurilor au avut loc la \u00eenceputul anului discu\u021bii destul de aprinse pe planul politicii interne. Acum, dup\u0103 ce aceste discu\u021bii s-au calmat, doresc s\u0103 transmit politicienilor rom\u00e2ni aprecierea mea. Consider c\u0103 prin atitudinea hot\u0103r\u00e2t\u0103 a primului ministru rom\u00e2n, spiritele s-au calmat, \u0219i observ c\u0103 chestiunea folosirii simbolurilor se \u00eendreapt\u0103 \u00een direc\u021bia unei solu\u021bii care poate fi justificat\u0103 legal \u00een mod satisf\u0103c\u0103tor. Nu doresc s\u0103 intru \u00een detaliile acestui subiect \u00een acest moment. \u00cen privin\u021ba educa\u021biei \u00een limba matern\u0103, aceasta este o problem\u0103 fundamental\u0103 pentru p\u0103strarea identit\u0103\u021bii minorit\u0103\u021bilor, de la \u0219coala general\u0103 la universitate. \u0218i cred c\u0103 pe acest plan, situa\u021bia ofer\u0103 posibilit\u0103\u021bi pentru avansare.<\/p>\n<p data-index=\"23\">Chestiunea universit\u0103\u021bii maghiare finan\u021bate de stat este o problem\u0103 care a\u0219teapt\u0103 o rezolvare de mult timp. Eu v\u0103d c\u0103 pe planul educa\u021biei, \u00een rela\u021biile rom\u00e2no-ungare exist\u0103 progres, exist\u0103 spa\u021biu de mi\u0219care, \u0219i trebuie s\u0103 profit\u0103m de acest lucru c\u00e2t mai mult \u00een perioada urm\u0103toare. Chestiunea regionaliz\u0103rii am discutat-o deja. Comisia mixt\u0103 pentru minorit\u0103\u021bi este forul unde putem aborda aceste probleme \u00een modul cel mai eficient. Eu fac totul pentru ca aceast\u0103 comisie mixt\u0103 s\u0103 \u00ee\u0219i intensifice activitatea, pentru ca pozi\u021bia ambelor p\u0103r\u021bi s\u0103 fie caracterizat\u0103 de sensibilitate, de aten\u021bie, de empatie, \u0219i atunci vom putea g\u0103si solu\u021bii la aceste probleme pe care le-am enumerat.<\/p>\n<h5>\u201eAspectele autonomiei administrative \u0219i teritoriale se leag\u0103 foarte mult de chestiunea regionaliz\u0103rii\u201d<\/h5>\n<p data-index=\"24\"><strong>\u00cen ce m\u0103sur\u0103 ar reprezenta o solu\u021bie pentru acestea realizarea autonomiei, a autonomiei teritoriale?<\/strong><\/p>\n<p data-index=\"25\">Eu cred c\u0103 autonomia este un termen foarte larg \u0219i exist\u0103 multe confuzii legate de autonomie. Am discutat deja chestiunea autonomiei culturale. Eu cred c\u0103 este un prim pas favorabil ca s\u0103 ne obi\u0219nuim cu aceast\u0103 institu\u021bie juridic\u0103 foarte modern\u0103, care \u00een mod evident poate aduce rezultate palpabile. <strong>Aspectele autonomiei administrative \u0219i teritoriale se leag\u0103 foarte mult de chestiunea regionaliz\u0103rii<\/strong>, a transform\u0103rilor administrative, \u00een leg\u0103tur\u0103 cu aceasta mi-am exprimat deja opinia.<\/p>\n<p data-index=\"26\"><strong>Totu\u0219i, \u00een Rom\u00e2nia exist\u0103 temeri conform c\u0103rora dac\u0103 s-ar realiza autonomia \u021ainutului Secuiesc, acest lucru ar putea duce la scindarea acestei regiuni. C\u00e2t de real\u0103 este aceast\u0103 posibilitate?<\/strong><\/p>\n<p data-index=\"27\">Eu cred c\u0103 problema de fond este pe ce baze \u00ee\u0219i formuleaz\u0103 o comunitate acest deziderat. Eu nu am observat deloc astfel de inten\u021bii. <strong>S\u0103 ne uit\u0103m de pild\u0103 la exemplul Tirolului de Sud, la ce a adus autonomia pentru aceast\u0103 regiune.<\/strong> A adus cooperare, \u00eencredere, reconciliere, \u0219i nu \u00een ultimul r\u00e2nd, un nivel de trai mai ridicat. \u0218i peste tot unde s-a reu\u0219it g\u0103sirea unei solu\u021bii pe termen lung la problemele minorit\u0103\u021bilor, aceast\u0103 institu\u021bie a fost folosit\u0103 foarte eficient. Dac\u0103 suntem capabili s\u0103 ne demont\u0103m temerile, atunci cred c\u0103 putem avansa \u00een aceast\u0103 chestiune.<\/p>\n<\/div>\n<p> Source URL: https:\/\/www.digi24.ro\/stiri\/actualitate\/politica\/secretar-de-stat-in-mae-ungar-sprijinim-telurile-udmr-pe-planul-regionalizarii-98468<\/p>\n","protected":false},"excerpt":{"rendered":"<p>Oficialul din Ministerul de Externe al Ungariei, Nemeth Zsolt, prezent la Universitatea de Var\u0103 \u201eBalvanyos\u201d de la Tu\u0219nad, a trecut \u00een revist\u0103 punctele forte \u0219i cele mai pu\u021bin pozitive ale rela\u021biei rom\u00e2no-ungare. Pe un ton optimist, reprezentantul diploma\u021biei de la Budapesta observ\u0103 c\u0103, dup\u0103 \u201ediscu\u021bii destul de aprinse\u201d, \u201eprin atitudinea hot\u0103r\u00e2t\u0103 a primului ministru rom\u00e2n, [&hellip;]<\/p>\n","protected":false},"author":1,"featured_media":223978,"comment_status":"open","ping_status":"","sticky":false,"template":"","format":"standard","meta":{"footnotes":""},"categories":[2],"tags":[11],"class_list":["post-223977","post","type-post","status-publish","format-standard","has-post-thumbnail","hentry","category-politics","tag-digi24"],"_links":{"self":[{"href":"https:\/\/analyse.optim.biz\/index.php?rest_route=\/wp\/v2\/posts\/223977","targetHints":{"allow":["GET"]}}],"collection":[{"href":"https:\/\/analyse.optim.biz\/index.php?rest_route=\/wp\/v2\/posts"}],"about":[{"href":"https:\/\/analyse.optim.biz\/index.php?rest_route=\/wp\/v2\/types\/post"}],"author":[{"embeddable":true,"href":"https:\/\/analyse.optim.biz\/index.php?rest_route=\/wp\/v2\/users\/1"}],"replies":[{"embeddable":true,"href":"https:\/\/analyse.optim.biz\/index.php?rest_route=%2Fwp%2Fv2%2Fcomments&post=223977"}],"version-history":[{"count":0,"href":"https:\/\/analyse.optim.biz\/index.php?rest_route=\/wp\/v2\/posts\/223977\/revisions"}],"wp:featuredmedia":[{"embeddable":true,"href":"https:\/\/analyse.optim.biz\/index.php?rest_route=\/wp\/v2\/media\/223978"}],"wp:attachment":[{"href":"https:\/\/analyse.optim.biz\/index.php?rest_route=%2Fwp%2Fv2%2Fmedia&parent=223977"}],"wp:term":[{"taxonomy":"category","embeddable":true,"href":"https:\/\/analyse.optim.biz\/index.php?rest_route=%2Fwp%2Fv2%2Fcategories&post=223977"},{"taxonomy":"post_tag","embeddable":true,"href":"https:\/\/analyse.optim.biz\/index.php?rest_route=%2Fwp%2Fv2%2Ftags&post=223977"}],"curies":[{"name":"wp","href":"https:\/\/api.w.org\/{rel}","templated":true}]}}