{"id":223963,"date":"2013-07-29T11:21:50","date_gmt":"2013-07-29T08:21:50","guid":{"rendered":"https:\/\/analyse.optim.biz\/?p=223963"},"modified":"2013-07-29T11:21:50","modified_gmt":"2013-07-29T08:21:50","slug":"v-ponta-despre-privatizarea-cfr-marfa-si-eu-am-primit-informari-de-la-servicii-legate-de-participanti-nu-am-informatii-ca-s-ar-comite-ceva-ilegal","status":"publish","type":"post","link":"https:\/\/analyse.optim.biz\/?p=223963","title":{"rendered":"V. Ponta, despre privatizarea CFR Marf\u0103: \u201e\u0218i eu am primit inform\u0103ri de la servicii, legate de participan\u021bi. Nu am informa\u021bii c\u0103 s-ar comite ceva ilegal\u201d"},"content":{"rendered":"<div class=\"entry data-app-meta data-app-meta-article\" data-embed-base-url-canonical=\"https:\/\/www.digi24.ro\/embed\/stiri\/actualitate\/politica\/v-ponta-despre-privatizarea-cfr-marfa-si-eu-am-primit-informari-de-la-servicii-legate-de-participanti-nu-am-informatii-ca-s-ar-comite-ceva-ilegal-98598\">\n<p data-index=\"1\"><img decoding=\"async\" src=\"https:\/\/analyse.optim.biz\/wp-content\/uploads\/2024\/09\/zyz3ptgwmczoyxnoptdiywiwzwe2mzbkmgnkzmnkzjk5otliymu0mmezmmi3-thumb_.jpg\" data-skip-htmlfix=\"1\" title=\"zyz3ptgwmczoyxnoptdiywiwzwe2mzbkmgnkzmnkzjk5otliymu0mmezmmi3-thumb_\"><\/p>\n<p data-index=\"2\">\u0218eful Executivul a declarat duminic\u0103 seara, \u00eentr-o emisiunea televizat\u0103, c\u0103 nu are informa\u021bii \u201ec\u0103 s-ar fi comis sau se preg\u0103te\u015fte comiterea unor fapte prev\u0103zute de legea penal\u0103\u201d \u00een cadrul procedurii de provatizare a CFR Marf\u0103. Afirma\u021biile vin \u00een contextul \u00een care \u0219eful statului \u0219i-a exprimat public \u00eengrijorarea fa\u021b\u0103 de succesul procesuluid e privatizare.<\/p>\n<p data-index=\"3\"><strong>\u201e\u00cengrijorarea mea cu privire la CFR Marf\u0103, mai vine dintr-o direc\u021bie. \u0218tiu c\u0103 <a href=\"https:\/\/www.digi24.ro\/Stiri\/Digi24\/Actualitate\/Stiri\/Declaratie+de+presa+a+presedintelui+de+la+ora+18+00\" target=\"_blank\" data-skip-linkfix=\"1\" rel=\"noopener\">cel care a c\u00e2\u0219tigat caut\u0103, cu oarecare disperare, bani la b\u0103nci, pentru a pl\u0103ti valoarea la care s-a negociat privatizarea<\/a>. Marea mea problem\u0103 este c\u0103 \u0219tiind despre c\u00e2\u0219tig\u0103tor c\u0103 are anumite credite pe propria companie \u0219i c\u0103 acum trebuie s\u0103 \u00eemprumute circa 200 de milioane s\u0103 pl\u0103teasc\u0103 noua companie, din ce va face investi\u021bii s\u0103 modernizeze CFR Marf\u0103?<\/strong> A\u0219a s-a stabilit \u00een CSAT, s\u0103 se fac\u0103 o privatizare cu un investitor strategic. Dac\u0103 \u00een momentul de fa\u021b\u0103 investitorul \u00eemprumut\u0103 bani ca s\u0103 poat\u0103 pl\u0103ti compania \u0219i nu-i g\u0103se\u0219te, cel pu\u021bin p\u00e2n\u0103 \u00een momentul de fa\u021b\u0103, de unde o s\u0103 ia bani pentru modernizarea companiei?\u201d, spunea Traian B\u0103sescu s\u0103pt\u0103m\u00e2na trecut\u0103.<\/p>\n<p data-index=\"4\">\u00centrebat dac\u0103 b\u0103nuie\u0219te c\u0103 pre\u015fedintele ia informa\u0163ii de la servicii, conform c\u0103rora Gruia Stoica ar vrea \u201es\u0103 taie vagoanele, s\u0103 le dea la fier vechi\u201d, Victor Ponta a r\u0103spuns: <strong>\u201e\u015ei eu am primit de la structurile de informa\u0163ii, am primit, pe tot parcursul desf\u0103\u015fur\u0103rii procedurii, inform\u0103ri legate de participan\u0163i, c\u0103 au fost trei participan\u0163i, de toate celelalte lucruri. Nici una din acele informa\u0163ii nu a dus la faptul c\u0103 s-ar comite ceva ilegal,<\/strong> inclusiv povestea aia, pe care cred c\u0103 tot pre\u015fedintele a aruncat-o sau unul din oamenii pre\u015fedintelui \u015fi dup\u0103 aia el a sus\u0163inut-o, c\u0103 s-au \u015fters datorii ulterior. S-a dovedit imediat, cu hot\u0103r\u00e2rea de guvern prin care s-a aprobat strategia de privatizare, c\u0103 era de la \u00eenceput chestia cu \u015ftergerea, de fapt nu \u015ftergerea, ci conversia \u00een ac\u0163iuni a crean\u0163elor sale\u201d.<\/p>\n<p data-index=\"5\">Rugat s\u0103 confirme c\u0103 Gruia Stoica e \u201ecurat\u201d, din punctul \u0103sta de vedere, \u0219i \u201ec\u0103 vrea s\u0103 fac\u0103 o afacere cinstit\u0103\u201d, premierul a precizat: \u201eAten\u0163ie, sunt foarte atent pe ceea ce spun. <strong>Nu am informa\u0163ii c\u0103 s-ar fi comis sau se preg\u0103te\u015fte comiterea unor fapte prev\u0103zute de legea penal\u0103. \u00cen rest&#8230; (&#8230;) \u00cen leg\u0103tur\u0103 cu privatizarea, sigur, \u00een leg\u0103tur\u0103 cu privatizarea CFR Marf\u0103. A\u015fa, oricare dintre noi, \u015fi dumneavoastr\u0103 \u015fi eu am trecut pe ro\u015fu&#8230; (&#8230;) Eu vorbesc de faptul c\u0103 nu am nici un fel de informa\u0163ii de la vreo structur\u0103 a statului rom\u00e2n din care s\u0103 rezulte c\u0103 s-a comis sau urmeaz\u0103 s\u0103 se comit\u0103 o fapt\u0103 penal\u0103<\/strong> \u00een leg\u0103tur\u0103 cu&#8230;\u201d, a subliniat premierului, conform <a href=\"http:\/\/gov.ro\/participarea-premierului-victor-ponta-la-emisiunea-ultima-ora-la-postul-de-televiziune-romania-tv__l1a120631.html\" target=\"_blank\" data-skip-linkfix=\"1\" rel=\"noopener\">transcriptului de pe site-ul Guvernului<\/a>.<\/p>\n<p data-index=\"6\">El a afirmat c\u0103 este de p\u0103rere c\u0103 pre\u0219edintele \u201eblufeaz\u0103\u201d, nu c\u0103 ar primi altfel de informa\u0163ii.<\/p>\n<h5>Mai func\u021bioneaz\u0103 coabitarea?<\/h5>\n<p data-index=\"7\">\u00cen acest context al declara\u021biilor tensionate, premierul Victor Ponta a declarat c\u0103 \u0219eful statului nu mai respect\u0103 pactul de coabitare, \u00eencheiat la finalul anului trecut.<\/p>\n<p data-index=\"8\">\u201eDin punctul meu de vedere, eu \u00eemi respect \u00een continuare toate obliga\u0163iile care \u00eemi revin, vorbesc de obliga\u0163ii institu\u0163ionale. Nu voi bloca \u00een niciun fel activitatea pre\u015fedintelui, nu \u00eemi asum atribu\u0163ii care revin constitu\u0163ional pre\u015fedintelui, chiar \u015fi \u00een condi\u0163iile \u00een care, \u00een ultima perioad\u0103, <strong>pre\u015fedintele n-a mai respectat nimic din acordul respectiv<\/strong>\u201d, a spus premierul \u00een emisiunea televizat\u0103.<\/p>\n<p data-index=\"9\">\u201ePutem s\u0103 facem \u015fi analiza pe text. E vorba despre faptul c\u0103 acest acord, h\u00e2rtia era mai pu\u0163in, p\u00e2n\u0103 la urm\u0103, important\u0103. Important era urm\u0103torul lucru: domnule, tu, pre\u015fedintele, \u00ee\u0163i vezi de treburile pre\u015fedintelui, nu te mai bagi toat\u0103 ziua peste guvern, iar eu, guvernul, de\u015fi n-ai legitimitate, pentru c\u0103 au votat 90% s\u0103 pleci, <strong>eu accept c\u0103, pentru stabilitatea noastr\u0103 institu\u0163ional\u0103, \u00ee\u0163i termini mandatul lini\u015ftit \u015fi \u00ee\u0163i efectuezi toate atribu\u0163iile tale constitu\u0163ionale, pe care nu le-am contestat \u015fi nu am vrut s\u0103 le uzurp \u00eentr-un vreun fel. \u00cen momentul \u00een care pre\u015fedintele, \u00een ultima perioad\u0103, din considerente strict politico-electorale, de\u015fi n-avem alegeri imediat, \u00ee\u015fi face el un alt partid sau vrea s\u0103-i omoare pe PDL, foarte bine &#8211; aici nu pot dec\u00e2t s\u0103-l felicit pentru asta, c\u0103 un partid mai penibil dec\u00e2t cel condus de Blaga n-am v\u0103zut \u00een 23 de ani \u00een Rom\u00e2nia, \u015fi un lider mai penibil &#8211; aici \u00eel \u00eencurajez, foarte bine, s\u0103-l omoare pe Blaga -, dar \u00een momentul \u00een care pentru acest motiv al t\u0103u, c\u0103 n-are nicio leg\u0103tur\u0103 cu nimic altceva, dec\u00e2t cu partea cum \u00ee\u015fi face partidul, te apuci toat\u0103 ziua \u015fi \u00eemi spui c\u0103 nu e bun cu CFR Marf\u0103<\/strong>\u201d, a spus Victor Ponta.<\/p>\n<h5>Insist\u0103 asupra avizului CSAT<\/h5>\n<p data-index=\"10\">Referindu-se la solicitarea ca acest contract de privatizare s\u0103 fia avizat \u00een Consiliul Superm de Ap\u0103rare a \u021a\u0103rii, \u0219eful Executivului a insistat c\u0103 acest for a avizat deja \u00een trei r\u00e2nduri etape ale acestei privatiz\u0103ri. <strong>\u201eDe\u015fi ai aprobat tu de trei ori \u00een CSAT, tu, pre\u015fedintele \u0163\u0103rii, \u015fi pe vremea lui Ungureanu. (&#8230;) Aten\u0163ie, nu doar a dat un aviz. De exemplu, Ungureanu a propus s\u0103 v\u00e2nd\u0103 20% din CFR Marf\u0103, s-a dus \u00een CSAT \u015fi pre\u015fedintele a zis: Nu, 51 la sut\u0103 s\u0103 vinde\u0163i. (&#8230;) A\u015fa a fost propunerea atunci. Noi am avut scrisoarea de inten\u0163ie ini\u0163ial\u0103, discu\u0163iile&#8230; Pre\u015fedintele a fost tot timpul \u00een CSAT, tot timpul implicat \u00een privatizarea CFR Marf\u0103. De trei ori a fost pe ordinea de zi. N-a scos-o niciodat\u0103\u201d<\/strong>, a detaliat premierul.<\/p>\n<p data-index=\"11\"><a href=\"https:\/\/www.digi24.ro\/Stiri\/Digi24\/Economie\/Stiri\/Victor+Ponta+Aprobam+astazi+proiectul+de+privatizare+a+CFR+Marfa\" target=\"_blank\" data-skip-linkfix=\"1\" rel=\"noopener\">Proiectul de hot\u0103r\u00e2re de Guvern privind aprobarea contractului cu GFR pentru pachetul majoritar de ac\u0163iuni al CFR Marf\u0103 a fost aprobat<\/a> s\u0103pt\u0103m\u00e2na trecut\u0103 \u00een \u0219edin\u021ba de Guvern. Premierul a ad\u0103ugat atuncic\u0103 va trimite hot\u0103r\u00e2rea c\u0103tre CSAT.\u00a0<\/p>\n<p data-index=\"12\">Solicitarea a provocat <a href=\"https:\/\/www.digi24.ro\/Stiri\/Digi24\/Economie\/Stiri\/Presedintia+CSAT+nu+a+avizat+niciodata+un+contract+de+privatizar\" target=\"_blank\" data-skip-linkfix=\"1\" rel=\"noopener\">un schimbul de replici \u00eentre pre\u015fedin\u0163ie \u015fi Guvern<\/a> privind rolul Consiliului Suprem de Ap\u0103rare a \u021a\u0103rii (CSAT) \u00een privatizarea CFR Marf\u0103. Pre\u015fedin\u0163ia a transmis c\u0103 CSAT nu a avizat niciodat\u0103 un contract de privatizare dup\u0103 \u00eencheierea procesului de licita\u021bie, acest lucru neintr\u00e2nd \u00een atribu\u021biile CSAT. La scurt timp, Guvernul l-a contrazis, iar premierul spunea, s\u0103pt\u0103m\u00e2na trecut\u0103, c\u0103 <a href=\"https:\/\/www.digi24.ro\/Stiri\/Digi24\/Economie\/Stiri\/Victor+Ponta+Daca+CSAT+nu+avizeaza+privatizarea+CFR+Marfa+nu+fac\" target=\"_blank\" data-skip-linkfix=\"1\" rel=\"noopener\">\u201edac\u0103 CSAT nu va aviza privatizarea CFR Marf\u0103, nu facem privatizarea\u201d<\/a>.<\/p>\n<p data-index=\"13\">\u201ePrima dat\u0103 cu scrisoarea de inten\u0163ie a guvernului Ungureanu, pentru c\u0103 guvernul Ungureanu a propus s\u0103 v\u00e2nd\u0103 CFR Marf\u0103, nu guvernul Ponta. Noi am preluat o obliga\u0163ie. A doua oar\u0103, cred c\u0103 \u00een octombrie, c\u00e2nd erau alegeri \u015fi domnia sa a zis: Domnule, sunt alegeri, ia s\u0103 m\u0103 opun eu la privatizarea CFR Marf\u0103, c\u0103 poate mai cre\u015fte PDL. N-a crescut. Dup\u0103 care, au trecut alegerile, \u015fi \u00een februarie ne-a dat iar\u0103\u015fi aviz. Acum lucrurile stau \u00een felul urm\u0103tor: s-a \u00eencheiat, pe baza avizului dat de CSAT, pentru c\u0103 CFR Marf\u0103 este o companie strategic\u0103, s-a \u00eencheiat o procedur\u0103. \u00cen mod normal, m\u0103car s\u0103 informezi CSAT, c\u0103 nu po\u0163i s\u0103 zici: Domnule, \u0163i-am dat aviz \u015fi dup\u0103 aia, nu m\u0103 mai intereseaz\u0103. Dac\u0103 nu cumva, chiar, dac\u0103 ai ni\u015fte elemente pe care eu nu le am, c\u0103 c\u00e2\u015ftig\u0103torul e, nu \u015ftiu, e neserios sau nu \u015ftiu ce face&#8230;\u201d, a precizat \u0219eful Executivului.<\/p>\n<p data-index=\"14\">\u201eSingura vin\u0103 a noastr\u0103, a tuturor rom\u00e2nilor, este c\u0103 avem un pre\u015fedinte care are el o problem\u0103 cu un partid al lui, \u015fi atunci iese pe la televizor. Aici nu exist\u0103 dec\u00e2t dou\u0103 variante: ori \u00ee\u0163i asumi, \u00een CSAT, \u00eentr-o institu\u0163ie, nu din gur\u0103, \u00ee\u0163i asumi: Domnule, e o problem\u0103 cu privatizarea, e\u015fti pre\u015fedintele \u0163\u0103rii. Nu po\u0163i s\u0103 spui: Ia, c\u0103 v\u0103 las eu a\u015fa, s\u0103 face\u0163i voi, s\u0103 gre\u015fi\u0163i \u015fi dup\u0103 aia vin eu \u015fi&#8230; P\u0103i, asta e la gr\u0103dini\u0163\u0103. Nu po\u0163i s\u0103 zici: \u201eStai c\u0103 te las \u00eent\u00e2i s\u0103 faci ceva r\u0103u \u015fi dup\u0103 aia&#8230; Nu, domnule, ai o responsabilitate \u00een fa\u0163a acestei \u0163\u0103ri. Dac\u0103 tu \u015ftii ceva, eu, guvernul, eu nu \u015ftiu, n-am fost \u00een\u015ftiin\u0163at c\u0103 cump\u0103r\u0103torul e un om r\u0103u, care nu \u015ftiu ce face\u201d, a afirmat Victor Ponta.<\/p>\n<p data-index=\"15\">\u00centrebat ce vrea s\u0103 sugereze, \u0219eful Executivului a r\u0103spuns: \u201eAici sugerez faptul c\u0103 ori pre\u015fedintele vorbe\u015fte, nebaz\u00e2ndu-se pe nimic&#8230;\u201d<\/p>\n<p data-index=\"16\"><strong>M\u0103d\u0103lina Prundea<\/strong><\/p>\n<\/div>\n<p> Source URL: https:\/\/www.digi24.ro\/stiri\/actualitate\/politica\/v-ponta-despre-privatizarea-cfr-marfa-si-eu-am-primit-informari-de-la-servicii-legate-de-participanti-nu-am-informatii-ca-s-ar-comite-ceva-ilegal-98598<\/p>\n","protected":false},"excerpt":{"rendered":"<p>\u0218eful Executivul a declarat duminic\u0103 seara, \u00eentr-o emisiunea televizat\u0103, c\u0103 nu are informa\u021bii \u201ec\u0103 s-ar fi comis sau se preg\u0103te\u015fte comiterea unor fapte prev\u0103zute de legea penal\u0103\u201d \u00een cadrul procedurii de provatizare a CFR Marf\u0103. Afirma\u021biile vin \u00een contextul \u00een care \u0219eful statului \u0219i-a exprimat public \u00eengrijorarea fa\u021b\u0103 de succesul procesuluid e privatizare. \u201e\u00cengrijorarea mea [&hellip;]<\/p>\n","protected":false},"author":1,"featured_media":223964,"comment_status":"open","ping_status":"","sticky":false,"template":"","format":"standard","meta":{"footnotes":""},"categories":[2],"tags":[11],"class_list":["post-223963","post","type-post","status-publish","format-standard","has-post-thumbnail","hentry","category-politics","tag-digi24"],"_links":{"self":[{"href":"https:\/\/analyse.optim.biz\/index.php?rest_route=\/wp\/v2\/posts\/223963","targetHints":{"allow":["GET"]}}],"collection":[{"href":"https:\/\/analyse.optim.biz\/index.php?rest_route=\/wp\/v2\/posts"}],"about":[{"href":"https:\/\/analyse.optim.biz\/index.php?rest_route=\/wp\/v2\/types\/post"}],"author":[{"embeddable":true,"href":"https:\/\/analyse.optim.biz\/index.php?rest_route=\/wp\/v2\/users\/1"}],"replies":[{"embeddable":true,"href":"https:\/\/analyse.optim.biz\/index.php?rest_route=%2Fwp%2Fv2%2Fcomments&post=223963"}],"version-history":[{"count":0,"href":"https:\/\/analyse.optim.biz\/index.php?rest_route=\/wp\/v2\/posts\/223963\/revisions"}],"wp:featuredmedia":[{"embeddable":true,"href":"https:\/\/analyse.optim.biz\/index.php?rest_route=\/wp\/v2\/media\/223964"}],"wp:attachment":[{"href":"https:\/\/analyse.optim.biz\/index.php?rest_route=%2Fwp%2Fv2%2Fmedia&parent=223963"}],"wp:term":[{"taxonomy":"category","embeddable":true,"href":"https:\/\/analyse.optim.biz\/index.php?rest_route=%2Fwp%2Fv2%2Fcategories&post=223963"},{"taxonomy":"post_tag","embeddable":true,"href":"https:\/\/analyse.optim.biz\/index.php?rest_route=%2Fwp%2Fv2%2Ftags&post=223963"}],"curies":[{"name":"wp","href":"https:\/\/api.w.org\/{rel}","templated":true}]}}