{"id":223952,"date":"2013-07-29T20:36:40","date_gmt":"2013-07-29T17:36:40","guid":{"rendered":"https:\/\/analyse.optim.biz\/?p=223952"},"modified":"2013-07-29T20:36:40","modified_gmt":"2013-07-29T17:36:40","slug":"victor-ponta-gabriel-oprea-are-puteri-depline-daca-se-convoaca-csat-cat-sunt-in-concediu","status":"publish","type":"post","link":"https:\/\/analyse.optim.biz\/?p=223952","title":{"rendered":"Victor Ponta: Gabriel Oprea are puteri depline, dac\u0103 se convoac\u0103 CSAT c\u00e2t sunt \u00een concediu"},"content":{"rendered":"<div class=\"entry data-app-meta data-app-meta-article\" data-embed-base-url-canonical=\"https:\/\/www.digi24.ro\/embed\/stiri\/actualitate\/politica\/victor-ponta-gabriel-oprea-are-puteri-depline-daca-se-convoaca-csat-cat-sunt-in-concediu-99051\">\n<p data-index=\"1\">\u00centrebat de jurnali\u015fti, la finele discu\u0163iilor cu FMI, dac\u0103 exist\u0103 o precizare legat\u0103 de privatizarea CFR Marf\u0103 \u00een noul acord, premierul a precizat c\u0103 exist\u0103 o astfel de precizare, al\u0103turi de privatiz\u0103ri precum cele de la Hidroelectrica, Nuclearelectrica sau Romgaz.<\/p>\n<p data-index=\"2\">\u201eLegat de CFR Marf\u0103, miercuri v\u0103 prezent\u0103m exact prevederile. Este o prevedere foarte bun\u0103 pentru Rom\u00e2nia \u015fi foarte proast\u0103 pentru unii\u201d, a spus Victor Ponta.<\/p>\n<p data-index=\"3\">Solicitat s\u0103 precizeze pentru cine anume este o prevedere proast\u0103, premierul a spus c\u0103 pentru \u201eto\u0163i cei care se bucur\u0103 la lucruri mici\u201d.<\/p>\n<p data-index=\"4\">De asemenea, \u00een cazul convoc\u0103rii Consiliului Suprem de Ap\u0103rare a \u021a\u0103rii, Victor Ponta a afirmat c\u0103 vicepremierul Gabriel Oprea \u00eel va \u00eenlocui c\u00e2t timp el va fi \u00een concediu.<\/p>\n<p data-index=\"5\">\u201eDe joi am \u00eenlocuitor la conducerea Guvernului, care are dreptul de a m\u0103 reprezenta \u00een totalitate, dac\u0103 e ceva care apare \u00eentr-o or\u0103, dou\u0103 ore. Domnul vice-premier Oprea are puteri depline\u201d, a spus Victor Ponta.<\/p>\n<p data-index=\"6\">Pre\u015fedintele\u00a0Traian B\u0103sescu\u00a0a declarat recent c\u0103, \u00een cadrul discu\u0163iilor cu delega\u0163ia FMI, a \u201epreg\u0103tit terenul\u201d pentru care premierul\u00a0Victor Ponta\u00a0s\u0103 poate pleda pentru reluarea licita\u0163iei \u00een privin\u0163a CFR Marf\u0103.<\/p>\n<p data-index=\"7\"><a href=\"https:\/\/www.digi24.ro\/Stiri\/Digi24\/Economie\/Stiri\/Victor+Ponta+Daca+CSAT+nu+avizeaza+privatizarea+CFR+Marfa+nu+fac\" target=\"_blank\" data-skip-linkfix=\"1\" rel=\"noopener\">Victor Ponta a declarat, acum patru zile, la Sibiu<\/a>, c\u0103 dac\u0103 CSAT nu avizeaz\u0103 privatizarea CFR Marf\u0103, atunci aceasta nu va fi f\u0103cut\u0103.<\/p>\n<p data-index=\"8\">Pre\u015fedintele\u00a0Traian B\u0103sescu\u00a0a declarat, la \u00eenceputul s\u0103pt\u0103m\u00e2nii trecute, c\u0103 firma care a c\u00e2\u015ftigat licita\u0163ia pentru a cump\u0103ra CFR Marf\u0103 nu are banii necesari pentru a pl\u0103ti suma convenit\u0103. El a mai spus c\u0103 Grupul Feroviar Rom\u00e2n &#8211; GFR, c\u00e2\u015ftig\u0103torul licita\u0163iei pentru CFR Marf\u0103, are propriile credite \u015fi trebuie s\u0103 \u00eemprumute &#8220;circa 200 de milioane s\u0103 pl\u0103teasc\u0103 noua companie&#8221;, nefiind prea multe b\u0103nci dispuse s\u0103 finan\u0163eze aceast\u0103 sum\u0103.<\/p>\n<p data-index=\"9\">Purt\u0103torul de cuv\u00e2nt al \u015fefului statului,\u00a0Bogdan Oprea, a declarat, miercuri, c\u0103<a href=\"https:\/\/www.digi24.ro\/Stiri\/Digi24\/Actualitate\/Politica\/Presedintia+CSAT+nu+avizeaza+privatizari\" target=\"\" data-skip-linkfix=\"1\" rel=\"noopener\"><strong>\u00a0CSAT nu poate aviza contracte de privatizare<\/strong><\/a>, iar premierul Victor Ponta nu cunoa\u015fte obiectul de activitate al Consiliului \u015fi \u00eencearc\u0103 s\u0103 fug\u0103 de responsabilitate \u00een privin\u0163a privatiz\u0103rii CFR Marf\u0103.<\/p>\n<\/div>\n<p> Source URL: https:\/\/www.digi24.ro\/stiri\/actualitate\/politica\/victor-ponta-gabriel-oprea-are-puteri-depline-daca-se-convoaca-csat-cat-sunt-in-concediu-99051<\/p>\n","protected":false},"excerpt":{"rendered":"<p>\u00centrebat de jurnali\u015fti, la finele discu\u0163iilor cu FMI, dac\u0103 exist\u0103 o precizare legat\u0103 de privatizarea CFR Marf\u0103 \u00een noul acord, premierul a precizat c\u0103 exist\u0103 o astfel de precizare, al\u0103turi de privatiz\u0103ri precum cele de la Hidroelectrica, Nuclearelectrica sau Romgaz. \u201eLegat de CFR Marf\u0103, miercuri v\u0103 prezent\u0103m exact prevederile. Este o prevedere foarte bun\u0103 pentru [&hellip;]<\/p>\n","protected":false},"author":1,"featured_media":223953,"comment_status":"open","ping_status":"","sticky":false,"template":"","format":"standard","meta":{"footnotes":""},"categories":[2],"tags":[11],"class_list":["post-223952","post","type-post","status-publish","format-standard","has-post-thumbnail","hentry","category-politics","tag-digi24"],"_links":{"self":[{"href":"https:\/\/analyse.optim.biz\/index.php?rest_route=\/wp\/v2\/posts\/223952","targetHints":{"allow":["GET"]}}],"collection":[{"href":"https:\/\/analyse.optim.biz\/index.php?rest_route=\/wp\/v2\/posts"}],"about":[{"href":"https:\/\/analyse.optim.biz\/index.php?rest_route=\/wp\/v2\/types\/post"}],"author":[{"embeddable":true,"href":"https:\/\/analyse.optim.biz\/index.php?rest_route=\/wp\/v2\/users\/1"}],"replies":[{"embeddable":true,"href":"https:\/\/analyse.optim.biz\/index.php?rest_route=%2Fwp%2Fv2%2Fcomments&post=223952"}],"version-history":[{"count":0,"href":"https:\/\/analyse.optim.biz\/index.php?rest_route=\/wp\/v2\/posts\/223952\/revisions"}],"wp:featuredmedia":[{"embeddable":true,"href":"https:\/\/analyse.optim.biz\/index.php?rest_route=\/wp\/v2\/media\/223953"}],"wp:attachment":[{"href":"https:\/\/analyse.optim.biz\/index.php?rest_route=%2Fwp%2Fv2%2Fmedia&parent=223952"}],"wp:term":[{"taxonomy":"category","embeddable":true,"href":"https:\/\/analyse.optim.biz\/index.php?rest_route=%2Fwp%2Fv2%2Fcategories&post=223952"},{"taxonomy":"post_tag","embeddable":true,"href":"https:\/\/analyse.optim.biz\/index.php?rest_route=%2Fwp%2Fv2%2Ftags&post=223952"}],"curies":[{"name":"wp","href":"https:\/\/api.w.org\/{rel}","templated":true}]}}