{"id":223941,"date":"2013-07-29T23:32:42","date_gmt":"2013-07-29T20:32:42","guid":{"rendered":"https:\/\/analyse.optim.biz\/?p=223941"},"modified":"2013-07-29T23:32:42","modified_gmt":"2013-07-29T20:32:42","slug":"catalin-predoiu-mai-e-inca-in-functie-domnul-dragnea-sau-va-ramane-precum-domnul-fenechiu-pana-in-ultima-clipa","status":"publish","type":"post","link":"https:\/\/analyse.optim.biz\/?p=223941","title":{"rendered":"C\u0103t\u0103lin Predoiu: Mai e \u00eenc\u0103 \u00een func\u021bie domnul Dragnea sau va r\u0103m\u00e2ne, precum domnul Fenechiu, p\u00e2n\u0103 \u00een ultima clip\u0103?"},"content":{"rendered":"<div class=\"entry data-app-meta data-app-meta-article\" data-embed-base-url-canonical=\"https:\/\/www.digi24.ro\/embed\/stiri\/actualitate\/politica\/catalin-predoiu-mai-e-inca-in-functie-domnul-dragnea-sau-va-ramane-precum-domnul-fenechiu-pana-in-ultima-clipa-99101\">\n<p data-index=\"1\">\u201e<span>Ce observ eu e c\u0103 avem un guvern care \u00ee\u0219i \u00eemparte agenda \u00eentre Palatul Victoria, sediul televiziunilor \u0219i sediul DNA. Cred c\u0103 le e foarte greu s\u0103 guverneze \u00een aceste condi\u021bii. Dincolo de aceast\u0103 u\u0219oar\u0103 ironie, lucrurile sunt triste, pentru c\u0103 e trist s\u0103 vezi cum propriul guvern se \u00eencoloneaz\u0103, aproape, c\u0103tre institu\u021bii de justi\u021bie pentru a da socotoeal\u0103 de fapte mai vechi sau mai noi\u201d, a spus C\u0103t\u0103lin Predoiu la emisiunea Impar\u021bial de la<strong> Digi24<\/strong>.<\/span><\/p>\n<p data-index=\"2\">\u201eNu\u00a0v\u0103d\u00a0cum poate\u00a0s\u0103\u00a0asigure acest guvern o capacitate de guvernare\u00a0at\u00e2ta\u00a0timp\u00a0c\u00e2t\u00a0e\u00a0m\u0103cinat\u00a0de\u00a0probleme judiciare, l\u0103s\u00e2nd la o parte st\u00e2ng\u0103ciile, plus fisurile politice, care sunt evidente \u00eentre cele dou\u0103 partide.\u00a0Este o zi care confirm\u0103 faptul c\u0103 \u00eenc\u0103\u00a0nu avem o\u00a0solu\u0163ie\u00a0pentru\u00a0Rom\u00e2nia\u201d, a declarat prim-vicepre\u0219edintele Partidului Democrat Liberal.<\/p>\n<p data-index=\"3\">\u201e<span>Pe\u00a0mine,\u00a0ca\u00a0cet\u0103\u0163ean,\u00a0m\u0103\u00a0\u00eengrijoreaz\u0103\u00a0faptul\u00a0c\u0103\u00a0vicepremierul \u021b\u0103rii are\u00a0\u00een\u00a0spate\u00a0 probleme\u00a0care\u00a0pot\u00a0s\u0103\u00a0afecteze actul\u00a0guvern\u0103rii \u0219i credibilitatea. Rom\u00e2nia depinde\u00a0foarte\u00a0mult\u00a0de\u00a0credibilitatea pe\u00a0care\u00a0o are \u00een ceea ce prive\u0219te succesul politicilor economice,\u00a0ori aceast\u0103 credibilitate\u00a0este\u00a0subminat\u0103, f\u0103cut\u0103 praf,\u00a0de un guvern\u00a0care\u00a0nu face\u00a0dec\u00e2t\u00a0s\u0103\u00a0mearg\u0103\u00a0din\u00a0gard\u00a0\u00een\u00a0gard cu aceste probleme penale nu numai penale, ci \u0219i administrative\u201d, a ad\u0103ugat C\u0103t\u0103lin Predoiu.<\/span><\/p>\n<p data-index=\"4\">Totodat\u0103, el a mai spus c\u0103 Rom\u00e2nia trebuie\u00a0s\u0103\u00a0men\u0163in\u0103\u00a0un drum drept, de pe\u00a0care\u00a0a ie\u0219it anul trecut, \u0219i c\u0103 \u00eent\u00e2lnirile cu liderii importan\u021bi sunt un semn de normalitate \u0219i nu ar trebui s\u0103 reprezinte un succes al guvernului Ponta.<\/p>\n<p data-index=\"5\">\u201e<span>C\u00e2\u015ftig\u0103m\u00a0alegerile cum le c\u00e2\u0219tig\u0103m, promisiuni plus mit\u0103 electoral\u0103, dup\u0103 care ajungem\u00a0\u00een Parlament\u00a0\u015fi\u00a0facem acolo ce vrem. Oamenii\u00a0tr\u0103iesc\u00a0foarte greu, oamenii de afaceri au probleme\u00a0\u00een\u00a0a-\u015fi\u00a0conduce afacerile legal\u00a0\u015fi\u00a0profitabil\u201d, a mai spus C\u0103t\u0103lin Predoiu.<\/span><\/p>\n<p data-index=\"6\">\u00centrebat dac\u0103 Liviu Dragnea ar trebui s\u0103-\u0219i dea demisia, el a r\u0103spuns cu o \u00eentrebare.<\/p>\n<p data-index=\"7\">\u201e<span>Vorbim \u00eentotdeauna de o prezum\u021bie de nevinov\u0103\u021bie \u00een ceea ce prive\u0219te aspectele juridice. \u00cen\u00a0ceea ce\u00a0prive\u015fte\u00a0aspectele politice trebuie\u00a0s\u0103\u00a0vorbim de o\u00a0prezum\u0163ie\u00a0de\u00a0reputa\u0163ie public\u0103. Nefiind\u00a0trecut\u0103\u00a0\u00een\u00a0lege, ar trebui\u00a0s\u0103\u00a0fie\u00a0pus\u0103\u00a0\u00een\u00a0aplicare, informal,\u00a0de\u00a0\u015feful\u00a0Guvernului. Nu e vorba acolo doar de un\u00a0cet\u0103\u0163ean, ci\u00a0de un domn\u00a0care\u00a0reprezint\u0103\u00a0al\u0163i\u00a0cet\u0103\u0163eni, lucrurile trebuie\u00a0s\u0103\u00a0fie\u00a0\u00een\u00a0afar\u0103\u00a0de orice dubiu. Domnul prim-ministru Ponta\u00a0a\u00a0gre\u015fit\u00a0grav\u00a0accept\u00e2nd\u00a0pe\u00a0lista\u00a0Guvernului o serie de persoane\u00a0care\u00a0se\u00a0bucur\u0103\u00a0de\u00a0prezum\u0163ia\u00a0de\u00a0nevinov\u0103\u0163ie,\u00a0dar\u00a0par\u00a0a nu avea o\u00a0bun\u0103\u00a0reputa\u0163ie din moment ce de ei at\u00e2rn\u0103 tot felul de lucuri din trecut.\u00a0<\/span>Mai e \u00eenc\u0103 \u00een func\u021bie domnul vicepremier, sau va r\u0103m\u00e2ne precum domnul Fenechiu, p\u00e2n\u0103 \u00een ultima clip\u0103? Nu mai e cazul de discu\u021bie\u201d, a sus\u021binut fostul ministru al Justi\u021biei.<\/p>\n<p data-index=\"8\">El a ad\u0103ugat c\u0103 persoanele care intr\u0103 \u00een sala Guvernului ar trebui s\u0103 fie curate \u201ela fel ca soarele de pe cer\u201d, dac\u0103 se poate.<\/p>\n<p data-index=\"9\">Pre\u0219edintele executiv al PSD, <a href=\"https:\/\/www.digi24.ro\/Stiri\/Digi24\/Actualitate\/Stiri\/Liviu+Dragnea+la+DNA+Procurorii+ii+prezinta+probele+din+dosarul+\" target=\"_blank\" data-skip-linkfix=\"1\" rel=\"noopener\">vicepremierul Liviu Dragnea<\/a>, a fost chemat, ast\u0103zi, la sediul DNA, pentru ca procurorii s\u0103 \u00eei prezinte materialul de urm\u0103rire penal\u0103 \u00een dosarul fraud\u0103rii referendumului pentru demiterea pre\u0219edintelui suspendat, organizat \u00een urm\u0103 cu exact un an.<\/p>\n<\/div>\n<p> Source URL: https:\/\/www.digi24.ro\/stiri\/actualitate\/politica\/catalin-predoiu-mai-e-inca-in-functie-domnul-dragnea-sau-va-ramane-precum-domnul-fenechiu-pana-in-ultima-clipa-99101<\/p>\n","protected":false},"excerpt":{"rendered":"<p>\u201eCe observ eu e c\u0103 avem un guvern care \u00ee\u0219i \u00eemparte agenda \u00eentre Palatul Victoria, sediul televiziunilor \u0219i sediul DNA. Cred c\u0103 le e foarte greu s\u0103 guverneze \u00een aceste condi\u021bii. Dincolo de aceast\u0103 u\u0219oar\u0103 ironie, lucrurile sunt triste, pentru c\u0103 e trist s\u0103 vezi cum propriul guvern se \u00eencoloneaz\u0103, aproape, c\u0103tre institu\u021bii de justi\u021bie [&hellip;]<\/p>\n","protected":false},"author":1,"featured_media":223942,"comment_status":"open","ping_status":"","sticky":false,"template":"","format":"standard","meta":{"footnotes":""},"categories":[2],"tags":[11],"class_list":["post-223941","post","type-post","status-publish","format-standard","has-post-thumbnail","hentry","category-politics","tag-digi24"],"_links":{"self":[{"href":"https:\/\/analyse.optim.biz\/index.php?rest_route=\/wp\/v2\/posts\/223941","targetHints":{"allow":["GET"]}}],"collection":[{"href":"https:\/\/analyse.optim.biz\/index.php?rest_route=\/wp\/v2\/posts"}],"about":[{"href":"https:\/\/analyse.optim.biz\/index.php?rest_route=\/wp\/v2\/types\/post"}],"author":[{"embeddable":true,"href":"https:\/\/analyse.optim.biz\/index.php?rest_route=\/wp\/v2\/users\/1"}],"replies":[{"embeddable":true,"href":"https:\/\/analyse.optim.biz\/index.php?rest_route=%2Fwp%2Fv2%2Fcomments&post=223941"}],"version-history":[{"count":0,"href":"https:\/\/analyse.optim.biz\/index.php?rest_route=\/wp\/v2\/posts\/223941\/revisions"}],"wp:featuredmedia":[{"embeddable":true,"href":"https:\/\/analyse.optim.biz\/index.php?rest_route=\/wp\/v2\/media\/223942"}],"wp:attachment":[{"href":"https:\/\/analyse.optim.biz\/index.php?rest_route=%2Fwp%2Fv2%2Fmedia&parent=223941"}],"wp:term":[{"taxonomy":"category","embeddable":true,"href":"https:\/\/analyse.optim.biz\/index.php?rest_route=%2Fwp%2Fv2%2Fcategories&post=223941"},{"taxonomy":"post_tag","embeddable":true,"href":"https:\/\/analyse.optim.biz\/index.php?rest_route=%2Fwp%2Fv2%2Ftags&post=223941"}],"curies":[{"name":"wp","href":"https:\/\/api.w.org\/{rel}","templated":true}]}}