{"id":223930,"date":"2013-07-29T23:58:43","date_gmt":"2013-07-29T20:58:43","guid":{"rendered":"https:\/\/analyse.optim.biz\/?p=223930"},"modified":"2013-07-29T23:58:43","modified_gmt":"2013-07-29T20:58:43","slug":"c-predoiu-ii-raspunde-lui-t-basescu-in-conditiile-in-care-am-candidat-eu-nici-domnul-presedinte-nu-castiga-alegerile","status":"publish","type":"post","link":"https:\/\/analyse.optim.biz\/?p=223930","title":{"rendered":"C.Predoiu \u00eei r\u0103spunde lui T.B\u0103sescu: \u201e\u00cen condi\u021biile \u00een care am candidat eu, nici domnul pre\u0219edinte nu c\u00e2\u0219tiga alegerile\u201d"},"content":{"rendered":"<div class=\"entry data-app-meta data-app-meta-article\" data-embed-base-url-canonical=\"https:\/\/www.digi24.ro\/embed\/stiri\/actualitate\/politica\/c-predoiu-ii-raspunde-lui-t-basescu-in-conditiile-in-care-am-candidat-eu-nici-domnul-presedinte-nu-castiga-alegerile-99109\">\n<p data-index=\"1\">\u00centr-un interviu acordat cotidianului Rom\u00e2nia liber\u0103, pre\u0219edintele Traian B\u0103sescu i-a repro\u0219at lui C\u0103t\u0103lin Predoiu capacit\u0103\u021bile electorale, dar \u0219i capacitatea de asumare a ac\u021biunilor, prin faptul c\u0103 mai multe acte normative din timpul guvern\u0103rii lui Emil Boc nu au avut semn\u0103tura fostului ministru al Justi\u021biei.<\/p>\n<p data-index=\"2\">\u00cen privin\u021ba candidaturii la alegerile prezideni\u021biale din 2014, C\u0103t\u0103lin Predoiu a dezmin\u021bit informa\u021biile, \u00eens\u0103 a afirmat c\u0103 declara\u021bia pre\u0219edintelui nu este neap\u0103rat un repro\u0219.<\/p>\n<p data-index=\"3\">\u00cen ceea ce prive\u0219te algerile, Traian B\u0103sescu a afirmat pentru <a href=\"http:\/\/www.romanialibera.ro\/actualitate\/politica\/interviu-cu-presedintele-romaniei-traian-basescu-in-afacerea-hayssam-ponta-are-niste-schelete-in-dulap-308754-pagina5.html#top_articol\" target=\"_blank\" data-skip-linkfix=\"1\" rel=\"noopener\">Rom\u00e2nia liber\u0103<\/a> c\u0103 \u201etrebuie s\u0103 ne amintim totu\u015fi c\u0103, din punct de vedere al capacit\u0103\u0163ilor sale electorale, C\u0103t\u0103lin Predoiu a pierdut \u00een 2008 alegerile parlamentare \u00een fa\u0163a unui om care a ajuns la pu\u015fc\u0103rie, Marian Ghiveci. Una este s\u0103 ai o anumit\u0103 prezen\u0163\u0103 \u015fi inteligen\u0163\u0103 \u015fi alta e s\u0103 ai capacitatea de a aduce voturi: nu sunt sinonime. \u015ei mai este un lucru: capacitate de asumare a ac\u0163iunilor, iar aici este interesant de urm\u0103rit c\u00e2te din actele normative emise de Guvernul Boc au \u015fi semn\u0103tura dlui Predoiu. Ve\u0163i constata c\u0103 cele mai multe sunt semnate de secretarii de stat\u201d.<\/p>\n<p data-index=\"4\">\u201e<strong><span>\u00cen condi\u021biile \u00een care am candidat eu, nici domnul pre\u0219edinte nu c\u00e2\u0219tiga a<\/span>legerile. Acolo s-au f\u0103cut anumite ma\u0219ina\u021biuni pe care eu am refuzat s\u0103 le fac: mita electoral\u0103.\u00a0<\/strong>Pe de alt\u0103 parte, n-a fost chiar un e\u0219ec. Am luat vreo 9.700 de voturi, lipsindu-mi vreo 200 de voturi, \u00een condi\u021biile \u00een care \u00een alte colegii s-a intrat cu 3-3.500 de voturi (\u00een Parlament \u2013 n.r.). Atunci, \u00een 2008, cu notorietatea zero pe care o aveam, cu campanie electoral\u0103 f\u0103cut\u0103 s\u00e2mb\u0103t\u0103 \u0219i duminic\u0103 pentru c\u0103 \u00een rest am stat la minister (ministerul Justi\u021biei \u2013 n.r.), at\u00e2t am luat, 9.700 de voturi\u201d, a declarat C\u0103t\u0103lin Predoiu.<\/p>\n<p data-index=\"5\">El a f\u0103cut referire la Margaret Thatcher, fosta \u201eDoamn\u0103 de Fier\u201d a Marii Britanii, care a pierdut primele dou\u0103 algeri parlamentare \u00een care a candidat.<\/p>\n<\/div>\n<p> Source URL: https:\/\/www.digi24.ro\/stiri\/actualitate\/politica\/c-predoiu-ii-raspunde-lui-t-basescu-in-conditiile-in-care-am-candidat-eu-nici-domnul-presedinte-nu-castiga-alegerile-99109<\/p>\n","protected":false},"excerpt":{"rendered":"<p>\u00centr-un interviu acordat cotidianului Rom\u00e2nia liber\u0103, pre\u0219edintele Traian B\u0103sescu i-a repro\u0219at lui C\u0103t\u0103lin Predoiu capacit\u0103\u021bile electorale, dar \u0219i capacitatea de asumare a ac\u021biunilor, prin faptul c\u0103 mai multe acte normative din timpul guvern\u0103rii lui Emil Boc nu au avut semn\u0103tura fostului ministru al Justi\u021biei. \u00cen privin\u021ba candidaturii la alegerile prezideni\u021biale din 2014, C\u0103t\u0103lin Predoiu a [&hellip;]<\/p>\n","protected":false},"author":1,"featured_media":223931,"comment_status":"open","ping_status":"","sticky":false,"template":"","format":"standard","meta":{"footnotes":""},"categories":[2],"tags":[11],"class_list":["post-223930","post","type-post","status-publish","format-standard","has-post-thumbnail","hentry","category-politics","tag-digi24"],"_links":{"self":[{"href":"https:\/\/analyse.optim.biz\/index.php?rest_route=\/wp\/v2\/posts\/223930","targetHints":{"allow":["GET"]}}],"collection":[{"href":"https:\/\/analyse.optim.biz\/index.php?rest_route=\/wp\/v2\/posts"}],"about":[{"href":"https:\/\/analyse.optim.biz\/index.php?rest_route=\/wp\/v2\/types\/post"}],"author":[{"embeddable":true,"href":"https:\/\/analyse.optim.biz\/index.php?rest_route=\/wp\/v2\/users\/1"}],"replies":[{"embeddable":true,"href":"https:\/\/analyse.optim.biz\/index.php?rest_route=%2Fwp%2Fv2%2Fcomments&post=223930"}],"version-history":[{"count":0,"href":"https:\/\/analyse.optim.biz\/index.php?rest_route=\/wp\/v2\/posts\/223930\/revisions"}],"wp:featuredmedia":[{"embeddable":true,"href":"https:\/\/analyse.optim.biz\/index.php?rest_route=\/wp\/v2\/media\/223931"}],"wp:attachment":[{"href":"https:\/\/analyse.optim.biz\/index.php?rest_route=%2Fwp%2Fv2%2Fmedia&parent=223930"}],"wp:term":[{"taxonomy":"category","embeddable":true,"href":"https:\/\/analyse.optim.biz\/index.php?rest_route=%2Fwp%2Fv2%2Fcategories&post=223930"},{"taxonomy":"post_tag","embeddable":true,"href":"https:\/\/analyse.optim.biz\/index.php?rest_route=%2Fwp%2Fv2%2Ftags&post=223930"}],"curies":[{"name":"wp","href":"https:\/\/api.w.org\/{rel}","templated":true}]}}