{"id":223918,"date":"2013-07-30T20:23:03","date_gmt":"2013-07-30T17:23:03","guid":{"rendered":"https:\/\/analyse.optim.biz\/?p=223918"},"modified":"2013-07-30T20:23:03","modified_gmt":"2013-07-30T17:23:03","slug":"cultura-politica-traian-basescu-reia-traditia-bailor-de-multime","status":"publish","type":"post","link":"https:\/\/analyse.optim.biz\/?p=223918","title":{"rendered":"CULTURA POLITIC\u0102. Traian B\u0103sescu reia tradi\u021bia b\u0103ilor de mul\u021bime"},"content":{"rendered":"<div class=\"entry data-app-meta data-app-meta-article\" data-embed-base-url-canonical=\"https:\/\/www.digi24.ro\/embed\/stiri\/actualitate\/politica\/cultura-politica-traian-basescu-reia-traditia-bailor-de-multime-99546\">\n<p data-index=\"1\"><a href=\"https:\/\/www.digi24.ro\/Stiri\/Regional\/Digi24+Brasov\/Stiri\/Traian+Basescu+la+Festivalul+Oierilor+din+Sibiu\" target=\"_blank\" data-skip-linkfix=\"1\" rel=\"noopener\">Cel mai recent du\u015f de popularitate<\/a> l-a f\u0103cut Traian B\u0103sescu \u00een mijlocul ciobanilor din m\u0103rginimea Sibiului, unde a s\u0103rb\u0103torit, sus pe muntele Jina, un an de la referendumul prin care USL a \u00eencercat s\u0103-l pensioneze for\u0163at.<\/p>\n<p data-index=\"2\">Pre\u015fedintele le-a spus oierilor c\u0103 Guvernul mai mult \u00eei \u00eencurc\u0103 \u015fi i-a sf\u0103tuit s\u0103-i \u00eenve\u0163e pe copii cele zece porunci. Predica de pe munte a \u015fefului statului nu a f\u0103cut \u00eens\u0103 dec\u00e2t s\u0103-i scoat\u0103 din b\u00e2rlog pe ve\u015fnicii profe\u0163i ai suspend\u0103rii: Dan Voiculescu l-ar suspenda m\u00e2ine dac\u0103 ar putea, asta dup\u0103 ce liberalul Frunz\u0103verde l-ar vrea \u015fi el \u00eendep\u0103rtat pe Traian B\u0103sescu de la palatul Cotroceni pentru c\u0103 a devenit prea&#8230; arogant.<\/p>\n<p data-index=\"3\">\u00cen tot acest vacarm politic se pune \u00eentrebarea: pentru cine face Traian B\u0103sescu b\u0103i de mul\u0163ime? \u00ce\u015fi testeaz\u0103 pre\u015fedintele priza la public sau chiar a intrat \u00eentr-o veritabil\u0103 campanie electoral\u0103 mascat\u0103 \u00een perspectiva anului electoral ce bate la u\u015f\u0103?<\/p>\n<p data-index=\"4\">\u00cenainte \u015fi dup\u0103 referendumul pentru demiterea sa, Traian B\u0103sescu anun\u0163a c\u0103 se retrage din via\u0163a politic\u0103 imediat ce i se termin\u0103 mandatul.<\/p>\n<p data-index=\"5\">La \u00eenceputul anului declara c\u0103 s-a g\u00e2ndit mai bine \u015fi s-a r\u0103zg\u00e2ndit. Mai mult, a ales s\u0103 devin\u0103 salvatorul dreptei \u00een Rom\u00e2nia.<\/p>\n<p data-index=\"6\">Huiduit la nunta fiicei sale, la parada de 1 Decembrie dar \u015fi la alte ac\u0163iuni publice, \u015feful statului a ales s\u0103 renun\u0163e o perioad\u0103 la b\u0103ile de mul\u0163ime. A revenit \u00eens\u0103 \u00een for\u0163\u0103 cu un maraton al t\u00e2rgurilor din \u0163ar\u0103.<\/p>\n<p data-index=\"7\"><img decoding=\"async\" src=\"https:\/\/analyse.optim.biz\/wp-content\/uploads\/2024\/09\/odaxnge2ztu5ztvlndiznwexzwu3zdmwzdlmmg-thumb_.jpg\" data-skip-htmlfix=\"1\" title=\"odaxnge2ztu5ztvlndiznwexzwu3zdmwzdlmmg-thumb_\"><\/p>\n<p data-index=\"8\"><em>Foto: Facebook \u00a0 \u00a0 \u00a0 \u00a0\u00a0<\/em><\/p>\n<p data-index=\"9\">\u201e<span>\u00cen prima zi \u00een care am plecat de la Cotroceni, plec din via\u021ba politic\u0103. Mi-a ajuns. A fost, cel pu\u021bin \u00een ultimii ani, din 2007 p\u00e2na acum, a fost cea mai umilitoare perioad\u0103 din via\u021ba mea\u201d, afirma Traian B\u0103sescu \u00een 2012.<\/span><\/p>\n<p data-index=\"10\">\u00cen februarie 2013, pre\u0219edintele declara\u00a0c\u0103 va r\u0103m\u00e2ne activ \u00een via\u021ba politic\u0103: \u201eCred c\u0103 a fost precum cea cu &#8216;demisionez \u00een cinci minute&#8217;, am avut vreo trei zile \u00een care am stat degeaba \u0219i nu \u00eemi g\u0103seam locul \u0219i m\u0103 \u00eentrebam ce-a\u0219 face dac\u0103 \u00eentr-adev\u0103r n-a\u0219 mai avea nimic de f\u0103cut\u201d.<\/p>\n<\/div>\n<p> Source URL: https:\/\/www.digi24.ro\/stiri\/actualitate\/politica\/cultura-politica-traian-basescu-reia-traditia-bailor-de-multime-99546<\/p>\n","protected":false},"excerpt":{"rendered":"<p>Cel mai recent du\u015f de popularitate l-a f\u0103cut Traian B\u0103sescu \u00een mijlocul ciobanilor din m\u0103rginimea Sibiului, unde a s\u0103rb\u0103torit, sus pe muntele Jina, un an de la referendumul prin care USL a \u00eencercat s\u0103-l pensioneze for\u0163at. Pre\u015fedintele le-a spus oierilor c\u0103 Guvernul mai mult \u00eei \u00eencurc\u0103 \u015fi i-a sf\u0103tuit s\u0103-i \u00eenve\u0163e pe copii cele zece [&hellip;]<\/p>\n","protected":false},"author":1,"featured_media":223919,"comment_status":"open","ping_status":"","sticky":false,"template":"","format":"standard","meta":{"footnotes":""},"categories":[2],"tags":[11],"class_list":["post-223918","post","type-post","status-publish","format-standard","has-post-thumbnail","hentry","category-politics","tag-digi24"],"_links":{"self":[{"href":"https:\/\/analyse.optim.biz\/index.php?rest_route=\/wp\/v2\/posts\/223918","targetHints":{"allow":["GET"]}}],"collection":[{"href":"https:\/\/analyse.optim.biz\/index.php?rest_route=\/wp\/v2\/posts"}],"about":[{"href":"https:\/\/analyse.optim.biz\/index.php?rest_route=\/wp\/v2\/types\/post"}],"author":[{"embeddable":true,"href":"https:\/\/analyse.optim.biz\/index.php?rest_route=\/wp\/v2\/users\/1"}],"replies":[{"embeddable":true,"href":"https:\/\/analyse.optim.biz\/index.php?rest_route=%2Fwp%2Fv2%2Fcomments&post=223918"}],"version-history":[{"count":0,"href":"https:\/\/analyse.optim.biz\/index.php?rest_route=\/wp\/v2\/posts\/223918\/revisions"}],"wp:featuredmedia":[{"embeddable":true,"href":"https:\/\/analyse.optim.biz\/index.php?rest_route=\/wp\/v2\/media\/223919"}],"wp:attachment":[{"href":"https:\/\/analyse.optim.biz\/index.php?rest_route=%2Fwp%2Fv2%2Fmedia&parent=223918"}],"wp:term":[{"taxonomy":"category","embeddable":true,"href":"https:\/\/analyse.optim.biz\/index.php?rest_route=%2Fwp%2Fv2%2Fcategories&post=223918"},{"taxonomy":"post_tag","embeddable":true,"href":"https:\/\/analyse.optim.biz\/index.php?rest_route=%2Fwp%2Fv2%2Ftags&post=223918"}],"curies":[{"name":"wp","href":"https:\/\/api.w.org\/{rel}","templated":true}]}}