{"id":223903,"date":"2013-07-31T21:36:10","date_gmt":"2013-07-31T18:36:10","guid":{"rendered":"https:\/\/analyse.optim.biz\/?p=223903"},"modified":"2013-07-31T21:36:10","modified_gmt":"2013-07-31T18:36:10","slug":"marian-preda-guvernul-ponta-dusa-se-ocupa-de-ozn-uri-in-loc-sa-creeze-locuri-de-munca","status":"publish","type":"post","link":"https:\/\/analyse.optim.biz\/?p=223903","title":{"rendered":"Marian Preda: Guvernul Ponta-Du\u015fa se ocup\u0103 de OZN-uri \u00een loc s\u0103 creeze locuri de munc\u0103"},"content":{"rendered":"<div class=\"entry data-app-meta data-app-meta-article\" data-embed-base-url-canonical=\"https:\/\/www.digi24.ro\/embed\/stiri\/actualitate\/politica\/marian-preda-guvernul-ponta-dusa-se-ocupa-de-ozn-uri-in-loc-sa-creeze-locuri-de-munca-100097\">\n<p data-index=\"1\">\u00a0<img decoding=\"async\" src=\"https:\/\/analyse.optim.biz\/wp-content\/uploads\/2024\/09\/anbnjnc9odawjmhhc2g9owe2zdfjowizmtrkythimdk4njexowyzztywogu3zjk-thumb_.jpg\" data-skip-htmlfix=\"1\" title=\"anbnjnc9odawjmhhc2g9owe2zdfjowizmtrkythimdk4njexowyzztywogu3zjk-thumb_\"><\/p>\n<p data-index=\"2\">\u201e<span>\u00cei amintesc domnului Victor Ponta c\u0103 autoritatea presupune \u015fi responsabilitate, deci nu are numai dreptul s\u0103 se plimbe prin toat\u0103 lumea cu avioane preziden\u0163iale pe care le folose\u015fte \u00een calitate de prim-ministru \u015fi s\u0103 redistribuie resurse c\u0103tre prietenii lui Maz\u0103re, Opri\u015fan, Dragnea \u015fi ceilal\u0163i\u201d, a spus Marian Preda, potrivit Mediafax.<\/span><\/p>\n<p data-index=\"3\">\u201eAre \u015fi responsabilit\u0103\u0163i, trebuie s\u0103 ia decizii, dar, dup\u0103 cum am v\u0103zut, Guvernul Ponta \u2013 Du\u015fa se ocup\u0103 de OZN-uri \u00een loc s\u0103 creeze locuri de munc\u0103 pentru rom\u00e2ni. Toate acestea trebuie schimbate. De aceea am \u00eenfiin\u0163at Funda\u0163ia Mi\u015fcarea Popular\u0103 \u015fi \u00eenfiin\u0163\u0103m Partidul Mi\u015fcarea Popular\u0103\u201d<span>, a ad\u0103ugat Marian Preda, care a lansat, la Drobeta Turnu Severin, cea de-a 34-a filial\u0103 jude\u0163ean\u0103 a Funda\u0163iei.<\/span><\/p>\n<p data-index=\"4\">Anterior,<a href=\"https:\/\/www.digi24.ro\/Stiri\/Digi24\/Actualitate\/Stiri\/M+Dusa+Spatiul+aerian+incalcat+zilnic\" target=\"_blank\" data-skip-linkfix=\"1\" rel=\"noopener\"><strong> ministrul Ap\u0103r\u0103rii declarase<\/strong><\/a>, la Pite\u0219ti, c\u0103 \u201eaproape zilnic, spa\u0163iul aerian al \u0163\u0103rii este for\u0163at de avioane care nu sunt identificate sau care nu au aprobare de survol\u201d.<\/p>\n<\/div>\n<p> Source URL: https:\/\/www.digi24.ro\/stiri\/actualitate\/politica\/marian-preda-guvernul-ponta-dusa-se-ocupa-de-ozn-uri-in-loc-sa-creeze-locuri-de-munca-100097<\/p>\n","protected":false},"excerpt":{"rendered":"<p>\u00a0 \u201e\u00cei amintesc domnului Victor Ponta c\u0103 autoritatea presupune \u015fi responsabilitate, deci nu are numai dreptul s\u0103 se plimbe prin toat\u0103 lumea cu avioane preziden\u0163iale pe care le folose\u015fte \u00een calitate de prim-ministru \u015fi s\u0103 redistribuie resurse c\u0103tre prietenii lui Maz\u0103re, Opri\u015fan, Dragnea \u015fi ceilal\u0163i\u201d, a spus Marian Preda, potrivit Mediafax. \u201eAre \u015fi responsabilit\u0103\u0163i, trebuie [&hellip;]<\/p>\n","protected":false},"author":1,"featured_media":223904,"comment_status":"open","ping_status":"","sticky":false,"template":"","format":"standard","meta":{"footnotes":""},"categories":[2],"tags":[11],"class_list":["post-223903","post","type-post","status-publish","format-standard","has-post-thumbnail","hentry","category-politics","tag-digi24"],"_links":{"self":[{"href":"https:\/\/analyse.optim.biz\/index.php?rest_route=\/wp\/v2\/posts\/223903","targetHints":{"allow":["GET"]}}],"collection":[{"href":"https:\/\/analyse.optim.biz\/index.php?rest_route=\/wp\/v2\/posts"}],"about":[{"href":"https:\/\/analyse.optim.biz\/index.php?rest_route=\/wp\/v2\/types\/post"}],"author":[{"embeddable":true,"href":"https:\/\/analyse.optim.biz\/index.php?rest_route=\/wp\/v2\/users\/1"}],"replies":[{"embeddable":true,"href":"https:\/\/analyse.optim.biz\/index.php?rest_route=%2Fwp%2Fv2%2Fcomments&post=223903"}],"version-history":[{"count":0,"href":"https:\/\/analyse.optim.biz\/index.php?rest_route=\/wp\/v2\/posts\/223903\/revisions"}],"wp:featuredmedia":[{"embeddable":true,"href":"https:\/\/analyse.optim.biz\/index.php?rest_route=\/wp\/v2\/media\/223904"}],"wp:attachment":[{"href":"https:\/\/analyse.optim.biz\/index.php?rest_route=%2Fwp%2Fv2%2Fmedia&parent=223903"}],"wp:term":[{"taxonomy":"category","embeddable":true,"href":"https:\/\/analyse.optim.biz\/index.php?rest_route=%2Fwp%2Fv2%2Fcategories&post=223903"},{"taxonomy":"post_tag","embeddable":true,"href":"https:\/\/analyse.optim.biz\/index.php?rest_route=%2Fwp%2Fv2%2Ftags&post=223903"}],"curies":[{"name":"wp","href":"https:\/\/api.w.org\/{rel}","templated":true}]}}