{"id":223900,"date":"2013-07-31T23:13:15","date_gmt":"2013-07-31T20:13:15","guid":{"rendered":"https:\/\/analyse.optim.biz\/?p=223900"},"modified":"2013-07-31T23:13:15","modified_gmt":"2013-07-31T20:13:15","slug":"victor-ponta-a-demis-59-de-inspectori-guvernamentali","status":"publish","type":"post","link":"https:\/\/analyse.optim.biz\/?p=223900","title":{"rendered":"Victor Ponta a demis 59 de inspectori guvernamentali"},"content":{"rendered":"<div class=\"entry data-app-meta data-app-meta-article\" data-embed-base-url-canonical=\"https:\/\/www.digi24.ro\/embed\/stiri\/actualitate\/politica\/victor-ponta-a-demis-59-de-inspectori-guvernamentali-100117\">\n<p data-index=\"1\"><img decoding=\"async\" src=\"https:\/\/analyse.optim.biz\/wp-content\/uploads\/2024\/09\/zyz3ptgwmczoyxnopta2mmfimgi5mdu1odexmjnhndg2yjqwn2y1zda0ymq5-thumb_.jpg\" data-skip-htmlfix=\"1\" title=\"zyz3ptgwmczoyxnopta2mmfimgi5mdu1odexmjnhndg2yjqwn2y1zda0ymq5-thumb_\"><\/p>\n<p data-index=\"2\">Deciziile de eliberare din func\u0163ie au fost semnate miercuri de primul ministru. Cei 46 de inspectori guvernamentali au primit un preaviz de 30 zile, termen la finalul c\u0103ruia sunt obliga\u0163i s\u0103 p\u0103r\u0103seasc\u0103 posturile.<\/p>\n<p data-index=\"3\">\u00cen urm\u0103 cu o lun\u0103, Guvernul a decis, prin Ordonan\u0163\u0103 de Urgen\u0163\u0103, c\u0103 vor fi disponibiliza\u0163i angaja\u0163i din zece ministere, \u00eentre care \u015fi SGG, prin eliminarea a aproape 3.000 posturi ocupate, echivalent a 4% din num\u0103rul de angaja\u0163i.<\/p>\n<\/div>\n<p> Source URL: https:\/\/www.digi24.ro\/stiri\/actualitate\/politica\/victor-ponta-a-demis-59-de-inspectori-guvernamentali-100117<\/p>\n","protected":false},"excerpt":{"rendered":"<p>Deciziile de eliberare din func\u0163ie au fost semnate miercuri de primul ministru. Cei 46 de inspectori guvernamentali au primit un preaviz de 30 zile, termen la finalul c\u0103ruia sunt obliga\u0163i s\u0103 p\u0103r\u0103seasc\u0103 posturile. \u00cen urm\u0103 cu o lun\u0103, Guvernul a decis, prin Ordonan\u0163\u0103 de Urgen\u0163\u0103, c\u0103 vor fi disponibiliza\u0163i angaja\u0163i din zece ministere, \u00eentre care [&hellip;]<\/p>\n","protected":false},"author":1,"featured_media":223901,"comment_status":"open","ping_status":"","sticky":false,"template":"","format":"standard","meta":{"footnotes":""},"categories":[2],"tags":[11],"class_list":["post-223900","post","type-post","status-publish","format-standard","has-post-thumbnail","hentry","category-politics","tag-digi24"],"_links":{"self":[{"href":"https:\/\/analyse.optim.biz\/index.php?rest_route=\/wp\/v2\/posts\/223900","targetHints":{"allow":["GET"]}}],"collection":[{"href":"https:\/\/analyse.optim.biz\/index.php?rest_route=\/wp\/v2\/posts"}],"about":[{"href":"https:\/\/analyse.optim.biz\/index.php?rest_route=\/wp\/v2\/types\/post"}],"author":[{"embeddable":true,"href":"https:\/\/analyse.optim.biz\/index.php?rest_route=\/wp\/v2\/users\/1"}],"replies":[{"embeddable":true,"href":"https:\/\/analyse.optim.biz\/index.php?rest_route=%2Fwp%2Fv2%2Fcomments&post=223900"}],"version-history":[{"count":0,"href":"https:\/\/analyse.optim.biz\/index.php?rest_route=\/wp\/v2\/posts\/223900\/revisions"}],"wp:featuredmedia":[{"embeddable":true,"href":"https:\/\/analyse.optim.biz\/index.php?rest_route=\/wp\/v2\/media\/223901"}],"wp:attachment":[{"href":"https:\/\/analyse.optim.biz\/index.php?rest_route=%2Fwp%2Fv2%2Fmedia&parent=223900"}],"wp:term":[{"taxonomy":"category","embeddable":true,"href":"https:\/\/analyse.optim.biz\/index.php?rest_route=%2Fwp%2Fv2%2Fcategories&post=223900"},{"taxonomy":"post_tag","embeddable":true,"href":"https:\/\/analyse.optim.biz\/index.php?rest_route=%2Fwp%2Fv2%2Ftags&post=223900"}],"curies":[{"name":"wp","href":"https:\/\/api.w.org\/{rel}","templated":true}]}}