{"id":223889,"date":"2013-07-31T23:50:54","date_gmt":"2013-07-31T20:50:54","guid":{"rendered":"https:\/\/analyse.optim.biz\/?p=223889"},"modified":"2013-07-31T23:50:54","modified_gmt":"2013-07-31T20:50:54","slug":"ministerul-de-externe-e-inacceptabil-ca-scoala-de-la-baile-tusnad-sa-devina-tribuna-pentru-revizionism","status":"publish","type":"post","link":"https:\/\/analyse.optim.biz\/?p=223889","title":{"rendered":"Ministerul de Externe: E inacceptabil ca \u015ecoala de la B\u0103ile Tu\u015fnad s\u0103 devin\u0103 tribun\u0103 pentru revizionism"},"content":{"rendered":"<div class=\"entry data-app-meta data-app-meta-article\" data-embed-base-url-canonical=\"https:\/\/www.digi24.ro\/embed\/stiri\/actualitate\/politica\/ministerul-de-externe-e-inacceptabil-ca-scoala-de-la-baile-tusnad-sa-devina-tribuna-pentru-revizionism-100129\">\n<p data-index=\"1\">Reac\u0163ia diploma\u0163iei de la Bucure\u015fti vine la cinci zile dup\u0103 declara\u0163iile f\u0103cute de europarlamentarul Laszlo Tokes cu prilejul \u015ecolii de Var\u0103 care a avut loc la B\u0103ile Tu\u015fnad.<\/p>\n<p data-index=\"2\">&#8220;Este inacceptabil ca un eveniment politic organizat \u00een Rom\u00e2nia &#8211; \u015ecoala de Var\u0103 de la B\u0103ile Tu\u015fnad &#8211; s\u0103 devin\u0103 o tribun\u0103 pentru promovarea unor proiecte revizioniste, care pun sub semnul \u00eentreb\u0103rii unitatea, integritatea \u015fi suveranitatea statului. <strong>Afirma\u0163iile europarlamentarului Tokes Laszlo cu privire la o autonomie a \u0162inutului Secuiesc, sub forma unui &#8220;protectorat&#8221;, sunt expresia unei viziuni iredentiste cu sorginte \u00een perioada interbelic\u0103<\/strong>&#8220;, se arat\u0103 \u00eentr-un comunicat al<strong> Ministerului Afacerilor Externe.<\/strong><\/p>\n<p data-index=\"3\">Anterior, afirma\u0163iile eurodeputatului Laszlo Tokes au fost criticate \u015fi de premierul Victor Ponta, care i-a cerut Ministerului de Externe o pozi\u0163ie oficial\u0103.<\/p>\n<p data-index=\"4\">\u201e<strong>Regret faptul c\u0103 nu avem un pre\u015fedinte al Rom\u00e2niei care s\u0103 \u00ee\u015fi \u00eendeplineasc\u0103 atribu\u0163iile constitu\u0163ionale \u015fi s\u0103 ia pozi\u0163ie atunci c\u00e2nd este atacat\u0103 integritatea teritorial\u0103 \u015fi independen\u0163a statului rom\u00e2n<\/strong>\u201d, a declarat premierul <strong>Ponta.<\/strong><\/p>\n<p data-index=\"5\">Declara\u0163iile incriminate au fost f\u0103cute s\u00e2mb\u0103t\u0103, la \u015ecoala de Var\u0103 de la B\u0103ile Tu\u015fnad.<\/p>\n<p data-index=\"6\">\u201e<strong>\u00cei cer premierul Viktor Orban \u015fi Guvernului condus de el s\u0103 construiasc\u0103 un sistem de cooperare na\u0163ional\u0103, \u00een a\u015fa fel \u00eenc\u00e2t s\u0103 oferi\u0163i protectorat Transilvaniei, cum a f\u0103cut Austria cu Tirolul de Sud<\/strong>\u201d, a spus atunci <strong>Laszlo Tokes<\/strong>.<\/p>\n<p data-index=\"7\">\u015ei alte afirma\u0163ii f\u0103cute la B\u0103ile Tu\u015fnad au st\u00e2rnit reac\u0163ii din partea diploma\u0163iei de la Bucure\u015fti. \u00cen prima zi a evenimentului, secretarul de stat \u00een ministerul de externe al Ungariei,<strong> Nemeth Zsolt, \u015fi-a atras critici, dup\u0103 ce a spus c\u0103 regionalizarea, drapelul \u0162\u0103rii Secuilor \u015fi Universitatea de Medicin\u0103 \u015fi Farmacie din T\u00e2rgu Mure\u015f sunt probleme care \u0163in de democra\u0163ie.<\/strong><\/p>\n<p data-index=\"8\"><strong>Ministerul rom\u00e2n de Externe a replicat c\u0103 \u015ecoala de Var\u0103 de la B\u0103ile Tu\u015fnad seam\u0103n\u0103 cu o \u015fedin\u0163\u0103 a Guvernului Ungariei.<\/strong><\/p>\n<\/div>\n<p> Source URL: https:\/\/www.digi24.ro\/stiri\/actualitate\/politica\/ministerul-de-externe-e-inacceptabil-ca-scoala-de-la-baile-tusnad-sa-devina-tribuna-pentru-revizionism-100129<\/p>\n","protected":false},"excerpt":{"rendered":"<p>Reac\u0163ia diploma\u0163iei de la Bucure\u015fti vine la cinci zile dup\u0103 declara\u0163iile f\u0103cute de europarlamentarul Laszlo Tokes cu prilejul \u015ecolii de Var\u0103 care a avut loc la B\u0103ile Tu\u015fnad. &#8220;Este inacceptabil ca un eveniment politic organizat \u00een Rom\u00e2nia &#8211; \u015ecoala de Var\u0103 de la B\u0103ile Tu\u015fnad &#8211; s\u0103 devin\u0103 o tribun\u0103 pentru promovarea unor proiecte revizioniste, [&hellip;]<\/p>\n","protected":false},"author":1,"featured_media":223890,"comment_status":"open","ping_status":"","sticky":false,"template":"","format":"standard","meta":{"footnotes":""},"categories":[2],"tags":[11],"class_list":["post-223889","post","type-post","status-publish","format-standard","has-post-thumbnail","hentry","category-politics","tag-digi24"],"_links":{"self":[{"href":"https:\/\/analyse.optim.biz\/index.php?rest_route=\/wp\/v2\/posts\/223889","targetHints":{"allow":["GET"]}}],"collection":[{"href":"https:\/\/analyse.optim.biz\/index.php?rest_route=\/wp\/v2\/posts"}],"about":[{"href":"https:\/\/analyse.optim.biz\/index.php?rest_route=\/wp\/v2\/types\/post"}],"author":[{"embeddable":true,"href":"https:\/\/analyse.optim.biz\/index.php?rest_route=\/wp\/v2\/users\/1"}],"replies":[{"embeddable":true,"href":"https:\/\/analyse.optim.biz\/index.php?rest_route=%2Fwp%2Fv2%2Fcomments&post=223889"}],"version-history":[{"count":0,"href":"https:\/\/analyse.optim.biz\/index.php?rest_route=\/wp\/v2\/posts\/223889\/revisions"}],"wp:featuredmedia":[{"embeddable":true,"href":"https:\/\/analyse.optim.biz\/index.php?rest_route=\/wp\/v2\/media\/223890"}],"wp:attachment":[{"href":"https:\/\/analyse.optim.biz\/index.php?rest_route=%2Fwp%2Fv2%2Fmedia&parent=223889"}],"wp:term":[{"taxonomy":"category","embeddable":true,"href":"https:\/\/analyse.optim.biz\/index.php?rest_route=%2Fwp%2Fv2%2Fcategories&post=223889"},{"taxonomy":"post_tag","embeddable":true,"href":"https:\/\/analyse.optim.biz\/index.php?rest_route=%2Fwp%2Fv2%2Ftags&post=223889"}],"curies":[{"name":"wp","href":"https:\/\/api.w.org\/{rel}","templated":true}]}}