{"id":223875,"date":"2013-08-01T13:25:08","date_gmt":"2013-08-01T10:25:08","guid":{"rendered":"https:\/\/analyse.optim.biz\/?p=223875"},"modified":"2013-08-01T13:25:08","modified_gmt":"2013-08-01T10:25:08","slug":"l-tokes-noi-ardelenii-ne-am-saturat-ca-bucurestiul-sa-administreze-ardealul-ca-pe-un-soi-de-colonie","status":"publish","type":"post","link":"https:\/\/analyse.optim.biz\/?p=223875","title":{"rendered":"L. Tokes: Noi, ardelenii, ne-am s\u0103turat ca Bucure\u015ftiul s\u0103 administreze Ardealul ca pe un soi de colonie"},"content":{"rendered":"<div class=\"entry data-app-meta data-app-meta-article\" data-embed-base-url-canonical=\"https:\/\/www.digi24.ro\/embed\/stiri\/actualitate\/politica\/l-tokes-noi-ardelenii-ne-am-saturat-ca-bucurestiul-sa-administreze-ardealul-ca-pe-un-soi-de-colonie-100302\">\n<p data-index=\"1\"><img decoding=\"async\" src=\"https:\/\/analyse.optim.biz\/wp-content\/uploads\/2024\/09\/zyz3ptgwmczoyxnopwfhmwe2ogixzjawmtblodu4odjknjq3ytuyzwezzjq1-thumb_.jpg\" data-skip-htmlfix=\"1\" title=\"zyz3ptgwmczoyxnopwfhmwe2ogixzjawmtblodu4odjknjq3ytuyzwezzjq1-thumb_\"><\/p>\n<p data-index=\"2\">Deputatul maghiar \u00een Parlamentul European a transmis, printr-un comunicat de pres\u0103, reac\u021bia sa la crticile premierului Victor Ponta fa\u021b\u0103 de afirma\u021biile de la Tu\u0219nad.<\/p>\n<p data-index=\"3\"><strong>\u201eRegret c\u0103 n-avem un pre\u015fedinte al Rom\u00e2niei care s\u0103-\u015fi \u00eendeplineasc\u0103 atribu\u0163iile constitu\u0163ionale \u015fi s\u0103 ia pozi\u0163ie atunci c\u00e2nd sunt atacate integritatea teritorial\u0103 \u015fi independen\u0163a statului rom\u00e2n\u2026\u201d<\/strong>, spusese \u0219eful Executivului.<\/p>\n<p data-index=\"4\"><strong>\u201eDrept r\u0103spuns, doresc s\u0103 \u00eei pun \u00een vedere premierului plagiator urm\u0103toarele:<\/strong><\/p>\n<p data-index=\"5\"><strong>R\u0103m\u00e2n\u00e2nd la exemplul Tirolului de Sud, vreau s\u0103 atrag aten\u0163ia c\u0103 atunci c\u00e2nd Austria s-a \u00een\u0163eles cu Italia referitor la protectorat, a recunoscut frontiera de stat a acesteia. Prin urmare, nici nu se pune problema, ca cineva s\u0103 amenin\u0163e integritatea teritorial\u0103 a Rom\u00e2niei sau grani\u0163ele ei.<\/strong><\/p>\n<p data-index=\"6\"><strong>Iar, \u00een ceea ce prive\u015fte ideea independen\u0163ei: domnul Ponta ar trebui s\u0103 se \u00eentrebe mai degrab\u0103, ce suveranitate mai are \u0163ara pe care o conduce, dup\u0103 ce a amanetat-o, practic, Fondului Monetar Interna\u0163ional\u201d<\/strong>, a precizat Laszlo Tokes.<\/p>\n<p data-index=\"7\"><strong>\u201eNoi, ardelenii, ne-am s\u0103turat ca Bucure\u015fti-ul s\u0103 administreze Ardealul ca pe un soi de colonie. Istoria ultimelor decenii a demonstrat \u2013 mai mult sau mai pu\u0163in \u2013 c\u0103, \u00een mod succesiv, puterea de la Bucure\u015fti este incapabil\u0103 de o guvernare corespunz\u0103toare, cre\u00e2nd \u00een general mai multe probleme Rom\u00e2niei, dec\u00e2t solu\u0163ii. Dup\u0103 ce au dus \u0163ara \u00een faliment, acum \u00eencearc\u0103 s\u0103 dreag\u0103 busuiocul cu credite externe \u015fi minciuni politice\u201d<\/strong>, a declarat europarlamentarul.<\/p>\n<p data-index=\"8\"><strong>\u201e\u00cen calitate de cet\u0103\u0163ean european \u015fi maghiar din Ardeal, cer s\u0103 fim l\u0103sa\u0163i s\u0103 ne rezolv\u0103m problemele noastre proprii, ceea ce ar fi benefic nu doar rom\u00e2nilor \u015fi maghiarilor din Ardeal, ci \u00eentregii \u0163\u0103ri. Dac\u0103 cineva nu vede asta, atunci ori e orb, ori \u00ee\u015fi vede doar propriile interese \u015fi propria putere. Nota de plat\u0103 pentru aceste comportamente, \u00eens\u0103, ne revine tot nou\u0103, cet\u0103\u0163enilor contribuabili ai Rom\u00e2niei\u201d<\/strong>, a conchis Laszlo Tokes.<\/p>\n<p data-index=\"9\">Afirma\u021biile europarlamentarului au fost criticate \u0219i de oficialii Ministerului Afacerilor Externe.<\/p>\n<p data-index=\"10\"><strong>\u201eEste inacceptabil ca un eveniment politic organizat \u00een Rom\u00e2nia &#8211; \u015ecoala de Var\u0103 de la B\u0103ile Tu\u015fnad &#8211; s\u0103 devin\u0103 <a href=\"https:\/\/www.digi24.ro\/Stiri\/Digi24\/Actualitate\/Politica\/Ministerul+de+Externe+E+inacceptabil+ca+Scoala+de+la+Baile+Tusna\" target=\"_blank\" data-skip-linkfix=\"1\" rel=\"noopener\">o tribun\u0103 pentru promovarea unor proiecte revizioniste<\/a>, care pun sub semnul \u00eentreb\u0103rii unitatea, integritatea \u015fi suveranitatea statului. Afirma\u0163iile europarlamentarului Tokes Laszlo cu privire la o autonomie a \u0162inutului Secuiesc, sub forma unui \u201eprotectorat\u201d, sunt expresia unei viziuni iredentiste cu sorginte \u00een perioada interbelic\u0103\u201d<\/strong>, arat\u0103 Ministerul Afacerilor Externe.<\/p>\n<p data-index=\"11\"><strong>M\u0103d\u0103lina Prundea<\/strong><\/p>\n<\/div>\n<p> Source URL: https:\/\/www.digi24.ro\/stiri\/actualitate\/politica\/l-tokes-noi-ardelenii-ne-am-saturat-ca-bucurestiul-sa-administreze-ardealul-ca-pe-un-soi-de-colonie-100302<\/p>\n","protected":false},"excerpt":{"rendered":"<p>Deputatul maghiar \u00een Parlamentul European a transmis, printr-un comunicat de pres\u0103, reac\u021bia sa la crticile premierului Victor Ponta fa\u021b\u0103 de afirma\u021biile de la Tu\u0219nad. \u201eRegret c\u0103 n-avem un pre\u015fedinte al Rom\u00e2niei care s\u0103-\u015fi \u00eendeplineasc\u0103 atribu\u0163iile constitu\u0163ionale \u015fi s\u0103 ia pozi\u0163ie atunci c\u00e2nd sunt atacate integritatea teritorial\u0103 \u015fi independen\u0163a statului rom\u00e2n\u2026\u201d, spusese \u0219eful Executivului. \u201eDrept r\u0103spuns, [&hellip;]<\/p>\n","protected":false},"author":1,"featured_media":223876,"comment_status":"open","ping_status":"","sticky":false,"template":"","format":"standard","meta":{"footnotes":""},"categories":[2],"tags":[11],"class_list":["post-223875","post","type-post","status-publish","format-standard","has-post-thumbnail","hentry","category-politics","tag-digi24"],"_links":{"self":[{"href":"https:\/\/analyse.optim.biz\/index.php?rest_route=\/wp\/v2\/posts\/223875","targetHints":{"allow":["GET"]}}],"collection":[{"href":"https:\/\/analyse.optim.biz\/index.php?rest_route=\/wp\/v2\/posts"}],"about":[{"href":"https:\/\/analyse.optim.biz\/index.php?rest_route=\/wp\/v2\/types\/post"}],"author":[{"embeddable":true,"href":"https:\/\/analyse.optim.biz\/index.php?rest_route=\/wp\/v2\/users\/1"}],"replies":[{"embeddable":true,"href":"https:\/\/analyse.optim.biz\/index.php?rest_route=%2Fwp%2Fv2%2Fcomments&post=223875"}],"version-history":[{"count":0,"href":"https:\/\/analyse.optim.biz\/index.php?rest_route=\/wp\/v2\/posts\/223875\/revisions"}],"wp:featuredmedia":[{"embeddable":true,"href":"https:\/\/analyse.optim.biz\/index.php?rest_route=\/wp\/v2\/media\/223876"}],"wp:attachment":[{"href":"https:\/\/analyse.optim.biz\/index.php?rest_route=%2Fwp%2Fv2%2Fmedia&parent=223875"}],"wp:term":[{"taxonomy":"category","embeddable":true,"href":"https:\/\/analyse.optim.biz\/index.php?rest_route=%2Fwp%2Fv2%2Fcategories&post=223875"},{"taxonomy":"post_tag","embeddable":true,"href":"https:\/\/analyse.optim.biz\/index.php?rest_route=%2Fwp%2Fv2%2Ftags&post=223875"}],"curies":[{"name":"wp","href":"https:\/\/api.w.org\/{rel}","templated":true}]}}