{"id":223864,"date":"2013-08-01T21:18:32","date_gmt":"2013-08-01T18:18:32","guid":{"rendered":"https:\/\/analyse.optim.biz\/?p=223864"},"modified":"2013-08-01T21:18:32","modified_gmt":"2013-08-01T18:18:32","slug":"tema-suspendarii-lui-t-basescu-prezinta-interes-doar-pentru-dan-voiculescu","status":"publish","type":"post","link":"https:\/\/analyse.optim.biz\/?p=223864","title":{"rendered":"Tema suspend\u0103rii lui T. B\u0103sescu prezint\u0103 interes doar pentru Dan Voiculescu"},"content":{"rendered":"<div class=\"entry data-app-meta data-app-meta-article\" data-embed-base-url-canonical=\"https:\/\/www.digi24.ro\/embed\/stiri\/actualitate\/politica\/tema-suspendarii-lui-t-basescu-prezinta-interes-doar-pentru-dan-voiculescu-100528\">\n<p data-index=\"1\">Oficial, la nivelul Uniunii Social Liberale nu s-a discutat despre declan\u015farea unei noi proceduri de suspendare a pre\u015fedintelui Traian B\u0103sescu. Liberalii nu consider\u0103 c\u0103 propunerea fondatorului Partidului Conservator, Dan Voiculescu, s-ar putea bucura de succes.<\/p>\n<p data-index=\"2\">\u201e<span>Mi se pare o gogoa\u015f\u0103. Ar fi o prostie acum c\u00e2nd mai este un an de pre\u015fedin\u0163ie. PNL nu vede o nou\u0103 suspendare nici posibil\u0103, nici oportun\u0103\u201d, a sus\u021binut Klaus Iohannis &#8211; primarul Sibiului, prim-vicepre\u015fedinte PNL.<\/span><\/p>\n<p data-index=\"3\">Deputatul PNL Alina Gorghiu recunoa\u015fte c\u0103 sunt \u015fanse minime pentru a se lua o decizie \u00een favoarea declan\u015f\u0103rii unei noi proceduri de suspendare a pre\u015fedintelui.<\/p>\n<p data-index=\"4\">\u201eTrebuie s\u0103 fim destul de precau\u0163i c\u00e2nd discut\u0103m \u00een spa\u0163iul public despre o nou\u0103 suspendare pentru c\u0103 efectele se vor vedea at\u00e2t \u00een plan intern c\u00e2t \u015fi \u00een plan extern. Un referendum presupune un prag de, \u00eenc\u0103, 50% \u015fi ne afl\u0103m \u00een fa\u0163a aceleia\u015fi dificult\u0103\u0163i pentru a \u00eentruni pragul pentru validarea referendumului\u201d, este de p\u0103rere Alina Gorghiu.<\/p>\n<p data-index=\"5\">Nici liderii social-democra\u0163ii nu cred c\u0103 propunerea conservatorilor ar fi oportun\u0103. Invitat la Digi24, ministrul Marilor Proiecte, Dan \u015eova, sus\u0163ine c\u0103 declara\u0163iile pre\u015fedintelui Traian B\u0103sescu ar trebui ignorate.<\/p>\n<p data-index=\"6\">\u201eNoi avem obliga\u0163ia s\u0103 nu ne l\u0103s\u0103m irita\u0163i, chiar dac\u0103 sunt ni\u015fte lucrui care par mai greu acceptabile. Dac\u0103 pe noi oamenii ne-au votat mai mul\u0163i, nu ne-au votat ca s\u0103 ne r\u0103fuim cu domnul B\u0103sescu, ci ne-au votat ca s\u0103 scoatem \u0163ara \u00een care i-a lasat B\u0103sescu\u201d, a declarat Dan \u015eova, ministrul Marilor Proiecte de Infrastructur\u0103.<\/p>\n<p data-index=\"7\">De aceea\u015fi p\u0103rere este \u015fi senatorul PSD, Toni Grebl\u0103.<\/p>\n<p data-index=\"8\">\u201e<span>Consecin\u0163ele negative ar fi mai multe fa\u0163\u0103 de cele pozitive, astfel \u00eenc\u00e2t nu poate fi acum oportun\u0103 o astfel de procedur\u0103, chiar \u015fi \u00een varianta \u00een care pre\u015fedintele abuzeaz\u0103 de prerogativele func\u0163iilor sale\u201d, a declarat acesta.<\/span><\/p>\n<p data-index=\"9\">Opozi\u0163ia consider\u0103 c\u0103 tema unei suspend\u0103ri nu mai prezint\u0103 interes pentru USL, ci doar pentru Dan Voiculescu.<\/p>\n<p data-index=\"10\">\u201e<span>E o perdea de fum peste problemele lui Voiculescu din instan\u0163\u0103. Nu cred ca se va ajunge la o nou\u0103 suspendare\u201d, este de p\u0103rere Mircea Toader, liderul deputa\u021bilor PDL.<\/span><\/p>\n<p data-index=\"11\">Ipoteza unei noi suspend\u0103ri este \u00eens\u0103 luat\u0103 \u00een calcul chiar de cel vizat de un astfel de demers &#8211; pre\u015fedintele Traian B\u0103sescu. El spune c\u0103 ideea a redevenit actual\u0103 \u00een r\u00e2ndurile puterii dup\u0103 aducerea lui Omar Hayssam \u00een \u0163ar\u0103, care ar putea face dezv\u0103luiri incomode despre rela\u0163iile sale cu lideri ai PSD \u015fi PNL.<\/p>\n<\/div>\n<p> Source URL: https:\/\/www.digi24.ro\/stiri\/actualitate\/politica\/tema-suspendarii-lui-t-basescu-prezinta-interes-doar-pentru-dan-voiculescu-100528<\/p>\n","protected":false},"excerpt":{"rendered":"<p>Oficial, la nivelul Uniunii Social Liberale nu s-a discutat despre declan\u015farea unei noi proceduri de suspendare a pre\u015fedintelui Traian B\u0103sescu. Liberalii nu consider\u0103 c\u0103 propunerea fondatorului Partidului Conservator, Dan Voiculescu, s-ar putea bucura de succes. \u201eMi se pare o gogoa\u015f\u0103. Ar fi o prostie acum c\u00e2nd mai este un an de pre\u015fedin\u0163ie. PNL nu vede [&hellip;]<\/p>\n","protected":false},"author":1,"featured_media":223865,"comment_status":"open","ping_status":"","sticky":false,"template":"","format":"standard","meta":{"footnotes":""},"categories":[2],"tags":[11],"class_list":["post-223864","post","type-post","status-publish","format-standard","has-post-thumbnail","hentry","category-politics","tag-digi24"],"_links":{"self":[{"href":"https:\/\/analyse.optim.biz\/index.php?rest_route=\/wp\/v2\/posts\/223864","targetHints":{"allow":["GET"]}}],"collection":[{"href":"https:\/\/analyse.optim.biz\/index.php?rest_route=\/wp\/v2\/posts"}],"about":[{"href":"https:\/\/analyse.optim.biz\/index.php?rest_route=\/wp\/v2\/types\/post"}],"author":[{"embeddable":true,"href":"https:\/\/analyse.optim.biz\/index.php?rest_route=\/wp\/v2\/users\/1"}],"replies":[{"embeddable":true,"href":"https:\/\/analyse.optim.biz\/index.php?rest_route=%2Fwp%2Fv2%2Fcomments&post=223864"}],"version-history":[{"count":0,"href":"https:\/\/analyse.optim.biz\/index.php?rest_route=\/wp\/v2\/posts\/223864\/revisions"}],"wp:featuredmedia":[{"embeddable":true,"href":"https:\/\/analyse.optim.biz\/index.php?rest_route=\/wp\/v2\/media\/223865"}],"wp:attachment":[{"href":"https:\/\/analyse.optim.biz\/index.php?rest_route=%2Fwp%2Fv2%2Fmedia&parent=223864"}],"wp:term":[{"taxonomy":"category","embeddable":true,"href":"https:\/\/analyse.optim.biz\/index.php?rest_route=%2Fwp%2Fv2%2Fcategories&post=223864"},{"taxonomy":"post_tag","embeddable":true,"href":"https:\/\/analyse.optim.biz\/index.php?rest_route=%2Fwp%2Fv2%2Ftags&post=223864"}],"curies":[{"name":"wp","href":"https:\/\/api.w.org\/{rel}","templated":true}]}}