{"id":223842,"date":"2013-08-01T23:36:41","date_gmt":"2013-08-01T20:36:41","guid":{"rendered":"https:\/\/analyse.optim.biz\/?p=223842"},"modified":"2013-08-01T23:36:41","modified_gmt":"2013-08-01T20:36:41","slug":"impartial-sedinta-csat-pe-tema-privatizarii-cfr-marfa-intre-joc-si-dezmat-de-comunicare","status":"publish","type":"post","link":"https:\/\/analyse.optim.biz\/?p=223842","title":{"rendered":"Impar\u021bial. \u0218edin\u021ba CSAT pe tema privatiz\u0103rii CFR Marf\u0103, \u00eentre \u201ejoc\u201d \u0219i \u201edezm\u0103\u021b de comunicare\u201d"},"content":{"rendered":"<div class=\"entry data-app-meta data-app-meta-article\" data-embed-base-url-canonical=\"https:\/\/www.digi24.ro\/embed\/stiri\/actualitate\/politica\/impartial-sedinta-csat-pe-tema-privatizarii-cfr-marfa-intre-joc-si-dezmat-de-comunicare-100576\">\n<p data-index=\"1\"><strong>\u201e<\/strong><span><strong>E joc. Traian B\u0103sescu folose\u015fte vara, iar politicienii se duc \u00een concediu. Traian B\u0103sescu a \u015ftiut s\u0103 foloseasc\u0103 vara din 2005 incoace. \u00ce\u0219i preg\u0103te\u015fte toamna, care va fi agitat\u0103. Traian B\u0103sescu este in form\u0103 \u015fi vom avea o conferin\u0163\u0103 de pres\u0103 dup\u0103 CSAT, la 19\u201d<\/strong>, a spus Cristian P\u00e2rvulescu, pre\u0219edintele asocia\u021biei Pro Democra\u021bia, \u00een emisiunea \u201eImpar\u021bial\u201d, de la <strong>Digi24<\/strong>.<\/span><\/p>\n<p data-index=\"2\">Coment\u00e2nd despre faptul c\u0103 pre\u0219edin\u021bia a afirmat c\u0103 CSAT nu se ocup\u0103 de contracte comerciale, cu c\u00e2teva zile \u00eenainte ca Traian B\u0103sescu s\u0103 anun\u021be \u0219edin\u021ba cu privire la hot\u0103r\u00e2rea de guvern legat\u0103 de privatizarea CFR Marf\u0103, purt\u0103torul de cuv\u00e2nt al PDL Adriana S\u0103ftoiu a apreciat drept un \u201edezm\u0103\u021b de comunicare\u201d at\u00e2t subiectul CFR Marf\u0103, c\u00e2t \u0219i cel despre <a href=\"https:\/\/www.digi24.ro\/Stiri\/Digi24\/Actualitate\/Justitie\/Omar+Hayssam+judecat+la+Tribunalul+Bucuresti+in+dosarul+Bucovina\" target=\"_blank\" data-skip-linkfix=\"1\" rel=\"noopener\">Omar Hayssam<\/a>.<\/p>\n<p data-index=\"3\"><strong>\u201e<\/strong><span><strong>Ar\u0103t\u0103 a dezm\u0103\u0163 de comunicare. Pre\u015fedintele \u015fi premierul, dac\u0103 ar fi politicieni responsabili, nu putea fi discutat cum a fost discutat public. Dac\u0103 vrei s\u0103 faci privatizarea corect, trebuiau s\u0103 se int\u00e2lneasc\u0103 \u015fi s\u0103-i spun\u0103 ce rezerve are. E limpede c\u0103 ceva nu e \u00een regul\u0103. Ponta nu las\u0103 din m\u00e2n\u0103 subiectul care-i poate aduce succes. Doi oameni responsabili discutau f\u0103r\u0103 balamuc\u201d<\/strong>, a afirmat purt\u0103torul de cuv\u00e2nt al PDL.<\/span><\/p>\n<p data-index=\"4\">Pre\u015fedintele Traian B\u0103sescu a decis <a href=\"https:\/\/www.digi24.ro\/Stiri\/Digi24\/Actualitate\/Stiri\/T+Basescu+a+convocat+pentru+vineri+sedinta+CSAT+in+legatura+cu+p\" target=\"_blank\" data-skip-linkfix=\"1\" rel=\"noopener\">convocarea de urgen\u0163\u0103 a CSAT<\/a>, vineri. Administra\u0163ia Preziden\u0163ial\u0103 a men\u0163ionat c\u0103 joi, la ora 17.05, la Secretariatul CSAT a fost depus\u0103 o solicitarea a Guvernului pentru convocarea unei \u015fedin\u0163e a Consiliului legat de HG din 24 iulie privind CFR Marf\u0103.<\/p>\n<\/div>\n<p> Source URL: https:\/\/www.digi24.ro\/stiri\/actualitate\/politica\/impartial-sedinta-csat-pe-tema-privatizarii-cfr-marfa-intre-joc-si-dezmat-de-comunicare-100576<\/p>\n","protected":false},"excerpt":{"rendered":"<p>\u201eE joc. Traian B\u0103sescu folose\u015fte vara, iar politicienii se duc \u00een concediu. Traian B\u0103sescu a \u015ftiut s\u0103 foloseasc\u0103 vara din 2005 incoace. \u00ce\u0219i preg\u0103te\u015fte toamna, care va fi agitat\u0103. Traian B\u0103sescu este in form\u0103 \u015fi vom avea o conferin\u0163\u0103 de pres\u0103 dup\u0103 CSAT, la 19\u201d, a spus Cristian P\u00e2rvulescu, pre\u0219edintele asocia\u021biei Pro Democra\u021bia, \u00een emisiunea [&hellip;]<\/p>\n","protected":false},"author":1,"featured_media":223843,"comment_status":"open","ping_status":"","sticky":false,"template":"","format":"standard","meta":{"footnotes":""},"categories":[2],"tags":[11],"class_list":["post-223842","post","type-post","status-publish","format-standard","has-post-thumbnail","hentry","category-politics","tag-digi24"],"_links":{"self":[{"href":"https:\/\/analyse.optim.biz\/index.php?rest_route=\/wp\/v2\/posts\/223842","targetHints":{"allow":["GET"]}}],"collection":[{"href":"https:\/\/analyse.optim.biz\/index.php?rest_route=\/wp\/v2\/posts"}],"about":[{"href":"https:\/\/analyse.optim.biz\/index.php?rest_route=\/wp\/v2\/types\/post"}],"author":[{"embeddable":true,"href":"https:\/\/analyse.optim.biz\/index.php?rest_route=\/wp\/v2\/users\/1"}],"replies":[{"embeddable":true,"href":"https:\/\/analyse.optim.biz\/index.php?rest_route=%2Fwp%2Fv2%2Fcomments&post=223842"}],"version-history":[{"count":0,"href":"https:\/\/analyse.optim.biz\/index.php?rest_route=\/wp\/v2\/posts\/223842\/revisions"}],"wp:featuredmedia":[{"embeddable":true,"href":"https:\/\/analyse.optim.biz\/index.php?rest_route=\/wp\/v2\/media\/223843"}],"wp:attachment":[{"href":"https:\/\/analyse.optim.biz\/index.php?rest_route=%2Fwp%2Fv2%2Fmedia&parent=223842"}],"wp:term":[{"taxonomy":"category","embeddable":true,"href":"https:\/\/analyse.optim.biz\/index.php?rest_route=%2Fwp%2Fv2%2Fcategories&post=223842"},{"taxonomy":"post_tag","embeddable":true,"href":"https:\/\/analyse.optim.biz\/index.php?rest_route=%2Fwp%2Fv2%2Ftags&post=223842"}],"curies":[{"name":"wp","href":"https:\/\/api.w.org\/{rel}","templated":true}]}}