{"id":223839,"date":"2013-08-02T08:58:05","date_gmt":"2013-08-02T05:58:05","guid":{"rendered":"https:\/\/analyse.optim.biz\/?p=223839"},"modified":"2013-08-02T08:58:05","modified_gmt":"2013-08-02T05:58:05","slug":"guvernul-deranjat-de-convocarea-de-urgenta-a-csat-in-vacanta-o-fortare-a-lui-t-basescu","status":"publish","type":"post","link":"https:\/\/analyse.optim.biz\/?p=223839","title":{"rendered":"Guvernul, deranjat de convocarea de urgen\u021b\u0103 a CSAT \u00een vacan\u021b\u0103: O \u201efor\u021bare\u201d a lui T. B\u0103sescu"},"content":{"rendered":"<div class=\"entry data-app-meta data-app-meta-article\" data-embed-base-url-canonical=\"https:\/\/www.digi24.ro\/embed\/stiri\/actualitate\/politica\/guvernul-deranjat-de-convocarea-de-urgenta-a-csat-in-vacanta-o-fortare-a-lui-t-basescu-100647\">\n<p data-index=\"1\"><img decoding=\"async\" src=\"https:\/\/analyse.optim.biz\/wp-content\/uploads\/2024\/09\/mznmmzayzdqxmjzindy1yzq1nzi5ztu5owjkyg-thumb_.jpg\" data-skip-htmlfix=\"1\" title=\"mznmmzayzdqxmjzindy1yzq1nzi5ztu5owjkyg-thumb_\"><\/p>\n<p data-index=\"2\">\u00cen comunicatul de pres\u0103 trannsmis vineri diminea\u021b\u0103, Guvernul precizeaz\u0103 c\u0103 nu a solicitat convocarea de urgen\u021b\u0103 a CSAT cu privire la Hot\u0103r\u00e2rea de Guvern nr. 526 din 24 iulie 2013 pentru aprobarea condi\u0163iilor principale ale contractului de privatizare a CFR Marf\u0103.<\/p>\n<p data-index=\"3\">\u201eGuvernul Rom\u00e2niei precizeaz\u0103 faptul c\u0103 nu a cerut convocarea \u201ede urgen\u0163\u0103\u201d a CSAT, ci a solicitat pre\u015fedintelui s\u0103 dispun\u0103 includerea pe ordinea de zi a proximei \u015fedin\u0163e a Consiliului a proiectului de HG amintit anterior\u201d, se arat\u0103 \u00een comunicatul Executivului.<\/p>\n<p data-index=\"4\">\u201eGuvernul Rom\u00e2niei consider\u0103 c\u0103 discutarea \u00een CSAT a subiectului nu trebuie s\u0103 aib\u0103 drept scop sau consecin\u0163\u0103 pasarea responsabilit\u0103\u0163ii \u00eentre institu\u0163iile statului, ci eventuala eviden\u0163iere a unor informa\u0163ii noi, care pot pune la \u00eendoial\u0103 viabilitatea procesului de privatizare a CFR Marf\u0103, sau care pot elimina dubiile ridicate \u00een ultima perioad\u0103. F\u0103r\u0103 o astfel de clarificare, procesul de privatizare nu poate fi continuat\u201d, <a href=\"http:\/\/gov.ro\/guvernul-romaniei-asteapta-in-continuare-un-punct-de-vedere-al-consiliului-suprem-de-aparare-a-tarii-cu-privire-la-privatizarea-cfr-marfa__l1a120648.html\" target=\"_blank\" data-skip-linkfix=\"1\" rel=\"noopener\">se men\u021bioneaz\u0103 \u00een document<\/a>.<\/p>\n<p data-index=\"5\">Conform comunicatului de vineri diminea\u021b\u0103, \u201eGuvernul Rom\u00e2niei vede ca fiind o for\u0163are decizia pre\u015fedintelui de a convoca \u201ede urgen\u0163\u0103\u201d CSAT, cunoscut fiind faptul c\u0103 hot\u0103r\u00e2rile \u00een cadrul Consiliului se iau cu unanimitate de voturi a celor prezen\u0163i, \u00een condi\u0163iile \u00eendeplinirii cvorumului, ceea ce nu ar fi posibil \u00een cazul particip\u0103rii la \u015fedin\u0163\u0103 a cuiva f\u0103r\u0103 drept de vot\u201d, conchide Executivul.<\/p>\n<p data-index=\"6\">Pe de alt\u0103 parte, <a href=\"https:\/\/www.digi24.ro\/Stiri\/Digi24\/Economie\/Stiri\/Privatizarea+CFR+Marfa+angajament+in+fata+FMI\" target=\"_blank\" data-skip-linkfix=\"1\" rel=\"noopener\">autorit\u0103\u021bile s-au angajat, a\u0219a cum apare \u00een scrisoarea de inten\u021bie a Rom\u00e2niei pentru FMI, ca privatizarea CFR Marf\u0103 s\u0103 fie finalizat\u0103 p\u00e2n\u0103 \u00een septembrie<\/a>. Termenul-limit\u0103 este data de 23 septembrie pentru \u00eencheierea contractului.<\/p>\n<p data-index=\"7\">Guvernul a ata\u0219at documentele trimise catre CSAT, respectiv <a href=\"http:\/\/www.gov.ro\/upload\/articles\/120648\/adresa-ref-includerea-hg-pt-aprobarea-contractului-de-v-nzare-cumparare-a-cfr-marf-pe-ordinea-de-zi-a-csat.pdf\" target=\"_blank\" data-skip-linkfix=\"1\" rel=\"noopener\">adresa pentru includerea HG pe ordinea de zi<\/a> \u0219i <a href=\"http:\/\/www.gov.ro\/upload\/articles\/120648\/solicitare-ref-includere-pe-ordinea-de-zi-a-csat-a-hg-526-din24-07-2013.pdf\" target=\"_blank\" data-skip-linkfix=\"1\" rel=\"noopener\">solicitarea de includere a HG pe ordinea de zi a CSAT<\/a>.<\/p>\n<p data-index=\"8\">Conform legii, \u00een cazul vacan\u021bei, dac\u0103 premierul sau mini\u0219trii nu pot fi prezen\u021bi la \u0219edin\u021b\u0103, desemneaz\u0103 \u00eenlocuitori f\u0103r\u0103 drept de vot. <a href=\"https:\/\/www.digi24.ro\/Stiri\/Digi24\/Actualitate\/Politica\/Sedinta+cu+Guvern+in+vacanta+Cum+se+iau+deciziile+in+CSAT\" target=\"_blank\" data-skip-linkfix=\"1\" rel=\"noopener\">Deciziile \u00een CSAT se iau \u00een consens<\/a>.<\/p>\n<h5><strong>Traseul declara\u021biilor conflictuale<\/strong><\/h5>\n<p data-index=\"9\">\u00cen ultimele dou\u0103 s\u0103pt\u0103m\u00e2ni exist\u0103 un conflict \u00eentre pre\u0219edin\u021bie \u0219i Palatul Victoria. Chiar \u0219i ast\u0103zi, Victor Ponta \u00eel acuza pe Traian B\u0103sescu c\u0103 saboteaz\u0103 \u021bara, iar ieri, \u00een \u0219edin\u021ba de guvern, premierul vorbea de o telenovel\u0103 dirijat\u0103 de la Cotroceni, \u00een ceea ce prive\u0219te CFR Marf\u0103.<\/p>\n<p data-index=\"10\">Practic,\u00a0<a href=\"https:\/\/www.digi24.ro\/Stiri\/Digi24\/Economie\/Stiri\/Victor+Ponta+Aprobam+astazi+proiectul+de+privatizare+a+CFR+Marfa\" target=\"_blank\" data-skip-linkfix=\"1\" rel=\"noopener\"><strong>p<\/strong><\/a><span lang=\"en-US\"><a href=\"https:\/\/www.digi24.ro\/Stiri\/Digi24\/Economie\/Stiri\/Victor+Ponta+Aprobam+astazi+proiectul+de+privatizare+a+CFR+Marfa\" target=\"_blank\" data-skip-linkfix=\"1\" rel=\"noopener\"><strong>roiectul de hot\u0103r\u00e2re de Guvern privind aprobarea contractului cu GFR<\/strong><\/a>\u00a0pentru pachetul majoritar de ac\u0163iuni al CFR Marf\u0103 a fost aprobat s\u0103pt\u0103m\u00e2na trecut\u0103 \u00een \u0219edin\u021ba de Guvern. Lucrurile au luat \u00eens\u0103 o \u00eentors\u0103tur\u0103 \u00een momentul \u00een care Victor Ponta, care asigur\u0103 \u0219i interimatul la Transporturi, a cerut CSAT s\u0103 avizeze finalizarea procedurii de privatizare, \u00een condi\u021biile \u00een care Consiliului Suprem de Ap\u0103rare a \u021a\u0103rii \u00ee\u0219i d\u0103duse acordul pe aceast\u0103 procedur\u0103 \u00een luna februarie a acestui an.<\/span><\/p>\n<p data-index=\"11\">Decizia privind cererea avizului CSAT a venit dup\u0103 ce pre\u0219edintele Traian B\u0103sescu a avertizat public, \u00een cadrul unei conferin\u021be de la Palatul Cotroceni, c\u0103 Gruia Stoica, proprietarul Grupului Feroviar Rom\u00e2n, cel care a fost declarat c\u00e2\u0219tig\u0103tor la licita\u021be, nu ar avea bani pentru a cump\u0103ra compania de stat.<\/p>\n<p data-index=\"12\">\u201e<a href=\"https:\/\/www.digi24.ro\/Stiri\/Digi24\/Actualitate\/Stiri\/Declaratie+de+presa+a+presedintelui+de+la+ora+18+00\" target=\"_blank\" data-skip-linkfix=\"1\" rel=\"noopener\"><strong>\u00cengrijorarea mea cu privire la CFR Marf\u0103, mai vine dintr-o direc\u021bie<\/strong><\/a>. \u0218tiu c\u0103 cel care a c\u00e2\u0219tigat caut\u0103, cu oarecare disperare, bani la b\u0103nci, pentru a pl\u0103ti valoarea la care s-a negociat privatizarea. Marea mea problem\u0103 este c\u0103 \u0219tiind despre c\u00e2\u0219tig\u0103tor c\u0103 are anumite credite pe propria companie \u0219i c\u0103 acum trebuie s\u0103 \u00eemprumute circa 200 de milioane s\u0103 pl\u0103teasc\u0103 noua companie, din ce va face investi\u021bii s\u0103 modernizeze CFR Marf\u0103? A\u0219a s-a stabilit \u00een CSAT, s\u0103 se fac\u0103 o privatizare cu un investitor strategic. Dac\u0103 \u00een momentul de fa\u021b\u0103 investitorul \u00eemprumut\u0103 bani ca s\u0103 poat\u0103 pl\u0103ti compania \u0219i nu-i g\u0103se\u0219te, cel pu\u021bin p\u00e2n\u0103 \u00een momentul de fa\u021b\u0103, de unde o s\u0103 ia bani pentru modernizarea companiei?\u201d, spunea Traian B\u0103sescu s\u0103pt\u0103m\u00e2na trecut\u0103.<\/p>\n<\/div>\n<p> Source URL: https:\/\/www.digi24.ro\/stiri\/actualitate\/politica\/guvernul-deranjat-de-convocarea-de-urgenta-a-csat-in-vacanta-o-fortare-a-lui-t-basescu-100647<\/p>\n","protected":false},"excerpt":{"rendered":"<p>\u00cen comunicatul de pres\u0103 trannsmis vineri diminea\u021b\u0103, Guvernul precizeaz\u0103 c\u0103 nu a solicitat convocarea de urgen\u021b\u0103 a CSAT cu privire la Hot\u0103r\u00e2rea de Guvern nr. 526 din 24 iulie 2013 pentru aprobarea condi\u0163iilor principale ale contractului de privatizare a CFR Marf\u0103. \u201eGuvernul Rom\u00e2niei precizeaz\u0103 faptul c\u0103 nu a cerut convocarea \u201ede urgen\u0163\u0103\u201d a CSAT, ci [&hellip;]<\/p>\n","protected":false},"author":1,"featured_media":223840,"comment_status":"open","ping_status":"","sticky":false,"template":"","format":"standard","meta":{"footnotes":""},"categories":[2],"tags":[11],"class_list":["post-223839","post","type-post","status-publish","format-standard","has-post-thumbnail","hentry","category-politics","tag-digi24"],"_links":{"self":[{"href":"https:\/\/analyse.optim.biz\/index.php?rest_route=\/wp\/v2\/posts\/223839","targetHints":{"allow":["GET"]}}],"collection":[{"href":"https:\/\/analyse.optim.biz\/index.php?rest_route=\/wp\/v2\/posts"}],"about":[{"href":"https:\/\/analyse.optim.biz\/index.php?rest_route=\/wp\/v2\/types\/post"}],"author":[{"embeddable":true,"href":"https:\/\/analyse.optim.biz\/index.php?rest_route=\/wp\/v2\/users\/1"}],"replies":[{"embeddable":true,"href":"https:\/\/analyse.optim.biz\/index.php?rest_route=%2Fwp%2Fv2%2Fcomments&post=223839"}],"version-history":[{"count":0,"href":"https:\/\/analyse.optim.biz\/index.php?rest_route=\/wp\/v2\/posts\/223839\/revisions"}],"wp:featuredmedia":[{"embeddable":true,"href":"https:\/\/analyse.optim.biz\/index.php?rest_route=\/wp\/v2\/media\/223840"}],"wp:attachment":[{"href":"https:\/\/analyse.optim.biz\/index.php?rest_route=%2Fwp%2Fv2%2Fmedia&parent=223839"}],"wp:term":[{"taxonomy":"category","embeddable":true,"href":"https:\/\/analyse.optim.biz\/index.php?rest_route=%2Fwp%2Fv2%2Fcategories&post=223839"},{"taxonomy":"post_tag","embeddable":true,"href":"https:\/\/analyse.optim.biz\/index.php?rest_route=%2Fwp%2Fv2%2Ftags&post=223839"}],"curies":[{"name":"wp","href":"https:\/\/api.w.org\/{rel}","templated":true}]}}