{"id":223836,"date":"2013-08-02T09:07:45","date_gmt":"2013-08-02T06:07:45","guid":{"rendered":"https:\/\/analyse.optim.biz\/?p=223836"},"modified":"2013-08-02T09:07:45","modified_gmt":"2013-08-02T06:07:45","slug":"sedinta-cu-guvern-in-vacanta-cum-se-iau-deciziile-in-csat","status":"publish","type":"post","link":"https:\/\/analyse.optim.biz\/?p=223836","title":{"rendered":"\u0218edin\u021b\u0103 cu Guvern \u00een vacan\u021b\u0103. Cum se iau deciziile \u00een CSAT"},"content":{"rendered":"<div class=\"entry data-app-meta data-app-meta-article\" data-embed-base-url-canonical=\"https:\/\/www.digi24.ro\/embed\/stiri\/actualitate\/politica\/sedinta-cu-guvern-in-vacanta-cum-se-iau-deciziile-in-csat-100649\">\n<p data-index=\"1\"><img decoding=\"async\" src=\"https:\/\/analyse.optim.biz\/wp-content\/uploads\/2024\/09\/yjywnzjin2iwn2njnjy2mgiwzdi0ndhhote4-thumb_.jpg\" data-skip-htmlfix=\"1\" title=\"yjywnzjin2iwn2njnjy2mgiwzdi0ndhhote4-thumb_\"><\/p>\n<p data-index=\"2\">Confom legii, Consiliul Suprem de Ap\u0103rare a \u021b\u0103rii este compus din 13 membri, dintre care \u0219apte fac parte din Guvern. Cu alte cuvinte, sunt cei care ar trebui s\u0103 sus\u021bin\u0103 punctul de vedere al prim-ministrului Victor Ponta. Este vorba despre premier, care este \u0219i vicepre\u0219edinte al CSAT, de ministrul Ap\u0103r\u0103rii, ministrul Afacerilor Interne, ministrul Afacerilor Externe, ministrul Justi\u021biei, ministrul Finan\u021belor Publice \u0219i ministrul Economiei.<\/p>\n<p data-index=\"3\">Guvernul s-a ar\u0103tat, vineri diminea\u021ba, deranjat de convocarea de urgen\u021b\u0103 a CSAT \u00een vacan\u021b\u0103. <a href=\"http:\/\/bit.ly\/13GdteS\" target=\"_blank\" data-skip-linkfix=\"1\" rel=\"noopener\">Executivul consider\u0103 decizia pre\u0219edintelui, \u201eo for\u021bare\u201d<\/a>.<\/p>\n<p data-index=\"4\">La \u0219edin\u021bele CSAT mai particip\u0103 \u0219efii Serviciilor Secrete, consilierul prezinden\u021bial pentru securitate na\u021bional\u0103, \u0219eful statului Major General \u0219i secretarul CSAT. Pre\u0219edintele CSAT este \u0219eful statului.<\/p>\n<p data-index=\"5\">Problema este c\u0103 Guvernul a intrat \u00een vacan\u021b\u0103 pentru dou\u0103 s\u0103pt\u0103m\u00e2ni. A\u0219a c\u0103 este foarte posibil ca premierul, dar \u0219i mai mul\u021bi mini\u0219tri s\u0103 nu poat\u0103 fi prezen\u021bi la \u0219edin\u021b\u0103. \u00cen acest caz, desemneaz\u0103 \u00eenlocuitori f\u0103r\u0103 drept de vot. De altfel, \u00eenainte de a pleca \u00een concediu, premierul Victor Ponta anun\u021ba c\u0103 las\u0103 la Palatul Victoria un \u00eenlocuitor.<\/p>\n<p data-index=\"6\">\u00centrebat dac\u0103 se \u00eentoarce din concediu dac\u0103 se convoac\u0103 CSAT \u00een timpul concediului, Victor Ponta spunea: <strong>\u201eS\u0103-l convoace domnul pre\u0219edinte. De joi, am \u00eenlocuitor la conducerea Guvernului, care are dreptul de a m\u0103 reprezenta \u00een totalitate, dac\u0103 e ceva care apare \u00eentr-o or\u0103, dou\u0103 ore, domnul vicepremier Oprea are puteri depline\u201d<\/strong>.<\/p>\n<p data-index=\"7\">Pre\u0219edin\u021bia i-a r\u0103spuns premierului Victor Ponta prin comunicatul care anun\u021ba convocarea \u0219edin\u021bei CSAT.<\/p>\n<p data-index=\"8\"><strong>\u201e\u00cen cazul \u00een care prim-ministrul Guvernului Rom\u00e2niei, domnul Victor-Viorel Ponta, nu poate r\u0103spunde convoc\u0103rii la \u0219edin\u021ba CSAT este invitat, f\u0103r\u0103 drept de vot, conform legii, domnul viceprim-ministru Gabriel Oprea\u201d<\/strong>, se arat\u0103 \u00een comunicatul Administra\u021biei Preziden\u021biale.<\/p>\n<p data-index=\"9\">Invitat la emisiunea \u201eCultura Politic\u0103\u201d de la Digi24, consilierul preziden\u021bial pentru securitate na\u021bional\u0103 Iulian Fota a explicat c\u0103 titularii nu pot fi \u00eenlocui\u021bi \u00een orice condi\u021bii, ci doar cu aprobarea \u0219efului statului.<\/p>\n<p data-index=\"10\"><strong>\u201eRegulamentul spune cu aprobarea pre\u0219edintelui CSAT, deci nu e obligatorie participarea \u00eenlocuitorilor legali la \u0219edin\u021b\u0103. Toate aceste elemente \u00een perioada urmatoare ore, Seceratriatul va avea o noapte lung\u0103, vor fi analizate\u201d<\/strong>, a spus Iulian Fota.<\/p>\n<p data-index=\"11\">Este foarte important\u0103 prezen\u021ba a cel pu\u021bin dou\u0103 treimi dintre membrii CSAT pentru ca \u0219edin\u021ba s\u0103 poat\u0103 avea loc. De asemenea, hot\u0103r\u00e2rile CSAT se iau prin consens. Cu alte cuvinte, dac\u0103 nu este de acord toat\u0103 lumea cu o solu\u021bie, problema discutat\u0103 se am\u00e2n\u0103 pentru o sedin\u021b\u0103 ulterioar\u0103 a Consiliului.<\/p>\n<p data-index=\"12\">\u201eConsiliul lucreaz\u0103 \u00een prezen\u021ba a cel pu\u021bin dou\u0103 treimi din membri \u0219i adopt\u0103 hot\u0103r\u00e2ri prin consens\u201d, spune legea CSAT.<\/p>\n<\/div>\n<p> Source URL: https:\/\/www.digi24.ro\/stiri\/actualitate\/politica\/sedinta-cu-guvern-in-vacanta-cum-se-iau-deciziile-in-csat-100649<\/p>\n","protected":false},"excerpt":{"rendered":"<p>Confom legii, Consiliul Suprem de Ap\u0103rare a \u021b\u0103rii este compus din 13 membri, dintre care \u0219apte fac parte din Guvern. Cu alte cuvinte, sunt cei care ar trebui s\u0103 sus\u021bin\u0103 punctul de vedere al prim-ministrului Victor Ponta. Este vorba despre premier, care este \u0219i vicepre\u0219edinte al CSAT, de ministrul Ap\u0103r\u0103rii, ministrul Afacerilor Interne, ministrul Afacerilor [&hellip;]<\/p>\n","protected":false},"author":1,"featured_media":223837,"comment_status":"open","ping_status":"","sticky":false,"template":"","format":"standard","meta":{"footnotes":""},"categories":[2],"tags":[11],"class_list":["post-223836","post","type-post","status-publish","format-standard","has-post-thumbnail","hentry","category-politics","tag-digi24"],"_links":{"self":[{"href":"https:\/\/analyse.optim.biz\/index.php?rest_route=\/wp\/v2\/posts\/223836","targetHints":{"allow":["GET"]}}],"collection":[{"href":"https:\/\/analyse.optim.biz\/index.php?rest_route=\/wp\/v2\/posts"}],"about":[{"href":"https:\/\/analyse.optim.biz\/index.php?rest_route=\/wp\/v2\/types\/post"}],"author":[{"embeddable":true,"href":"https:\/\/analyse.optim.biz\/index.php?rest_route=\/wp\/v2\/users\/1"}],"replies":[{"embeddable":true,"href":"https:\/\/analyse.optim.biz\/index.php?rest_route=%2Fwp%2Fv2%2Fcomments&post=223836"}],"version-history":[{"count":0,"href":"https:\/\/analyse.optim.biz\/index.php?rest_route=\/wp\/v2\/posts\/223836\/revisions"}],"wp:featuredmedia":[{"embeddable":true,"href":"https:\/\/analyse.optim.biz\/index.php?rest_route=\/wp\/v2\/media\/223837"}],"wp:attachment":[{"href":"https:\/\/analyse.optim.biz\/index.php?rest_route=%2Fwp%2Fv2%2Fmedia&parent=223836"}],"wp:term":[{"taxonomy":"category","embeddable":true,"href":"https:\/\/analyse.optim.biz\/index.php?rest_route=%2Fwp%2Fv2%2Fcategories&post=223836"},{"taxonomy":"post_tag","embeddable":true,"href":"https:\/\/analyse.optim.biz\/index.php?rest_route=%2Fwp%2Fv2%2Ftags&post=223836"}],"curies":[{"name":"wp","href":"https:\/\/api.w.org\/{rel}","templated":true}]}}