{"id":223661,"date":"2013-08-07T12:23:20","date_gmt":"2013-08-07T09:23:20","guid":{"rendered":"https:\/\/analyse.optim.biz\/?p=223661"},"modified":"2013-08-07T12:23:20","modified_gmt":"2013-08-07T09:23:20","slug":"interactiv-credeti-ca-traian-basescu-ar-putea-candida-pentru-functia-de-presedinte-al-republicii-moldova","status":"publish","type":"post","link":"https:\/\/analyse.optim.biz\/?p=223661","title":{"rendered":"INTERACTIV.\u00a0Crede\u021bi c\u0103 Traian B\u0103sescu ar putea candida pentru func\u021bia de pre\u0219edinte al Republicii Moldova?"},"content":{"rendered":"<div class=\"entry data-app-meta data-app-meta-article\" data-embed-base-url-canonical=\"https:\/\/www.digi24.ro\/embed\/stiri\/actualitate\/politica\/interactiv-credeti-ca-traian-basescu-ar-putea-candida-pentru-functia-de-presedinte-al-republicii-moldova-102626\">\n<p data-index=\"1\"><img decoding=\"async\" src=\"https:\/\/analyse.optim.biz\/wp-content\/uploads\/2024\/09\/odawjmhhc2g9mjkzzji2mtq5mtlkodc2mgviogzjyzblndi0nwjizdi-thumb_.jpg\" data-skip-htmlfix=\"1\" title=\"odawjmhhc2g9mjkzzji2mtq5mtlkodc2mgviogzjyzblndi0nwjizdi-thumb_\">Unii politicieni \u0219i anali\u0219ti ru\u0219i iau chiar \u00een calcul posibilitatea ca Traian B\u0103sescu s\u0103 candideze pentru func\u021bia de pre\u0219edinte la Chi\u015fin\u0103u. \u0218eful statului rom\u00e2n a declarat zilele trecute c\u0103, dup\u0103 terminarea mandatului, i-ar pl\u0103cea s\u0103 aib\u0103 cet\u0103\u021benie moldoveneasc\u0103, \u00eens\u0103 a precizat c\u0103 legisla\u021bia din Republica Moldova prevede obligativitatea reziden\u021bei pe teritoriul moldovean pentru cel pu\u021bin zece ani.<\/p>\n<p data-index=\"2\">Consilierul preziden\u021bial <strong>Iulian Fota<\/strong> a declarat asear\u0103, \u00een emisiunea \u201eImpar\u021bial\u201d de la Digi24, c\u0103 reducerea taxelor consulare pentru cet\u0103\u021benii Republicii Moldova trebuie interpetat\u0103 prin prisma <a href=\"https:\/\/www.digi24.ro\/Stiri\/Digi24\/Actualitate\/Politica\/De+ce+pledeaza+T+Basescu+pentru+reducerea+taxelor+consulare+Iuli\" target=\"_blank\" data-skip-linkfix=\"1\" rel=\"noopener\">simpatiei pe care Traian B\u0103sescu o are pentru moldoveni<\/a>, dar \u0219i a ajutorului acordat \u00een a-\u0219i promova interesele europene.<\/p>\n<p data-index=\"3\"><strong>Dan Dungaciu<\/strong>, directorul Institutului de Rela\u0163ii Interna\u0163ionale al Academiei Rom\u00e2ne, a men\u021bionat, \u00een context, c\u0103 ministrul de Externe al Moldovei, dup\u0103 o vizit\u0103 la Bruxelles, viziteaz\u0103 \u0219i Moscova, din precau\u021bie.<\/p>\n<p data-index=\"4\"><strong>Crede\u021bi c\u0103 Traian B\u0103psescu ar putea candida, totu\u0219i, pentru func\u021bia de pre\u0219edinte al Republicii Moldova?<\/strong><\/p>\n<p data-index=\"5\"><strong>R\u0103spunde\u021bi la aceast\u0103 \u00eentrebare prin formularul de comentarii de mai jos, pe <a href=\"http:\/\/www.facebook.com\/Digi24HD\" target=\"_blank\" data-skip-linkfix=\"1\" rel=\"noopener\">Facebook<\/a> sau prin <a href=\"https:\/\/www.digi24.ro\/Utile\/DigiVOX\/\" target=\"_blank\" data-skip-linkfix=\"1\" rel=\"noopener\">formularul Digivox<\/a> \u0219i cele mai interesante opinii ale dumneavoastr\u0103 vor fi prezentate \u00een emisiunea Adrianei Nedelea, \u201eRom\u00e2nia 24\u201d, \u00eentre orele 14.00 \u0219i 16.00.<\/strong><\/p>\n<\/div>\n<p> Source URL: https:\/\/www.digi24.ro\/stiri\/actualitate\/politica\/interactiv-credeti-ca-traian-basescu-ar-putea-candida-pentru-functia-de-presedinte-al-republicii-moldova-102626<\/p>\n","protected":false},"excerpt":{"rendered":"<p>Unii politicieni \u0219i anali\u0219ti ru\u0219i iau chiar \u00een calcul posibilitatea ca Traian B\u0103sescu s\u0103 candideze pentru func\u021bia de pre\u0219edinte la Chi\u015fin\u0103u. \u0218eful statului rom\u00e2n a declarat zilele trecute c\u0103, dup\u0103 terminarea mandatului, i-ar pl\u0103cea s\u0103 aib\u0103 cet\u0103\u021benie moldoveneasc\u0103, \u00eens\u0103 a precizat c\u0103 legisla\u021bia din Republica Moldova prevede obligativitatea reziden\u021bei pe teritoriul moldovean pentru cel pu\u021bin [&hellip;]<\/p>\n","protected":false},"author":1,"featured_media":223662,"comment_status":"open","ping_status":"","sticky":false,"template":"","format":"standard","meta":{"footnotes":""},"categories":[2],"tags":[11],"class_list":["post-223661","post","type-post","status-publish","format-standard","has-post-thumbnail","hentry","category-politics","tag-digi24"],"_links":{"self":[{"href":"https:\/\/analyse.optim.biz\/index.php?rest_route=\/wp\/v2\/posts\/223661","targetHints":{"allow":["GET"]}}],"collection":[{"href":"https:\/\/analyse.optim.biz\/index.php?rest_route=\/wp\/v2\/posts"}],"about":[{"href":"https:\/\/analyse.optim.biz\/index.php?rest_route=\/wp\/v2\/types\/post"}],"author":[{"embeddable":true,"href":"https:\/\/analyse.optim.biz\/index.php?rest_route=\/wp\/v2\/users\/1"}],"replies":[{"embeddable":true,"href":"https:\/\/analyse.optim.biz\/index.php?rest_route=%2Fwp%2Fv2%2Fcomments&post=223661"}],"version-history":[{"count":0,"href":"https:\/\/analyse.optim.biz\/index.php?rest_route=\/wp\/v2\/posts\/223661\/revisions"}],"wp:featuredmedia":[{"embeddable":true,"href":"https:\/\/analyse.optim.biz\/index.php?rest_route=\/wp\/v2\/media\/223662"}],"wp:attachment":[{"href":"https:\/\/analyse.optim.biz\/index.php?rest_route=%2Fwp%2Fv2%2Fmedia&parent=223661"}],"wp:term":[{"taxonomy":"category","embeddable":true,"href":"https:\/\/analyse.optim.biz\/index.php?rest_route=%2Fwp%2Fv2%2Fcategories&post=223661"},{"taxonomy":"post_tag","embeddable":true,"href":"https:\/\/analyse.optim.biz\/index.php?rest_route=%2Fwp%2Fv2%2Ftags&post=223661"}],"curies":[{"name":"wp","href":"https:\/\/api.w.org\/{rel}","templated":true}]}}