{"id":223649,"date":"2013-08-07T14:05:26","date_gmt":"2013-08-07T11:05:26","guid":{"rendered":"https:\/\/analyse.optim.biz\/?p=223649"},"modified":"2013-08-07T14:05:26","modified_gmt":"2013-08-07T11:05:26","slug":"scandalurile-politice-ale-verii","status":"publish","type":"post","link":"https:\/\/analyse.optim.biz\/?p=223649","title":{"rendered":"Scandalurile politice ale verii"},"content":{"rendered":"<div class=\"entry data-app-meta data-app-meta-article\" data-embed-base-url-canonical=\"https:\/\/www.digi24.ro\/embed\/stiri\/actualitate\/politica\/scandalurile-politice-ale-verii-102692\">\n<p data-index=\"1\">Partidele de guvern\u0103m\u00e2nt au suspendat orice activitate. Iar din opozi\u0163ie, doar PDL mai face \u015fedin\u0163e, dar la care se ocup\u0103 mai mult cu luptele interne. Printre cei intra\u0163i \u00een dizgra\u0163ia colegilor se afl\u0103 Elena Udrea.<\/p>\n<p data-index=\"2\">\u00cen ultimele dou\u0103 s\u0103pt\u0103m\u00e2ni, aceasta a fost luat\u0103 \u015fi mai mult \u00een colimator de conducerea partidului dup\u0103 ce \u015fi-a publicat poze din vacan\u0163\u0103 pe contul de Facebook. A postat fotografii de pe yacht, din momentul c\u00e2nd \u00een\u0103l\u0163a lampioane sau c\u00e2nd se plimba pe malul m\u0103rii iar \u00een pres\u0103 au ap\u0103rut fotografii cu fostul ministru al Turismului \u00een costum de baie.<\/p>\n<p data-index=\"3\">Elena Udrea nu pare afectat\u0103 de amenin\u0163\u0103rile care vin dinspre conducerea PDL. La urm\u0103toarea \u015fedin\u0163\u0103, este posibil s\u0103 fie exclus\u0103 pentru lobby-ul pe care \u00eel face Mi\u015fc\u0103rii Populare. Avertismentul a venit direct de la Vasile Blaga.<\/p>\n<p data-index=\"4\"><img decoding=\"async\" src=\"https:\/\/analyse.optim.biz\/wp-content\/uploads\/2024\/09\/yjg0zgm4yzfmowmymjhizmqynme2mgq4mtnjyje-thumb_.jpg\" data-skip-htmlfix=\"1\" title=\"yjg0zgm4yzfmowmymjhizmqynme2mgq4mtnjyje-thumb_\"><\/p>\n<p data-index=\"5\">\u201eNu po\u0163i s\u0103 fii un membru fidel al PDL contribuind la construc\u0163ia unui alt partid. Ca sa fie foarte clar. Toti colegii vor trebui s\u0103 aiba o voce tran\u015fant\u0103: ce doresc \u00een via\u0163\u0103, \u00een PDL\u201d, a spus Vasile Blaga, pre\u015fedintele PDL.<\/p>\n<p data-index=\"6\">Europarlamentarul PSD Corina Cre\u0163u s-a trezit \u00een aceast\u0103 var\u0103 \u00een mijlocul unui scandal interna\u0163ional. Un hacker a spart conturile sale de e-mail \u015fi pe cele ale fostului secretar american de Stat Colin Powell \u0219i a publicat coresponden\u021ba dintre cei doi. Fostul oficial american a fost nevoit s\u0103 nege public existen\u021ba unei idile: \u201e\u00cemi trimitea fotografii frecvent. Multe fotografii de familie, cu nepoate ale ei, pe care le ador\u0103, de la reuniuni de familie, de la \u015fedin\u0163e oficiale de lucru, de la c\u0103s\u0103torie \u015fi ni\u015fte poze \u00een costum de baie&#8230; Niciodat\u0103 nimic nepotrivit\u201d.<\/p>\n<h5>Episodul Corina Cre\u021bu &#8211; Colin Powell<\/h5>\n<p data-index=\"7\">\u015ei Corina Cre\u0163u a reac\u0163ionat pe pagina sa de Facebook. ,,Unele site-uri din \u021bar\u0103 public\u0103 fotografii care, reamintesc opiniei publice, au fost furate din contul meu personal de e-mail printr-un act de piraterie informatic\u0103. Unele din aceste fotografii nu au nici un fel de leg\u0103tur\u0103 cu ceea ce se nume\u0219te \u201ecoresponden\u021ba mea cu Colin Powell\u201d, pur \u0219i simplu f\u0103ceau parte dintre amintirile mele personale (&#8230;) Consider un abuz folosirea public\u0103 a acestor poze\u201d.<\/p>\n<p data-index=\"8\">Ie\u015fit cu totul de pe scena politic\u0103, PRM a avut parte \u015fi el de un episod tensionat vara aceasta. Sup\u0103ra\u0163i c\u0103 nu au c\u00e2\u015ftigat niciun fel de alegeri, membrii Partidului Rom\u00e2nia Mare au decis s\u0103-l dea afar\u0103 pe pre\u015fedintele Corneliu Vadim Tudor.<\/p>\n<p data-index=\"9\">\u201e\u015ei Papa de la Roma poate fi debarcat prin votul lor, c\u0103 nu reprezint\u0103 pe nimeni. Cine a votat a\u015fa ceva ilegal \u015fi a participat la aceast\u0103 fars\u0103 sinistr\u0103 vor fi da\u0163i afar\u0103 din partid\u201d, a spus Corneliu Vadim Tudor, pre\u015fedintele revocat al PRM.<\/p>\n<h5>Episodul CFR Marf\u0103 &#8211; GFR<\/h5>\n<p data-index=\"10\">De departe, cel mai serios scandal al verii este privatizarea CFR Marf\u0103, care a redeschis r\u0103zboiul dintre Palate. Conflictul dintre pre\u015fedinte \u015fi premier nu mai are miza suspend\u0103rii de acum un an, un demers la care USL nu vrea s\u0103 se mai aventureze.<\/p>\n<\/div>\n<p> Source URL: https:\/\/www.digi24.ro\/stiri\/actualitate\/politica\/scandalurile-politice-ale-verii-102692<\/p>\n","protected":false},"excerpt":{"rendered":"<p>Partidele de guvern\u0103m\u00e2nt au suspendat orice activitate. Iar din opozi\u0163ie, doar PDL mai face \u015fedin\u0163e, dar la care se ocup\u0103 mai mult cu luptele interne. Printre cei intra\u0163i \u00een dizgra\u0163ia colegilor se afl\u0103 Elena Udrea. \u00cen ultimele dou\u0103 s\u0103pt\u0103m\u00e2ni, aceasta a fost luat\u0103 \u015fi mai mult \u00een colimator de conducerea partidului dup\u0103 ce \u015fi-a publicat [&hellip;]<\/p>\n","protected":false},"author":1,"featured_media":223650,"comment_status":"open","ping_status":"","sticky":false,"template":"","format":"standard","meta":{"footnotes":""},"categories":[2],"tags":[11],"class_list":["post-223649","post","type-post","status-publish","format-standard","has-post-thumbnail","hentry","category-politics","tag-digi24"],"_links":{"self":[{"href":"https:\/\/analyse.optim.biz\/index.php?rest_route=\/wp\/v2\/posts\/223649","targetHints":{"allow":["GET"]}}],"collection":[{"href":"https:\/\/analyse.optim.biz\/index.php?rest_route=\/wp\/v2\/posts"}],"about":[{"href":"https:\/\/analyse.optim.biz\/index.php?rest_route=\/wp\/v2\/types\/post"}],"author":[{"embeddable":true,"href":"https:\/\/analyse.optim.biz\/index.php?rest_route=\/wp\/v2\/users\/1"}],"replies":[{"embeddable":true,"href":"https:\/\/analyse.optim.biz\/index.php?rest_route=%2Fwp%2Fv2%2Fcomments&post=223649"}],"version-history":[{"count":0,"href":"https:\/\/analyse.optim.biz\/index.php?rest_route=\/wp\/v2\/posts\/223649\/revisions"}],"wp:featuredmedia":[{"embeddable":true,"href":"https:\/\/analyse.optim.biz\/index.php?rest_route=\/wp\/v2\/media\/223650"}],"wp:attachment":[{"href":"https:\/\/analyse.optim.biz\/index.php?rest_route=%2Fwp%2Fv2%2Fmedia&parent=223649"}],"wp:term":[{"taxonomy":"category","embeddable":true,"href":"https:\/\/analyse.optim.biz\/index.php?rest_route=%2Fwp%2Fv2%2Fcategories&post=223649"},{"taxonomy":"post_tag","embeddable":true,"href":"https:\/\/analyse.optim.biz\/index.php?rest_route=%2Fwp%2Fv2%2Ftags&post=223649"}],"curies":[{"name":"wp","href":"https:\/\/api.w.org\/{rel}","templated":true}]}}