{"id":223587,"date":"2013-08-08T11:27:09","date_gmt":"2013-08-08T08:27:09","guid":{"rendered":"https:\/\/analyse.optim.biz\/?p=223587"},"modified":"2013-08-08T11:27:09","modified_gmt":"2013-08-08T08:27:09","slug":"klaus-iohannis-un-nou-conflict-de-interese","status":"publish","type":"post","link":"https:\/\/analyse.optim.biz\/?p=223587","title":{"rendered":"Klaus Iohannis, un nou conflict de interese"},"content":{"rendered":"<div class=\"entry data-app-meta data-app-meta-article\" data-embed-base-url-canonical=\"https:\/\/www.digi24.ro\/embed\/stiri\/actualitate\/politica\/klaus-iohannis-un-nou-conflict-de-interese-103057\">\n<p data-index=\"1\"><strong><img decoding=\"async\" src=\"https:\/\/analyse.optim.biz\/wp-content\/uploads\/2024\/09\/nwrinzgyodi4mzm2mju4zty1ngy5mmywnwmyyq-thumb_.jpg\" data-skip-htmlfix=\"1\" title=\"nwrinzgyodi4mzm2mju4zty1ngy5mmywnwmyyq-thumb_\"><\/strong><\/p>\n<p data-index=\"2\"><strong>\u201eAgen\u021bia Na\u021bional\u0103 de Integritate a constatat \u00eenc\u0103lcarea regimului juridic al conflictului de interese \u00een materie administrativ\u0103 \u0219i penal\u0103 de c\u0103tre Klaus-Werner Iohannis (Primarul Municipiului Sibiu), \u00eentruc\u00e2t acesta a semnat, la data de 23 decembrie 2010, un contract de prest\u0103ri servicii \u00eencheiat \u00eentre Prim\u0103ria Municipiului Sibiu \u0219i S.C. Tipografia Honterus S.R.L., societate comercial\u0103 de\u021binut\u0103 de Forumul Democrat al Germanilor din Rom\u00e2nia (F.D.G.R.). Klaus-Werner Iohannis a de\u021binut func\u021bia de Pre\u0219edinte al F.D.G.R. \u00een perioada 2002 \u2013 2013\u201d<\/strong>, arat\u0103 <a href=\"http:\/\/www.integritate.eu\/1984\/section.aspx\/3388\" target=\"_blank\" data-skip-linkfix=\"1\" rel=\"noopener\">inspectorii ANI<\/a>.\u00a0<\/p>\n<p data-index=\"3\">Obiectul contractului semnat cu \u00eenc\u0103lcarea regimului juridic al conflictului de interese administrativ \u0219i penal de c\u0103tre Klaus-Werner Iohannis constituie servicii de informare \u0219i publicitate \u00een vederea implement\u0103rii Proiectului (cod SMIS: 4915) finan\u021bat din Fondul European de Dezvoltare Regional\u0103 (FEDR), Programul Opera\u021bional: Cre\u0219terea Competitivit\u0103\u021bii Economice 2007 \u2013 2013 (POS CCE), Axa Prioritar\u0103 3 \u201eTehnologia Informa\u021biei \u0219i Comunica\u021biilor (TIC) pentru sectoarele privat \u0219i public\u201d.<\/p>\n<p data-index=\"4\">De asemenea, Klaus-Werner Iohannis a aprobat, \u00een perioada ianuarie \u2013 iunie 2011, un num\u0103r de trei facturi fiscale \u00een vederea efectu\u0103rii pl\u0103\u021bilor c\u0103tre prestator (S.C. Tipografia Honterus S.R.L.).<\/p>\n<p data-index=\"5\">Astfel, Klaus-Werner Iohannis nu a respectat dispozi\u021biile art. 75, lit. b) \u0219i f) din Legea nr. 393\/2004 privind Statutul ale\u015filor locali, potrivit c\u0103rora \u201eAle\u015fii locali au un interes personal \u00eentr-o anumit\u0103 problem\u0103, dac\u0103 au posibilitatea s\u0103 anticipeze c\u0103 o decizie a autorit\u0103\u0163ii publice din care fac parte ar putea prezenta un beneficiu sau un dezavantaj pentru sine sau pentru: [\u2026] b) orice persoan\u0103 fizic\u0103 sau juridic\u0103 cu care au o rela\u0163ie de angajament, indiferent de natura acestuia [\u2026] f) o asocia\u0163ie sau funda\u0163ie din care fac parte\u201d. Primarul Municipiului Sibiu a \u00eenc\u0103lcat \u0219i dispozi\u021biile art. 2531 din Codul Penal al Rom\u00e2niei, potrivit c\u0103rora<strong> \u201eFapta func\u0163ionarului public care, \u00een exerci\u0163iul atribu\u0163iilor de serviciu, \u00eendepline\u015fte un act ori particip\u0103 la luarea unei decizii prin care s-a realizat, direct sau indirect, un folos material [&#8230;] pentru o alt\u0103 persoan\u0103 cu care s-a aflat \u00een raporturi comerciale ori de munc\u0103 \u00een ultimii 5 ani sau din partea c\u0103reia a beneficiat ori beneficiaz\u0103 de servicii sau foloase de orice natur\u0103, se pedepse\u015fte cu \u00eenchisoare de la 6 luni la 5 ani \u015fi interzicerea dreptului de a ocupa o func\u0163ie public\u0103 pe durat\u0103 maxim\u0103\u201d<\/strong>.<\/p>\n<p data-index=\"6\"><strong>Av\u00e2nd \u00een vedere cele de mai sus, s-a dispus sesizarea parchetului cu privire la posibila s\u0103v\u00e2r\u015fire de c\u0103tre Klaus-Werner Iohannis a infrac\u021biunii de conflict de interese, prev\u0103zut\u0103 de art. 2531 din Codul Penal al Rom\u00e2niei.<\/strong><\/p>\n<p data-index=\"7\">Potrivit ANI, Klaus-Werner Iohannis a fost informat despre declan\u0219area procedurii de evaluare, elementele identificate, precum \u0219i drepturile de care beneficiaz\u0103 &#8211; de a fi asistat sau reprezentat de un avocat \u015fi de a prezenta date sau informa\u021bii pe care le consider\u0103 necesare, personal ori prin transmiterea unui punct de vedere scris. Klaus-Werner Iohannis a depus la dosarul de evaluare un punct de vedere, \u00een exercitarea dreptului la ap\u0103rare.<\/p>\n<p data-index=\"8\">\u201eFapta persoanei cu privire la care s-a constatat [\u2026] \u00eenc\u0103lcarea obliga\u0163iilor legale privind [\u2026] starea de incompatibilitate constituie abatere disciplinar\u0103 \u015fi se sanc\u0163ioneaz\u0103 potrivit reglement\u0103rii aplicabile demnit\u0103\u0163ii, func\u0163iei sau activit\u0103\u0163ii respective [\u2026]\u201d.<\/p>\n<p data-index=\"9\">\u201ePersoana [\u2026] fa\u021b\u0103 de care s-a constatat [\u2026] starea de incompatibilitate este dec\u0103zut\u0103 din dreptul de a mai exercita o func\u021bie sau o demnitate public\u0103 [\u2026] pe o perioad\u0103 de 3 ani de la data eliber\u0103rii, destituirii din func\u021bia ori demnitatea public\u0103 respectiv\u0103 sau a \u00eencet\u0103rii de drept a mandatului. Dac\u0103 persoana a ocupat o func\u021bie eligibil\u0103, nu mai poate ocupa aceea\u0219i func\u021bie pe o perioad\u0103 de 3 ani de la \u00eencetarea mandatului\u201d.<\/p>\n<h5>Reac\u021bia primarului din Sibiu<\/h5>\n<p data-index=\"10\">Klaus Iohannis a fost \u00eentrebat, joi, \u00eentr-o conferin\u0163\u0103 de pres\u0103, cum comenteaz\u0103 anun\u0163ul f\u0103cut de ANI referitor la conflictul de interese \u00een care s-ar afla.<\/p>\n<p data-index=\"11\"><strong>\u201eNu e niciun conflict de interese dup\u0103 legea din aceast\u0103 republic\u0103\u201d<\/strong>, a r\u0103spuns Klaus Iohannis, citat de Mediafax.<\/p>\n<p data-index=\"12\">\u00centrebat \u00een continuare de ce a fost declan\u015fat\u0103 cercetarea, el a spus: \u201eAsta s\u0103 \u00eei \u00eentreba\u0163i pe ei\u201d.<\/p>\n<p data-index=\"13\">Primarul din Sibiu a ad\u0103ugat c\u0103 nu este \u00eens\u0103 surprins de anun\u0163ul f\u0103cut de ANI.<\/p>\n<p data-index=\"14\"><strong>\u201eNu m\u0103 surprinde. Este o &#8211; s\u0103 nu zic ceva ce poate fi interpretat &#8211; este o interpretare excesiv\u0103 a legisla\u0163iei. Sigur c\u0103 am fost pre\u015fedinte al Forumului (FDGR-n.r.), dar nu am fost nici m\u0103car reprezentant \u00een AGA la societatea Honterus, nici membru \u00een AGA \u015fi, ca \u015fi pre\u015fedinte al Forumului, am avut cu totul alte atribu\u0163ii dec\u00e2t de a m\u0103 ocupa de Honterus, iar ca \u015fi primar am semnat actele, evident, \u00een baza unor documente care au rezultat din licita\u0163ii publice. Deci nu poate s\u0103 fie (conflict de interese &#8211; n.r). S\u0103 nu vorbim de faptul c\u0103 legea ANI nici nu prevede aceast\u0103 spe\u0163\u0103. Este prev\u0103zut\u0103 \u00een alt\u0103 legisla\u0163ie \u015fi conflict de interese ar fi putut s\u0103 apar\u0103 \u00een m\u0103sura \u00een care a\u015f fi putut s\u0103 am un beneficiu \u00een urma acestui contract, or nici nu poate fi vorba de a\u015fa ceva fiindc\u0103 nu am fost \u00een niciun fel implicat \u00een activitatea societ\u0103\u0163ii Honterus. Deci o nou\u0103 spe\u0163\u0103 discutabil\u0103\u201d<\/strong>, a afirmat Klaus Iohannis.<\/p>\n<p data-index=\"15\">El a mai spus c\u0103 se afl\u0103 \u00een \u201eperfect\u0103 legalitate\u201d.<\/p>\n<p data-index=\"16\">\u201eNu pledez \u00een niciun fel. <strong>Eu sunt \u00een perfect\u0103 legalitate.<\/strong> V\u0103 da\u0163i seama c\u0103 aceste chestiuni le-am discutat cu juri\u015ftii \u00eenainte s\u0103 mergem pe varianta Tipografiei Honterus \u015fi am constatat c\u0103 nu este niciun fel de conflict de interese, a\u015fa c\u0103&#8230;\u201d, a ad\u0103ugat Klaus Iohannis, men\u0163ion\u00e2nd c\u0103 ac\u0163iunea ANI ar putea fi definit\u0103 ca \u201eun exces de zel\u201d.<\/p>\n<p data-index=\"17\">\u00centrebat dac\u0103 crede c\u0103 aceasta este comandat\u0103 de cineva, Klaus Iohannis a r\u0103spuns: \u201eNu pot s\u0103 afirm a\u015fa ceva, fiindc\u0103 nu am niciun fel de dovezi, dar nici contrariul nu l-a\u015f afirma\u201d.<\/p>\n<p data-index=\"18\">El a mai spus, r\u0103spunz\u00e2nd unor \u00eentreb\u0103ri, c\u0103 nu se simte h\u0103r\u0163uit, c\u0103 nu este surprins \u015fi c\u0103 se a\u015fteapt\u0103 s\u0103 mai urmeze astfel de ac\u0163iuni ale ANI.<\/p>\n<p data-index=\"19\"><strong>\u201eVor tot c\u0103uta p\u00e2n\u0103 c\u00e2nd tot vor g\u0103si ceva\u201d<\/strong>, a afirmat el.<\/p>\n<p data-index=\"20\">\u00centrebat care ar fi miza acestor ac\u0163iuni ale ANI, Iohannis a spus: \u201eAsta cred c\u0103 pute\u0163i s\u0103 \u00eei \u00eentreba\u0163i pe cei de la ANI, care e miza lor. Miza mea este evident s\u0103 ar\u0103t c\u0103 au gre\u015fit\u201d.<\/p>\n<h5>Precedente la ANI<\/h5>\n<p data-index=\"21\">Nu este prima dat\u0103 c\u00e2nd primarul Sibiului intr\u0103 \u00een vizorul inspectorilor de integritate.<\/p>\n<p data-index=\"22\">La \u00eenceputul lunii iulie, Agen\u021bia Na\u021bional\u0103 de Integritate a descoperit c\u0103 <a href=\"https:\/\/www.digi24.ro\/Stiri\/Digi24\/Actualitate\/Politica\/42+de+alesi+locali+incompatibili+ANI+ii+acuza+ca+au+facut+parte+\" target=\"_blank\" data-skip-linkfix=\"1\" rel=\"noopener\">42 de ale\u0219i locali din jude\u021bele Constan\u021ba \u0219i Sibiu sunt incompatibili<\/a>\u00a0pentru c\u0103 au sau au avut calitatea de reprezentan\u021bi ai localit\u0103\u021bilor \u00een Adun\u0103riile Generale ale Ac\u021bionarilor din societ\u0103\u021bi comerciale de interes local, \u00een timpul mandatelor de primari \u0219i viceprimari. Printre ei se afla \u0219i edilul-\u0219ef al Sibiului, \u00een prezent prim-vicepre\u0219edinte al PNL.<\/p>\n<p data-index=\"23\">Ulterior, mai mul\u0163i primari \u015fi consilieri locali din toat\u0103 \u0163ara l-au convins pe ministrul Administra\u0163iei, Liviu Dragnea, s\u0103 ini\u0163ieze o ordonan\u0163\u0103 de urgen\u0163\u0103 care s\u0103 le salveze mandatul, dar \u015fi viitorul. Pentru c\u0103, dac\u0103 sunt declara\u0163i definitiv incompatibili, nu mai au voie s\u0103 ocupe o func\u0163ie eligibil\u0103 timp de trei ani.<\/p>\n<p data-index=\"24\">Liviu Dragnea s-a \u00eent\u00e2lnit cu ei \u015fi le-a dat vestea pe care o a\u015fteptau: ordonan\u0163a de urgen\u0163\u0103 care \u00eei va ajuta s\u0103-\u015fi p\u0103streze scaunele este scris\u0103 \u015fi se afl\u0103 deja la Ministerul Justi\u0163iei pentru aviz.<\/p>\n<p data-index=\"25\">Astfel, Guvernul a ar\u0103tat c\u0103 vrea s\u0103 modifice legisla\u0163ia privind incompatibilitatea ale\u015filor pentru a-i sc\u0103pa pe ace\u015ftia de procese cu Agen\u0163ia Na\u0163ional\u0103 de Integritate. <a href=\"https:\/\/www.digi24.ro\/Stiri\/Digi24\/Actualitate\/Politica\/Primarii+si+edili+si+administratori+ai+firmelor\" target=\"_blank\" data-skip-linkfix=\"1\" rel=\"noopener\">Vicepremierul Liviu Dragnea le-a promis primarilor \u015fi \u015fefilor de Consilii Jude\u0163ene c\u0103 va schimba Legea ANI<\/a> astfel \u00eenc\u00e2t ace\u015ftia s\u0103 nu mai aib\u0103 probleme dac\u0103 fac parte din consiliile de administra\u0163ie ale unor societ\u0103\u0163i. Promisiunea lui Liviu Dragnea nu s-a materializat \u00eenc\u0103, dar Agen\u0163ia Na\u0163ional\u0103 de Integritate a anun\u0163at deja c\u0103 nu sus\u0163ine o astfel de modificare.<\/p>\n<p data-index=\"26\"><strong>\u201eMi se parte incorect \u015fi lipsit de noim\u0103 s\u0103 nu dai posibilitatea unei comunit\u0103\u0163i s\u0103-\u015fi pun\u0103 reprezentanti \u00eentr-o societate comercial\u0103. Este o prevedere mai mult dec\u00e2t incorect\u0103\u201d<\/strong>, a declarat Liviu Dragnea, ministrul Administra\u0163iei \u015fi Dezvolt\u0103rii.<\/p>\n<p data-index=\"27\">S\u0103pt\u0103m\u00e2na trecut\u0103, prim-vicepre\u015fedintele PNL, Klaus Iohannis, a declarat c\u0103 modificarea legii privind incompatibilit\u0103\u0163ile \u201enu este o op\u0163iune a unora, este obligatorie\u201d \u015fi c\u0103 va fi \u201ecu at\u00e2t mai bine\u201d cu c\u00e2t schimbarea va fi f\u0103cut\u0103 mai repede.<\/p>\n<p data-index=\"28\"><strong>\u201eEu am fost din capul locului de acord cu aceast\u0103 modificare, nu fiindc\u0103 a\u015f fi eu incompatibil. Nu m\u0103 consider deloc incompatibil, dar abordarea din legea rom\u00e2neasc\u0103 este inadecvat\u0103.<\/strong> Nu este vorba despre a permite ale\u015filor s\u0103 intre \u00een tot felul de consilii de administra\u0163ie private, ci de acele societ\u0103\u0163i care sunt sut\u0103 la sut\u0103 \u00een m\u00e2n\u0103 public\u0103. Abordarea din Legea 161 este anacronic\u0103: cine s\u0103 reprezinte comunitatea \u00een societatea care este \u00een proprietatea comunit\u0103\u0163ii? Evident &#8211; \u015fi acesta este modelul aplicat \u00een Germania &#8211; c\u0103 \u00een aceste societ\u0103\u0163i reprezentantul comunit\u0103\u0163ii este primarul sau viceprimarul. Doar \u00een m\u0103sura \u00een care ace\u015ftia nu reu\u015fesc s\u0103 mearg\u0103 la toate sunt consilieri sau al\u0163i func\u0163ionari. Este un lucru normal, natural \u015fi, de altfel, un lucru impus de Comisia European\u0103 pentru programul POS Mediu\u201d, a declarat joia trecut\u0103 Klaus Iohannis.<\/p>\n<\/div>\n<p> Source URL: https:\/\/www.digi24.ro\/stiri\/actualitate\/politica\/klaus-iohannis-un-nou-conflict-de-interese-103057<\/p>\n","protected":false},"excerpt":{"rendered":"<p>\u201eAgen\u021bia Na\u021bional\u0103 de Integritate a constatat \u00eenc\u0103lcarea regimului juridic al conflictului de interese \u00een materie administrativ\u0103 \u0219i penal\u0103 de c\u0103tre Klaus-Werner Iohannis (Primarul Municipiului Sibiu), \u00eentruc\u00e2t acesta a semnat, la data de 23 decembrie 2010, un contract de prest\u0103ri servicii \u00eencheiat \u00eentre Prim\u0103ria Municipiului Sibiu \u0219i S.C. Tipografia Honterus S.R.L., societate comercial\u0103 de\u021binut\u0103 de Forumul [&hellip;]<\/p>\n","protected":false},"author":1,"featured_media":223588,"comment_status":"open","ping_status":"","sticky":false,"template":"","format":"standard","meta":{"footnotes":""},"categories":[2],"tags":[11],"class_list":["post-223587","post","type-post","status-publish","format-standard","has-post-thumbnail","hentry","category-politics","tag-digi24"],"_links":{"self":[{"href":"https:\/\/analyse.optim.biz\/index.php?rest_route=\/wp\/v2\/posts\/223587","targetHints":{"allow":["GET"]}}],"collection":[{"href":"https:\/\/analyse.optim.biz\/index.php?rest_route=\/wp\/v2\/posts"}],"about":[{"href":"https:\/\/analyse.optim.biz\/index.php?rest_route=\/wp\/v2\/types\/post"}],"author":[{"embeddable":true,"href":"https:\/\/analyse.optim.biz\/index.php?rest_route=\/wp\/v2\/users\/1"}],"replies":[{"embeddable":true,"href":"https:\/\/analyse.optim.biz\/index.php?rest_route=%2Fwp%2Fv2%2Fcomments&post=223587"}],"version-history":[{"count":0,"href":"https:\/\/analyse.optim.biz\/index.php?rest_route=\/wp\/v2\/posts\/223587\/revisions"}],"wp:featuredmedia":[{"embeddable":true,"href":"https:\/\/analyse.optim.biz\/index.php?rest_route=\/wp\/v2\/media\/223588"}],"wp:attachment":[{"href":"https:\/\/analyse.optim.biz\/index.php?rest_route=%2Fwp%2Fv2%2Fmedia&parent=223587"}],"wp:term":[{"taxonomy":"category","embeddable":true,"href":"https:\/\/analyse.optim.biz\/index.php?rest_route=%2Fwp%2Fv2%2Fcategories&post=223587"},{"taxonomy":"post_tag","embeddable":true,"href":"https:\/\/analyse.optim.biz\/index.php?rest_route=%2Fwp%2Fv2%2Ftags&post=223587"}],"curies":[{"name":"wp","href":"https:\/\/api.w.org\/{rel}","templated":true}]}}