{"id":223364,"date":"2013-08-12T17:07:09","date_gmt":"2013-08-12T14:07:09","guid":{"rendered":"https:\/\/analyse.optim.biz\/?p=223364"},"modified":"2013-08-12T17:07:09","modified_gmt":"2013-08-12T14:07:09","slug":"romania-ungaria-un-nou-episod-al-unei-relatii-tensionate","status":"publish","type":"post","link":"https:\/\/analyse.optim.biz\/?p=223364","title":{"rendered":"Rom\u00e2nia &#8211; Ungaria, un nou episod al unei rela\u0163ii tensionate"},"content":{"rendered":"<div class=\"entry data-app-meta data-app-meta-article\" data-embed-base-url-canonical=\"https:\/\/www.digi24.ro\/embed\/stiri\/actualitate\/politica\/romania-ungaria-un-nou-episod-al-unei-relatii-tensionate-104731\">\n<p data-index=\"1\">La \u00eenceputul lunii februarie, la ceremonia de \u00eenvestire a noului prefect de Covasna, steagul \u0162inutului Secuiesc a fost scos din sala de protocol unde se desf\u0103\u015fura evenimentul. C\u00e2teva zile mai t\u00e2rziu, Nemeth Zsolt, secretar de stat \u00een MInisterul Afacerilor Externe din Ungaria, cere Guvernului Rom\u00e2niei s\u0103 intervin\u0103 \u015fi s\u0103 opresc\u0103 \u201eagresiunea simbolic\u0103\u201d \u00eempotriva minorit\u0103\u0163ii maghiare din Ardeal. \u00cen plus, el cere prim\u0103riilor din Ungaria \u015fi Parlamentului de la Budapesta s\u0103 arboreze steagul \u021ainutului Secuiesc \u00een semn de solidaritate cu edilii maghiari din Rom\u00e2nia.<\/p>\n<p data-index=\"2\">\u201eTrebuie g\u0103site solu\u0163ii politice \u015fi juridice la problema arbor\u0103rii unul l\u00e2ng\u0103 altul a steagului rom\u00e2nesc \u015fi a celui secuiesc. Cred c\u0103 se poate rezolva aceast\u0103 problem\u0103, de altfel Europa occidental\u0103 a g\u0103sit solu\u0163ia \u015fi trebuie s\u0103 ne preocupe \u015fi pe noi\u201d, spunea Nemeth Zsolt, secretar de stat MAE din Ungaria, \u00een 6 februarie.<\/p>\n<p data-index=\"3\">Guvernul Rom\u00e2niei a reac\u0163ionat imediat.<\/p>\n<p data-index=\"4\">\u201eNu accept\u0103m niciun fel de, eu nu vreau s\u0103 folosesc un termen nediplomatic, a\u0219 fi spus \u00een mod normal, obr\u0103znicii, dar nu acceptam lec\u021bii de la nimeni, despre cum se aplic\u0103 \u00een Rom\u00e2nia legile, mai ales cele privind func\u0163ionarea autorit\u0103\u0163ilor locale\u201d, declarat Victor Ponta, premierul Rom\u00e2niei.<\/p>\n<p data-index=\"5\">La \u00eenceputul lunii martie, la Bucure\u015fti are loc o \u00eent\u00e2lnire \u00eentre ministrul rom\u00e2n de Externe, Titus Corl\u0103\u0163ean \u015fi omologul s\u0103u ungur. Cei doi diploma\u0163i cad de acord asupra faptului c\u0103 acest conflict nu trebuie inflamat \u015fi c\u0103 discu\u0163iile pe astfel de teme sensibile trebuie s\u0103 aib\u0103 loc pe canale diplomatice.<\/p>\n<h5>Cazul Nyiro Jozsef<\/h5>\n<p data-index=\"6\">\u00cen 2012, un alt scandal diplomatic a pus pe jar rela\u0163iile bilaterale dintre Rom\u00e2nia \u015fi Ungaria. Trupul unui <a href=\"https:\/\/www.digi24.ro\/Emisiuni\/Digi24\/Jurnal+Extern\/Secvente+emisiune\/Continua+scandalul+Nyiro+Jozsef\" target=\"_blank\" data-skip-linkfix=\"1\" rel=\"noopener\">poet cu afinit\u0103\u0163i fasciste, Nyiro Jozsef<\/a>, fusese deshumat \u00een Spania \u015fi urma a fi \u00eenmorm\u00e2ntat \u00een Rom\u00e2nia, la Odorheiul Secuiesc.<\/p>\n<p data-index=\"7\">\u201eNu poate fiecare totu\u015fi s\u0103-\u015fi fac\u0103 de cap pe teritoriul Rom\u00e2niei \u015fi s\u0103 aduc\u0103 onoruri unei persoane recunoscute c\u0103 a avut atitudini anti-rom\u00e2ne\u015fti, antisemite\u201d, a afirmat atunci Victor Ponta, premierul Rom\u00e2niei.<\/p>\n<p data-index=\"8\">Pre\u015fedintele Parlamentului de la Budapesta a catalogat reac\u0163ia Guvernului rom\u00e2n drept \u201eisterie\u201d \u015fi \u201eparanoia\u201d. Totu\u015fi, pe 22 mai, osemintele poetului au fost incinerate la Budapesta. Cinci luni mai t\u00e2rziu, \u00een luna octombrie, \u015feful diploma\u0163iei rom\u00e2ne\u015fti dezv\u0103luie la Digi24 c\u0103 se fac noi demersuri de c\u0103tre partea maghiare, pentru aducerea \u00een Rom\u00e2nia a urnei cu cenu\u015fa poetului Jozsef Nyiro. Solicitarea a fost, din nou, respins\u0103 de autorit\u0103\u0163ile rom\u00e2ne.<\/p>\n<\/div>\n<p> Source URL: https:\/\/www.digi24.ro\/stiri\/actualitate\/politica\/romania-ungaria-un-nou-episod-al-unei-relatii-tensionate-104731<\/p>\n","protected":false},"excerpt":{"rendered":"<p>La \u00eenceputul lunii februarie, la ceremonia de \u00eenvestire a noului prefect de Covasna, steagul \u0162inutului Secuiesc a fost scos din sala de protocol unde se desf\u0103\u015fura evenimentul. C\u00e2teva zile mai t\u00e2rziu, Nemeth Zsolt, secretar de stat \u00een MInisterul Afacerilor Externe din Ungaria, cere Guvernului Rom\u00e2niei s\u0103 intervin\u0103 \u015fi s\u0103 opresc\u0103 \u201eagresiunea simbolic\u0103\u201d \u00eempotriva minorit\u0103\u0163ii maghiare [&hellip;]<\/p>\n","protected":false},"author":1,"featured_media":223365,"comment_status":"open","ping_status":"","sticky":false,"template":"","format":"standard","meta":{"footnotes":""},"categories":[2],"tags":[11],"class_list":["post-223364","post","type-post","status-publish","format-standard","has-post-thumbnail","hentry","category-politics","tag-digi24"],"_links":{"self":[{"href":"https:\/\/analyse.optim.biz\/index.php?rest_route=\/wp\/v2\/posts\/223364","targetHints":{"allow":["GET"]}}],"collection":[{"href":"https:\/\/analyse.optim.biz\/index.php?rest_route=\/wp\/v2\/posts"}],"about":[{"href":"https:\/\/analyse.optim.biz\/index.php?rest_route=\/wp\/v2\/types\/post"}],"author":[{"embeddable":true,"href":"https:\/\/analyse.optim.biz\/index.php?rest_route=\/wp\/v2\/users\/1"}],"replies":[{"embeddable":true,"href":"https:\/\/analyse.optim.biz\/index.php?rest_route=%2Fwp%2Fv2%2Fcomments&post=223364"}],"version-history":[{"count":0,"href":"https:\/\/analyse.optim.biz\/index.php?rest_route=\/wp\/v2\/posts\/223364\/revisions"}],"wp:featuredmedia":[{"embeddable":true,"href":"https:\/\/analyse.optim.biz\/index.php?rest_route=\/wp\/v2\/media\/223365"}],"wp:attachment":[{"href":"https:\/\/analyse.optim.biz\/index.php?rest_route=%2Fwp%2Fv2%2Fmedia&parent=223364"}],"wp:term":[{"taxonomy":"category","embeddable":true,"href":"https:\/\/analyse.optim.biz\/index.php?rest_route=%2Fwp%2Fv2%2Fcategories&post=223364"},{"taxonomy":"post_tag","embeddable":true,"href":"https:\/\/analyse.optim.biz\/index.php?rest_route=%2Fwp%2Fv2%2Ftags&post=223364"}],"curies":[{"name":"wp","href":"https:\/\/api.w.org\/{rel}","templated":true}]}}