{"id":223353,"date":"2013-08-12T17:53:52","date_gmt":"2013-08-12T14:53:52","guid":{"rendered":"https:\/\/analyse.optim.biz\/?p=223353"},"modified":"2013-08-12T17:53:52","modified_gmt":"2013-08-12T14:53:52","slug":"r-cazanciuc-criticat-in-psd-pentru-piedica-pusa-schimbarii-legii-ani","status":"publish","type":"post","link":"https:\/\/analyse.optim.biz\/?p=223353","title":{"rendered":"R. Cazanciuc, criticat \u00een PSD, pentru piedica pus\u0103 schimb\u0103rii legii ANI"},"content":{"rendered":"<div class=\"entry data-app-meta data-app-meta-article\" data-embed-base-url-canonical=\"https:\/\/www.digi24.ro\/embed\/stiri\/actualitate\/politica\/r-cazanciuc-criticat-in-psd-pentru-piedica-pusa-schimbarii-legii-ani-104743\">\n<p data-index=\"1\">Ministrul Justi\u0163iei, Robert Cazanciuc, este acuzat de primarii \u015fi parlamentarii PSD c\u0103 pune be\u0163e-n roate primarilor \u015fi pre\u015fedin\u0163ilor de consilii jude\u0163ene.<\/p>\n<p data-index=\"2\">Ministerul Justi\u0163iei a avizat negativ schimbarea legii incompatibilit\u0103\u0163ii. Modific\u0103rile le-ar fi permis ale\u015filor locali s\u0103 de\u0163in\u0103 \u00een continuare func\u0163ii \u015fi \u00een adun\u0103rile generale ale ac\u0163ionarilor din societ\u0103\u0163ile subordonate.<\/p>\n<p data-index=\"3\">Pre\u015fedintele PSD Constan\u0163a, Radu Maz\u0103re spune c\u0103 Robert Cazanciuc ar trebui s\u0103 demisioneze dac\u0103 nu are curaj s\u0103 schimbe legea. Peste o mie de ale\u015fi locali, mai bine de o treime din total, risc\u0103 s\u0103 r\u0103m\u00e2n\u0103 f\u0103r\u0103 mandat dup\u0103 ce au intrat <a href=\"https:\/\/www.digi24.ro\/Stiri\/Digi24\/Actualitate\/Politica\/PSD+campion+la+alesi+incompatibili\" target=\"_blank\" data-skip-linkfix=\"1\" rel=\"noopener\">\u00een vizorul Agen\u0163iei Na\u0163ionale de Integritate<\/a>.<\/p>\n<p data-index=\"4\">Primarul ora\u015fului Constan\u0163a, Radu Maz\u0103re, spune c\u0103 Ministrul Justi\u0163iei a respins modificarea legii incompatibilit\u0103\u0163ii ale\u015filor doar de fric\u0103.<\/p>\n<p data-index=\"5\"><strong>\u201eLegea este prost f\u0103cut\u0103 Si nu are logic\u0103. Sac\u0103 primarul reprezint\u0103 Consiliul Local \u00een fa\u0163a ter\u0163ilor, \u00een fa\u0163a tuturor, este normal ca eu s\u0103 reprezint ca primar sau \u015fef de consiliu jude\u021bean sau consiliu local \u00een regia \u00een care consiliul este ac\u0163ionar. Nu e normal ca un ministru care este al nostru&#8230; pe o chestiune care nu este logic\u0103, c\u0103 nu-i cere nimeni s\u0103-l apere, s\u0103 intervin\u0103 \u00een dosare, s\u0103 schimbe procurori&#8230; Nu, cerem s\u0103 schimb\u0103m o chestiune care nu e logic\u0103 dintr-o lege. Dac\u0103 lui \u00eei e fric\u0103, atunci nu are ce c\u0103uta acolo\u201d<\/strong>, a spus Radu Maz\u0103re.<\/p>\n<p data-index=\"6\">\u015ei vicepresedintele PSD Gabriela Firea a fost surprins\u0103 de avizul negativ al Ministerului Justi\u0163iei dat proiectului pentru modificarea legii incompatibilit\u0103\u0163ilor.<\/p>\n<p data-index=\"7\"><strong>\u201eLa sf\u00e2r\u015fitul activit\u0103\u0163ii parlamentare, la sf\u00e2r\u015fitul lunii iunie, am avut o \u00eent\u00e2lnire \u00eentre ministrul Robert Cazanciuc \u015fi senatorii PSD, la grupul nostru, \u015fI s-a ridicat aceast\u0103 problem\u0103. Domnul ministru Robert Cazanciuc a spus la acel moment c\u0103 este favorabil modific\u0103rilor aduse \u015fi transmise la acea dat\u0103 de c\u0103tre Ministerul Dezvolt\u0103rii de c\u0103tre vicepremierul Liviu Dragnea\u201d<\/strong>, a spus Gabriela Firea, vicepre\u0219edinte PSD.<\/p>\n<p data-index=\"8\">Gabriela Firea spune c\u0103 legea trebuie schimbat\u0103 \u00cen urm\u0103toarea sesiune parlamentar\u0103.<\/p>\n<p data-index=\"9\">\u201eDaca nu s-a reu\u0219it cu acest proiect de lege de la nivel guvernamental, sunt convins\u0103 c\u0103 parlamentarii acum, la sesiunea care \u00eencepe pe 2 septembrie, vor relua subiectul. Vom g\u00e2ndi un text care s\u0103 fie \u0219i european, dar care s\u0103 \u021bin\u0103 cont \u0219i de bunul sim\u021b al acestei situa\u021bii\u201d, a afirmat Gabriela Firea, vicepre\u0219edinte PSD<\/p>\n<p data-index=\"10\">Aproape 1200 de ale\u0219i locali risc\u0103 s\u0103 fie declara\u0163i incompatibili de Agen\u021bia Na\u021bional\u0103 de Integritate pentru c\u0103 de\u0163in \u015fi func\u0163ii \u00een societ\u0103\u0163ile aflate \u00een subordinea prim\u0103riilor \u0219i a consiliilor jude\u021bene.<\/p>\n<\/div>\n<p> Source URL: https:\/\/www.digi24.ro\/stiri\/actualitate\/politica\/r-cazanciuc-criticat-in-psd-pentru-piedica-pusa-schimbarii-legii-ani-104743<\/p>\n","protected":false},"excerpt":{"rendered":"<p>Ministrul Justi\u0163iei, Robert Cazanciuc, este acuzat de primarii \u015fi parlamentarii PSD c\u0103 pune be\u0163e-n roate primarilor \u015fi pre\u015fedin\u0163ilor de consilii jude\u0163ene. Ministerul Justi\u0163iei a avizat negativ schimbarea legii incompatibilit\u0103\u0163ii. Modific\u0103rile le-ar fi permis ale\u015filor locali s\u0103 de\u0163in\u0103 \u00een continuare func\u0163ii \u015fi \u00een adun\u0103rile generale ale ac\u0163ionarilor din societ\u0103\u0163ile subordonate. Pre\u015fedintele PSD Constan\u0163a, Radu Maz\u0103re spune [&hellip;]<\/p>\n","protected":false},"author":1,"featured_media":223354,"comment_status":"open","ping_status":"","sticky":false,"template":"","format":"standard","meta":{"footnotes":""},"categories":[2],"tags":[11],"class_list":["post-223353","post","type-post","status-publish","format-standard","has-post-thumbnail","hentry","category-politics","tag-digi24"],"_links":{"self":[{"href":"https:\/\/analyse.optim.biz\/index.php?rest_route=\/wp\/v2\/posts\/223353","targetHints":{"allow":["GET"]}}],"collection":[{"href":"https:\/\/analyse.optim.biz\/index.php?rest_route=\/wp\/v2\/posts"}],"about":[{"href":"https:\/\/analyse.optim.biz\/index.php?rest_route=\/wp\/v2\/types\/post"}],"author":[{"embeddable":true,"href":"https:\/\/analyse.optim.biz\/index.php?rest_route=\/wp\/v2\/users\/1"}],"replies":[{"embeddable":true,"href":"https:\/\/analyse.optim.biz\/index.php?rest_route=%2Fwp%2Fv2%2Fcomments&post=223353"}],"version-history":[{"count":0,"href":"https:\/\/analyse.optim.biz\/index.php?rest_route=\/wp\/v2\/posts\/223353\/revisions"}],"wp:featuredmedia":[{"embeddable":true,"href":"https:\/\/analyse.optim.biz\/index.php?rest_route=\/wp\/v2\/media\/223354"}],"wp:attachment":[{"href":"https:\/\/analyse.optim.biz\/index.php?rest_route=%2Fwp%2Fv2%2Fmedia&parent=223353"}],"wp:term":[{"taxonomy":"category","embeddable":true,"href":"https:\/\/analyse.optim.biz\/index.php?rest_route=%2Fwp%2Fv2%2Fcategories&post=223353"},{"taxonomy":"post_tag","embeddable":true,"href":"https:\/\/analyse.optim.biz\/index.php?rest_route=%2Fwp%2Fv2%2Ftags&post=223353"}],"curies":[{"name":"wp","href":"https:\/\/api.w.org\/{rel}","templated":true}]}}