{"id":223336,"date":"2013-08-13T02:25:21","date_gmt":"2013-08-12T23:25:21","guid":{"rendered":"https:\/\/analyse.optim.biz\/?p=223336"},"modified":"2013-08-13T02:25:21","modified_gmt":"2013-08-12T23:25:21","slug":"romanii-din-afara-granitelor-cer-sprijin-statului-pentru-pastrarea-identitatii","status":"publish","type":"post","link":"https:\/\/analyse.optim.biz\/?p=223336","title":{"rendered":"Rom\u00e2nii din afara grani\u0163elor cer sprijin statului pentru p\u0103strarea identit\u0103\u0163ii"},"content":{"rendered":"<div class=\"entry data-app-meta data-app-meta-article\" data-embed-base-url-canonical=\"https:\/\/www.digi24.ro\/embed\/stiri\/actualitate\/politica\/romanii-din-afara-granitelor-cer-sprijin-statului-pentru-pastrarea-identitatii-104902\">\n<p data-index=\"1\"><img decoding=\"async\" src=\"https:\/\/analyse.optim.biz\/wp-content\/uploads\/2024\/09\/zyz3ptgwmczoyxnoptizywiwndy4zjrjytk2ownmzte2mgzjy2y5nguzogyw-thumb_.jpg\" data-skip-htmlfix=\"1\" title=\"zyz3ptgwmczoyxnoptizywiwndy4zjrjytk2ownmzte2mgzjy2y5nguzogyw-thumb_\">\u00a0<\/p>\n<p data-index=\"2\"><strong>P\u0103rintele Boian Alexandrovici<\/strong>, reprezentantul rom\u00e2nilor din Valea Timocului, a declarat c\u0103, \u00eencep\u00e2nd din 1883, c\u00e2nd &#8220;au fost lega\u0163i&#8221; de Serbia,<strong> celor 350.000 de rom\u00e2ni care tr\u0103iesc \u00een 154 de sate rom\u00e2ne\u015fti \u015fi 48 de localit\u0103\u0163i mixte, li s-a interzis s\u0103 \u00eenve\u0163e limba rom\u00e2n\u0103 la \u015fcoal\u0103 \u015fi s\u0103 se roage \u00een limba matern\u0103<\/strong>. Potrivit acestuia, &#8220;f\u0103r\u0103 ajutorul, f\u0103r\u0103 sprijinul \u0162\u0103rii Mame, Rom\u00e2nia&#8221;, rom\u00e2nii din Timocul s\u00e2rbesc vor disp\u0103rea &#8220;\u00een scurt timp&#8221;.<\/p>\n<p data-index=\"3\">&#8220;<strong>Nici ast\u0103zi nu avem voie s\u0103 \u00eenv\u0103\u0163\u0103m limba rom\u00e2n\u0103 \u015fi s\u0103 ne rug\u0103m lui Dumnezeu \u00een limba rom\u00e2n\u0103. Statul s\u00e2rb ne-a \u00eemp\u0103r\u0163it \u00een rom\u00e2ni \u015fi vlahi, pentru c\u0103 vor s\u0103 rup\u0103 leg\u0103tura cu \u0162ara Mam\u0103.<\/strong> Important e s\u0103 ne ajuta\u0163i s\u0103 construim biserici, s\u0103 d\u0103m un salariu unui preot care s\u0103 ne ajute s\u0103 ne p\u0103str\u0103m identitatea, cultura \u015fi limba noastr\u0103 rom\u00e2neasc\u0103. S\u0103 ne ajuta\u0163i acum, c\u00e2nd se mai poate face ceva&#8221;, a spus p\u0103rintele Boian.<\/p>\n<h5>\u00cen Ucraina se \u00eenchid \u015fcolile cu predare \u00een limba rom\u00e2n\u0103<\/h5>\n<p data-index=\"4\">La r\u00e2ndul s\u0103u,<strong> Vasile T\u0103r\u00e2\u0163eanu<\/strong>, reprezentantul rom\u00e2nilor din Ucraina, a afirmat c\u0103 situa\u0163ia comunit\u0103\u0163i rom\u00e2ne\u015fti din &#8220;nordul Bucovinei se complic\u0103 de la o zi la alta&#8221;, devenind din ce \u00een ce mai grea. Potrivit acestuia, <strong>legile adoptate de Parlamentul Ucrainei, care ar acorda, aparent, drepturi comunit\u0103\u0163ii rom\u00e2ne\u015fti, \u00eenchid \u015fcolile cu predare \u00een limba rom\u00e2n\u0103.<\/strong><\/p>\n<p data-index=\"5\">&#8220;S-a fr\u00e2nt coloana vertebral\u0103 a rom\u00e2nilor de acolo. \u00cen pres\u0103 se duce o campanie puternic\u0103 \u00eempotriva rom\u00e2nilor care vor s\u0103-\u015fi p\u0103streze limba matern\u0103.<strong> \u00cen 20 de ani de regim nou ucrainean democratic am pierdut 20 de \u015fcoli. La \u00eenceputul perioadei sovietice erau 120 de \u015fcoli, la sf\u00e2r\u015fit erau 90 \u015fi acum mai sunt 70&#8243;<\/strong>, a declarat T\u0103r\u00e2\u0163eanu.<\/p>\n<p data-index=\"6\">De asemenea,<strong> Anatol Popescu<\/strong>, pre\u015fedintele Asocia\u0163iei &#8220;Basarabia&#8221; a Rom\u00e2nilor din regiunea Odessa, a solicitat autorit\u0103\u0163ilor rom\u00e2ne s\u0103 redeschid\u0103 dialogul cu rom\u00e2nii din sudul Basarabiei. &#8220;<strong>Este nevoie de un centru cultural la Ismail, care s\u0103 ajute la prezervarea identit\u0103\u0163ii rom\u00e2nilor de acolo<\/strong>&#8220;, a declarat el.<\/p>\n<p data-index=\"7\"><strong>Ivo Gheorghiev<\/strong>, reprezentantul rom\u00e2nilor din Bulgaria, a atras aten\u0163ia asupra procesului de asimilare, care poate fi stopat prin trei p\u00e2rghii: \u015fcoala, mass-media \u015fi Biserica.<\/p>\n<p data-index=\"8\">&#8220;Ne \u00eentoarcem cu rug\u0103mintea c\u0103tre statul rom\u00e2n, \u00eel rug\u0103m s\u0103 intervin\u0103 la nivel politic, de stat, p\u00e2n\u0103 c\u00e2nd vor pricepe c\u0103 noi am avut mai multe drepturi dup\u0103 jugul turcesc dec\u00e2t avem acum, am avut \u015fcoal\u0103, biseric\u0103, chiar \u015fi propriul ziar.<strong> Dac\u0103 vom ajunge la ceea ce am avut dup\u0103 jugul turcesc, dac\u0103 vom avea pe jum\u0103tate drepturile pe care le au maghiarii aici, \u00een Rom\u00e2nia, noi vom fi mul\u0163umi\u0163i<\/strong>&#8220;, a precizat Gheorghiev.<\/p>\n<h5>\u015ei rom\u00e2nii din Har-Cov se simt discrimina\u0163i<\/h5>\n<p data-index=\"9\">C\u00e2teva dintre problemele identitare ale rom\u00e2nilor din Harghita \u015fi Covasna au fost aduse \u00een aten\u0163ia celor prezen\u0163i de profesorul Ion L\u0103c\u0103tu\u015fu, de la Centrul European de Studii Covasna-Harghita din Sf\u00e2ntu Gheorghe.<\/p>\n<p data-index=\"10\">El a afirmat c\u0103 exist\u0103 &#8220;o grav\u0103 inechitate&#8221; privind finan\u0163area proiectelor culturale ale rom\u00e2nilor din Harghita \u015fi Covasna, c\u0103 popula\u0163ia majoritar\u0103 din zon\u0103 manifest\u0103 &#8220;intoleran\u0163\u0103&#8221; fa\u0163\u0103 de ace\u015ftia, a vorbit despre retroced\u0103rile ilegale de terenuri &#8211; suprafe\u0163ele de mii de hectare, care au fost pl\u0103tite de statul rom\u00e2n, fiind restituite ilegal unor &#8220;urma\u015fi dubio\u015fi&#8221;, afirm\u00e2nd, totodat\u0103, c\u0103 este nevoie de unele \u00eent\u00e2lniri la nivelul liderilor rom\u00e2nilor \u015fi maghiarilor din cele dou\u0103 jude\u0163e.<\/p>\n<p data-index=\"11\">&#8220;<strong>Prea prezent\u0103 este Budapesta aici, prea se plimb\u0103 Viktor Orban ca Vod\u0103 prin lobod\u0103 pe aici \u015fi se discut\u0103 despre viitorul acestei regiuni<\/strong>&#8220;, a spus L\u0103c\u0103tu\u015fu.<\/p>\n<h5>Traian B\u0103sescu a \u00eendemnat la solidaritate<\/h5>\n<p data-index=\"12\"><a href=\"https:\/\/www.digi24.ro\/Stiri\/Digi24\/Actualitate\/Politica\/Traian+Basescu+Serbia+Ucraina+romani+drepturi+dezbinare\" data-skip-linkfix=\"1\">Pre\u015fedintele Traian B\u0103sescu i-a \u00eendemnat pe rom\u00e2nii din afara grani\u0163elor s\u0103 fie solidari<\/a>, iar asocia\u0163iile comunit\u0103\u0163ilor de rom\u00e2ni &#8220;s\u0103 nu se mai certe \u00eentre ele&#8221;.<\/p>\n<p data-index=\"13\">&#8220;Noi ne asum\u0103m s\u0103 facem mai mult, iar dumneavoastr\u0103 v\u0103 cerem un lucru simplu, solidaritatea asocia\u0163iilor, nu contopirea, da\u0163i dovad\u0103 c\u0103 sunt func\u0163ionale \u015fi c\u0103 \u00eei reprezint\u0103 pe rom\u00e2ni&#8221;, a spus Traian B\u0103sescu.<\/p>\n<p data-index=\"14\">De asemenea, \u015feful statului s-a referit \u015fi la recentele <a href=\"https:\/\/www.digi24.ro\/Users\/vlad.ionescu\/Desktop\/%E2%80%9EUngaria%20a%20devenit,%20%C3%AEn%20momentul%20de%20fa%C8%9B%C4%83,%20un%20focar%20de%20instabilitate%20%C3%AEn%20regiune,%20din%20punctul%20de%20vedere%20al%20tratamentului%20minorit%C4%83%C8%9Bilor.%20Nu%20%C3%AEn%20Rom%C3%A2nia.%20%C3%8En%20Rom%C3%A2nia%20nu%20se%20va%20%C3%AEnt%C3%A2mpla%20nimic,%20dar%20%C3%AEn%20regiune,%20politica%20Budapestei%20a%20%C3%AEnceput%20s%C4%83%20creeze%20dificult%C4%83%C8%9Bi%20statelor%20care%20au%20minoritate%20maghiar%C4%83%20pe%20teritoriul%20lor.%20Rom%C3%A2nia%20%C3%AE%C8%99i%20va%20asuma%20leadership-ul%20punerii%20la%20punct%20a%20Budapestei%E2%80%9D\" data-skip-linkfix=\"1\">declara\u0163ii ale liderului partidului extremist Jobbik<\/a>, Vona Gabor, referitoare la drepturile maghiarilor din Transilvania.<\/p>\n<p data-index=\"15\">\u201eUngaria a devenit, \u00een momentul de fa\u021b\u0103, un focar de instabilitate \u00een regiune, din punctul de vedere al tratamentului minorit\u0103\u021bilor. Rom\u00e2nia \u00ee\u0219i va asuma leadership-ul punerii la punct a Budapestei\u201d, <a href=\"https:\/\/www.digi24.ro\/Users\/vlad.ionescu\/Desktop\/%E2%80%9EUngaria%20a%20devenit,%20%C3%AEn%20momentul%20de%20fa%C8%9B%C4%83,%20un%20focar%20de%20instabilitate%20%C3%AEn%20regiune,%20din%20punctul%20de%20vedere%20al%20tratamentului%20minorit%C4%83%C8%9Bilor.%20Nu%20%C3%AEn%20Rom%C3%A2nia.%20%C3%8En%20Rom%C3%A2nia%20nu%20se%20va%20%C3%AEnt%C3%A2mpla%20nimic,%20dar%20%C3%AEn%20regiune,%20politica%20Budapestei%20a%20%C3%AEnceput%20s%C4%83%20creeze%20dificult%C4%83%C8%9Bi%20statelor%20care%20au%20minoritate%20maghiar%C4%83%20pe%20teritoriul%20lor.%20Rom%C3%A2nia%20%C3%AE%C8%99i%20va%20asuma%20leadership-ul%20punerii%20la%20punct%20a%20Budapestei%E2%80%9D\" data-skip-linkfix=\"1\">a spus Traian B\u0103sescu.<\/a><\/p>\n<\/div>\n<p> Source URL: https:\/\/www.digi24.ro\/stiri\/actualitate\/politica\/romanii-din-afara-granitelor-cer-sprijin-statului-pentru-pastrarea-identitatii-104902<\/p>\n","protected":false},"excerpt":{"rendered":"<p>\u00a0 P\u0103rintele Boian Alexandrovici, reprezentantul rom\u00e2nilor din Valea Timocului, a declarat c\u0103, \u00eencep\u00e2nd din 1883, c\u00e2nd &#8220;au fost lega\u0163i&#8221; de Serbia, celor 350.000 de rom\u00e2ni care tr\u0103iesc \u00een 154 de sate rom\u00e2ne\u015fti \u015fi 48 de localit\u0103\u0163i mixte, li s-a interzis s\u0103 \u00eenve\u0163e limba rom\u00e2n\u0103 la \u015fcoal\u0103 \u015fi s\u0103 se roage \u00een limba matern\u0103. Potrivit acestuia, [&hellip;]<\/p>\n","protected":false},"author":1,"featured_media":223337,"comment_status":"open","ping_status":"","sticky":false,"template":"","format":"standard","meta":{"footnotes":""},"categories":[2],"tags":[11],"class_list":["post-223336","post","type-post","status-publish","format-standard","has-post-thumbnail","hentry","category-politics","tag-digi24"],"_links":{"self":[{"href":"https:\/\/analyse.optim.biz\/index.php?rest_route=\/wp\/v2\/posts\/223336","targetHints":{"allow":["GET"]}}],"collection":[{"href":"https:\/\/analyse.optim.biz\/index.php?rest_route=\/wp\/v2\/posts"}],"about":[{"href":"https:\/\/analyse.optim.biz\/index.php?rest_route=\/wp\/v2\/types\/post"}],"author":[{"embeddable":true,"href":"https:\/\/analyse.optim.biz\/index.php?rest_route=\/wp\/v2\/users\/1"}],"replies":[{"embeddable":true,"href":"https:\/\/analyse.optim.biz\/index.php?rest_route=%2Fwp%2Fv2%2Fcomments&post=223336"}],"version-history":[{"count":0,"href":"https:\/\/analyse.optim.biz\/index.php?rest_route=\/wp\/v2\/posts\/223336\/revisions"}],"wp:featuredmedia":[{"embeddable":true,"href":"https:\/\/analyse.optim.biz\/index.php?rest_route=\/wp\/v2\/media\/223337"}],"wp:attachment":[{"href":"https:\/\/analyse.optim.biz\/index.php?rest_route=%2Fwp%2Fv2%2Fmedia&parent=223336"}],"wp:term":[{"taxonomy":"category","embeddable":true,"href":"https:\/\/analyse.optim.biz\/index.php?rest_route=%2Fwp%2Fv2%2Fcategories&post=223336"},{"taxonomy":"post_tag","embeddable":true,"href":"https:\/\/analyse.optim.biz\/index.php?rest_route=%2Fwp%2Fv2%2Ftags&post=223336"}],"curies":[{"name":"wp","href":"https:\/\/api.w.org\/{rel}","templated":true}]}}