{"id":223325,"date":"2013-08-13T13:24:57","date_gmt":"2013-08-13T10:24:57","guid":{"rendered":"https:\/\/analyse.optim.biz\/?p=223325"},"modified":"2013-08-13T13:24:57","modified_gmt":"2013-08-13T10:24:57","slug":"premierul-v-ponta-a-venit-la-palatul-victoria-unde-s-a-intalnit-cu-ovidiu-silaghi-ulterior-a-discutat-cu-c-antonescu-la-sediul-pnl","status":"publish","type":"post","link":"https:\/\/analyse.optim.biz\/?p=223325","title":{"rendered":"Premierul V. Ponta a venit la Palatul Victoria, unde s-a \u00eent\u00e2lnit cu Ovidiu Silaghi. Ulterior, a discutat cu C. Antonescu la sediul PNL"},"content":{"rendered":"<div class=\"entry data-app-meta data-app-meta-article\" data-embed-base-url-canonical=\"https:\/\/www.digi24.ro\/embed\/stiri\/actualitate\/politica\/premierul-v-ponta-a-venit-la-palatul-victoria-unde-s-a-intalnit-cu-ovidiu-silaghi-ulterior-a-discutat-cu-c-antonescu-la-sediul-pnl-105166\">\n<p data-index=\"1\"><strong>ACTUALIZARE 17.30. \u00a0<\/strong>Premierul Victor Ponta a plecat de la sediul PNL, dup\u0103 o \u00eent\u00e2lnire de aproximativ dou\u0103 ore cu Crin Antonescu \u015fi Daniel Chi\u0163oiu, transmite Mediafax.<\/p>\n<p data-index=\"2\">Victor Ponta nu a f\u0103cut declara\u0163ii nici la sosirea, dar nici la plecarea de la sediul PNL.<\/p>\n<p data-index=\"3\">Premierul Victor Ponta sosise la sediul PNL la scurt timp dup\u0103 \u00eencheierea <a href=\"https:\/\/www.digi24.ro\/Stiri\/Digi24\/Actualitate\/Politica\/Crin+Antonescu+contraatac+Basescu+maghiari\" target=\"_blank\" data-skip-linkfix=\"1\" rel=\"noopener\">conferin\u0163ei de pres\u0103 sus\u0163inute de Crin Antonescu.<\/a><\/p>\n<p data-index=\"4\"><strong>ACTUALIZARE 14.57.\u00a0<\/strong>\u0218eful Guvernului s-a \u00eent\u00e2lnit cu ministrul Finan\u0163elor, Daniel Chi\u0163oiu, dar \u015fi cu liberalul Ovidiu Silaghi, propus pentru a ocupa \u015fefia Transporturilor.<\/p>\n<p data-index=\"5\">Pre\u015fedintele Traian B\u0103sescu declara, luna trecut\u0103,<a href=\"https:\/\/www.digi24.ro\/Stiri\/Digi24\/Actualitate\/Stiri\/Declaratie+de+presa+a+presedintelui+de+la+ora+18+00\" target=\"_blank\" data-skip-linkfix=\"1\" rel=\"noopener\"><strong> c\u0103 nu are \u00eencredere \u00een desemnarea lui Ovidiu Silaghi<\/strong><\/a> la Ministerul Transporturilor. \u201eAm observat o ineficien\u0163\u0103 total\u0103 a lui Ovidiu Silaghi\u201d, a spus \u0219eful statului.<\/p>\n<p data-index=\"6\">Tot atunci, T. B\u0103sescu a anun\u021bat c\u0103 \u00ee\u0219i va face public\u0103 decizia de numire sau respingere a propunerii lui Ovidiu Silaghi la Transporturi, \u00een data de 23 august,\u00a0cu dou\u0103 zile \u00eenainte de \u00eencheierea interimatului lui Victor Ponta. \u00a0\u00a0<\/p>\n<p data-index=\"7\"><strong>ACTUALIZARE 14.30.<\/strong> Pre\u0219edintele PNL, Crin Antonescu, a confirmat c\u0103 inten\u021bioneaz\u0103 s\u0103 aib\u0103, ast\u0103zi, o \u00eentrevedere cu Victor Ponta. \u201eSper ca, \u00een cursul zilei de azi, s\u0103 ne \u0219i \u00eent\u00e2lnim\u201d, a declarat Crin Antonescu, \u00eentr-o conferin\u021b\u0103 de pres\u0103.<\/p>\n<p data-index=\"8\">Cei doi lideri ai USL vor discuta, cel mai probabil, despre nemul\u0163umirile PNL privind noile taxe pe care Guvernul \u0219i le-a asumat \u00een fa\u021ba FMI \u0219i care ar urma s\u0103 fie introduse din 2014.<\/p>\n<p data-index=\"9\">Liberalii s-au opus vehement, \u00een special, impozit\u0103rii celor care ob\u021bin venituri suplimentare din chirii. Ace\u0219tia din urm\u0103 ar trebui s\u0103 pl\u0103teasc\u0103 contribu\u021bia la sistemul asigur\u0103rilor de s\u0103n\u0103tate.<\/p>\n<p data-index=\"10\">Pe de alt\u0103 parte, au existat tensiuni \u00een USL \u0219i dup\u0103 ce Asocia\u021bia Comunelor din Rom\u00e2nia a sus\u021binut c\u0103 mai bine de 1.000 de primari se afl\u0103 \u00een situa\u021bie de incompatibilitate.<\/p>\n<\/div>\n<p> Source URL: https:\/\/www.digi24.ro\/stiri\/actualitate\/politica\/premierul-v-ponta-a-venit-la-palatul-victoria-unde-s-a-intalnit-cu-ovidiu-silaghi-ulterior-a-discutat-cu-c-antonescu-la-sediul-pnl-105166<\/p>\n","protected":false},"excerpt":{"rendered":"<p>ACTUALIZARE 17.30. \u00a0Premierul Victor Ponta a plecat de la sediul PNL, dup\u0103 o \u00eent\u00e2lnire de aproximativ dou\u0103 ore cu Crin Antonescu \u015fi Daniel Chi\u0163oiu, transmite Mediafax. Victor Ponta nu a f\u0103cut declara\u0163ii nici la sosirea, dar nici la plecarea de la sediul PNL. Premierul Victor Ponta sosise la sediul PNL la scurt timp dup\u0103 \u00eencheierea [&hellip;]<\/p>\n","protected":false},"author":1,"featured_media":223326,"comment_status":"open","ping_status":"","sticky":false,"template":"","format":"standard","meta":{"footnotes":""},"categories":[2],"tags":[11],"class_list":["post-223325","post","type-post","status-publish","format-standard","has-post-thumbnail","hentry","category-politics","tag-digi24"],"_links":{"self":[{"href":"https:\/\/analyse.optim.biz\/index.php?rest_route=\/wp\/v2\/posts\/223325","targetHints":{"allow":["GET"]}}],"collection":[{"href":"https:\/\/analyse.optim.biz\/index.php?rest_route=\/wp\/v2\/posts"}],"about":[{"href":"https:\/\/analyse.optim.biz\/index.php?rest_route=\/wp\/v2\/types\/post"}],"author":[{"embeddable":true,"href":"https:\/\/analyse.optim.biz\/index.php?rest_route=\/wp\/v2\/users\/1"}],"replies":[{"embeddable":true,"href":"https:\/\/analyse.optim.biz\/index.php?rest_route=%2Fwp%2Fv2%2Fcomments&post=223325"}],"version-history":[{"count":0,"href":"https:\/\/analyse.optim.biz\/index.php?rest_route=\/wp\/v2\/posts\/223325\/revisions"}],"wp:featuredmedia":[{"embeddable":true,"href":"https:\/\/analyse.optim.biz\/index.php?rest_route=\/wp\/v2\/media\/223326"}],"wp:attachment":[{"href":"https:\/\/analyse.optim.biz\/index.php?rest_route=%2Fwp%2Fv2%2Fmedia&parent=223325"}],"wp:term":[{"taxonomy":"category","embeddable":true,"href":"https:\/\/analyse.optim.biz\/index.php?rest_route=%2Fwp%2Fv2%2Fcategories&post=223325"},{"taxonomy":"post_tag","embeddable":true,"href":"https:\/\/analyse.optim.biz\/index.php?rest_route=%2Fwp%2Fv2%2Ftags&post=223325"}],"curies":[{"name":"wp","href":"https:\/\/api.w.org\/{rel}","templated":true}]}}