{"id":223313,"date":"2013-08-13T15:24:16","date_gmt":"2013-08-13T12:24:16","guid":{"rendered":"https:\/\/analyse.optim.biz\/?p=223313"},"modified":"2013-08-13T15:24:16","modified_gmt":"2013-08-13T12:24:16","slug":"crin-antonescu-si-a-intrerupt-vacanta-pentru-a-admonesta-declaratiile-lui-traian-basescu-despre-ungaria","status":"publish","type":"post","link":"https:\/\/analyse.optim.biz\/?p=223313","title":{"rendered":"Crin Antonescu \u0219i-a \u00eentrerupt vacan\u021ba pentru a admonesta declara\u021biile lui Traian B\u0103sescu despre Ungaria"},"content":{"rendered":"<div class=\"entry data-app-meta data-app-meta-article\" data-embed-base-url-canonical=\"https:\/\/www.digi24.ro\/embed\/stiri\/actualitate\/politica\/crin-antonescu-si-a-intrerupt-vacanta-pentru-a-admonesta-declaratiile-lui-traian-basescu-despre-ungaria-105230\">\n<h2 id=\"highlight-105230-1\">Liderul PNL, Crin Antonescu, \u0219i-a \u00eentrerupt, mar\u021bi, vacan\u021ba \u0219i a convocat o conferin\u021b\u0103 de pres\u0103 pentru a taxa declara\u021biile din ultima perioad\u0103 ale pre\u0219edintelui Traian B\u0103sescu, cu prec\u0103dere \u00een ceea ce-i prive\u0219te pe maghiari. El a denun\u021bat \u201emomentele caraghioase de var\u0103\u201d de la Joseni ale pre\u0219edintelui contest\u00e2ndu-i legitimitatea de a face politic\u0103 extern\u0103 dintr-o atare ipostaz\u0103.<\/h2>\n<p data-index=\"1\"><img decoding=\"async\" src=\"https:\/\/analyse.optim.biz\/wp-content\/uploads\/2024\/09\/mta4ywjhyjuzmjc1ntawmzc5mgfmntmwztq-thumb_.jpg\" data-skip-htmlfix=\"1\" title=\"mta4ywjhyjuzmjc1ntawmzc5mgfmntmwztq-thumb_\">Crin<\/p>\n<p data-index=\"2\">Este doar vina pre\u015fedintelui c\u0103 Budapesta a prins curaj, spune Crin Antonescu. Liberalul \u00eel mai acuz\u0103 pe \u0219eful statului c\u0103, din ra\u0163iuni electorale, a \u00eencurajat \u00eenfiin\u0163area forma\u0163iunilor extremiste maghiare.<\/p>\n<p data-index=\"3\">Antonescu a spus c\u0103 Traian B\u0103sescu nu are cum s\u0103 declare \u201ede la Joseni\u201d c\u0103-\u0219i asum\u0103 vreun leadership \u0219i a apreciat c\u0103 \u00eencercarea de declan\u015fare a unei cruciade \u00eempotriva Budapestei e \u201eprovincial\u0103\u201d. Totodat\u0103, el\u00a0l-a acuzat pe pre\u015fedinte ar fi cau\u0163ionat transformarea Rom\u00e2niei \u00eentr-un poligon electoral pentru politicieni str\u0103ini, ar\u0103t\u00e2nd, \u00een contrast, c\u0103 el, \u00eempreun\u0103 cu Victor Ponta, se str\u0103duie\u0219te s\u0103 recupereze prestigiul Rom\u00e2niei pierdut de Traian B\u0103sescu.<\/p>\n<p data-index=\"4\">\u201eA ridicat vreodat\u0103 Traian B\u0103sescu \u00een Consiliul European vreo problem\u0103 \u00een leg\u0103tur\u0103 cu faptul c\u0103 politicieni maghiari, colegi PPE, vorbesc lucruri nepotrivite? Nu. (&#8230;) O ridic\u0103 la Joseni, n-o ridic\u0103 pentru cei din Ungaria, ci pentru c\u00e2\u0163i electori mai g\u0103ses\u015fte pe var\u0103 \u015fi pe toamn\u0103 \u00een Rom\u00e2nia&#8221;, a afirmat Crin Antonescu.<\/p>\n<p data-index=\"5\">Potrivit lui Crin Antonescu, \u201e\u00een momentul \u00een care deodat\u0103 domnul B\u0103sescu declan\u015feaz\u0103 o cruciad\u0103 \u00eempotriva Budapestei de la Joseni (&#8230;) e o atitudine provincial\u0103, politicianist\u0103 \u015fi electoralist\u0103&#8221;.<\/p>\n<p data-index=\"6\">Liderul PNL a sus\u0163inut c\u0103, din interes pentru c\u00e2teva puncte electorale, Traian B\u0103sescu ar fi permis \u201etransformarea Rom\u00e2niei \u00een poligon electoral\u201d pentru Viktor Orban, dar \u015fi pentru al\u0163i politicieni str\u0103ini invoc\u00e2nd, \u00een acest context, eforturile de intrare \u00een Schengen ale Rom\u00e2niei, z\u0103d\u0103rnicite, de fiecare dat\u0103, de alegerile din Fran\u021ba, Olanda, Germania sau Finlanda.<\/p>\n<p data-index=\"7\"><a href=\"https:\/\/www.digi24.ro\/Stiri\/Digi24\/Actualitate\/Politica\/Traian+Basescu+Romania+isi+va+asuma+leadership-ul+punerii+la+pun\" target=\"_blank\" data-skip-linkfix=\"1\" rel=\"noopener\">Pre\u015fedintele Traian B\u0103sescu a declarat<\/a>, luni, la Izvoru Mure\u015fului (Harghita), c\u0103 2013 e ultimul an \u00een care politicienii ungari au putut s\u0103 se plimbe at\u00e2t de relaxat \u00een Rom\u00e2nia, el avertiz\u00e2nd c\u0103 statul rom\u00e2n \u201e\u00ee\u015fi va asuma leadership-ul punerii la punct a Budapestei\u201d.<\/p>\n<p data-index=\"8\">Pre\u015fedintele PNL, Crin Antonescu, a vorbit din nou admirativ despre profilul de politician al premierului ungar, a\u0219a cum <a href=\"https:\/\/www.digi24.ro\/Stiri\/Digi24\/Actualitate\/Politica\/Victor+Ponta+la+Digi24+In+materie+de+Viktor+Orban+in+mod+sigur+n\" target=\"_blank\" data-skip-linkfix=\"1\" rel=\"noopener\">a mai f\u0103cut-o deun\u0103zi la Digi24<\/a>. Pun\u00e2ndu-l \u00een antitez\u0103 cu Traian B\u0103sescu, el a declarat c\u0103, \u00een vreme ce premierul Ungariei, Viktor Orban, este tot mai contestat, acesta \u201evorbe\u015fte ap\u0103sat\u201d \u00een UE, iar Rom\u00e2nia cu Traian B\u0103sescu a ajuns \u201emonitorizat\u0103 la nesf\u00e2r\u015fit\u201d \u015fi depinde de alegerile electorale din alte state UE.<\/p>\n<p data-index=\"9\">\u201eDe\u015fi cu at\u00e2tea probleme, de\u015fi din ce \u00een ce mai contestat la nivelul unor lucruri de fond, din ce \u00een ce mai criticat, Viktor Orban continu\u0103 s\u0103 fie un lider care \u00een Europa vorbe\u015fte ap\u0103sat, \u00een vreme ce Traian B\u0103sescu, \u00een nou\u0103 ani de zile, a f\u0103cut din Rom\u00e2nia, din p\u0103cate, un membru al UE \u0163inut la col\u0163, cum nu e Ungaria. De\u015fi \u00een Rom\u00e2nia niciodat\u0103 valorile fundamentale ale statului de drept nu au fost amenin\u0163ate cum sunt \u00een Ungaria. Un membru al UE monitorizat, monitorizat la nesf\u00e2r\u015fit, monitorizat sine die, monitorizat f\u0103r\u0103 criterii, a\u015fa cum nu este \u015fi nu va fi niciodat\u0103 Ungaria. Un membru al UE pus mereu \u00een discu\u0163ie, pus mereu sub diverse suspiciuni, pus mereu s\u0103 stea \u00een picioare \u00een vreme ce al\u0163ii stau jos. Pus mereu \u00een postura de elev \u00een vreme ce al\u0163ii sunt profesori. Asta a f\u0103cut Traian B\u0103sescu cu Rom\u00e2nia \u015fi de asta Traian B\u0103sescu nu are cum s\u0103 declare nici de la Joseni, nici de la Bruxelles, nici din alt\u0103 parte, c\u0103 asum\u0103 vreun leadership&#8221;, a declarat Crin Antonescu.<\/p>\n<p data-index=\"10\">El a men\u0163ionat c\u0103 Rom\u00e2nia \u201eare nevoie de prestigiu \u015fi de dob\u00e2ndirea calit\u0103\u0163ii de membru cu drepturi depline, egale, ale Uniunii Europene\u201d.<\/p>\n<p data-index=\"11\">Totodat\u0103, liderul PNL a afirmat c\u0103 politica extern\u0103 nu se face cu declara\u0163ii precum cele ale pre\u015fedintelui Traian B\u0103sescu.<\/p>\n<p data-index=\"12\">\u201eAsta este provincialism, asta este marginalitate, asta e caricatur\u0103. Or, Rom\u00e2nia merit\u0103 s\u0103 se comporte serios, s\u0103 fie reprezentat\u0103 serios, s\u0103 fie tratat\u0103 serios. Rom\u00e2nia merit\u0103 s\u0103 nu mai fie victima alegerilor din alte \u0163\u0103ri. \u00cen Rom\u00e2nia, de c\u00e2te ori sunt alegeri \u00een Ungaria \u00een ultima vreme, avem campanii. \u00cen Rom\u00e2nia, de c\u00e2te ori se pune problema ader\u0103rii la spa\u0163iul Schengen, de\u015fi toate criteriile sunt \u00eendeplinite de mult, toate, nu putem, c\u0103 sunt alegeri \u00een Olanda \u00eentr-un r\u00e2nd. Pentru c\u0103 dac\u0103 trec alegerile din Olanda se nimere\u015fte s\u0103 fie alegeri \u00een Germania, dac\u0103 nu sunt alegeri \u00een Germania se mai nimeresc prin alte p\u0103r\u0163i, prin Finlanda&#8221;, a opiniat \u015feful PNL.<\/p>\n<h5>Lui Tokes ar trebui s\u0103 i se retrag\u0103 \u201eSteaua Rom\u00e2niei\u201d<\/h5>\n<p data-index=\"13\">Crin Antonescu a comentat, mar\u0163i, \u0219i ceea ce a spus Traian B\u0103sescu despre europarlamentarul Laszlo Tokes. Pre\u015fedintele Traian B\u0103sescu a declarat, luni, la Universitatea de Var\u0103 de la Izvoru Mure\u015fului, c\u0103 \u201enu \u00ee\u015fi merit\u0103 calitatea de cet\u0103\u0163ean rom\u00e2n cel care cerea mai zilele trecute ca Transilvania s\u0103 fie trecut\u0103 sub protectorat\u201d.<\/p>\n<p data-index=\"14\">Liderul PNL a reamintit c\u0103 europarlamentarul Laszlo Tokes a fost decorat de c\u0103tre actualul \u015fef al statului.<\/p>\n<p data-index=\"15\">\u201eChiar dac\u0103 am adoptat, cred, de fiecare dat\u0103, (&#8230;) pozi\u0163ii ferme, clare, fa\u0163\u0103 de declara\u0163iile sale, nu am avut niciodat\u0103 ce se cheam\u0103 o atitudine isteric\u0103. \u00cen raport cu domnul Tokes nu am \u00eencercat niciodat\u0103 s\u0103 contribui la incitarea \u00eempotriva sa sau la diabolizarea acestei persoane. Nu am pus, de pild\u0103, \u00een discu\u0163ie \u015fi nu am protestat \u00een momentul \u00een care domnul Tokes Laszlo, \u00een ciuda lungii sale cariere antirom\u00e2ne\u015fti, a fost decorat de c\u0103tre acela\u015fi pre\u015fedinte Traian B\u0103sescu. Am \u00eencercat s\u0103 \u00een\u0163eleg atunci c\u0103 e decorat cu &#8220;Steaua Rom\u00e2niei&#8221; \u00een grad de cavaler, o \u00eenalt\u0103 distinc\u0163ie a statului rom\u00e2n, pentru rolul s\u0103u la Revolu\u0163ia din Decembrie &#8217;89&#8221;, a afirmat Crin Antonescu.<\/p>\n<p data-index=\"16\">Pre\u015fedintele PNL a ad\u0103ugat c\u0103, \u00eenainte ca Traian B\u0103sescu s\u0103-\u015fi pun\u0103 problema dac\u0103 Laszlo Tokes mai merit\u0103 sau nu cet\u0103\u0163enia rom\u00e2n\u0103, ar fi oportun un alt gest \u00een cazul europarlamentarului \u2013 retragerea \u00eenaltei distinc\u021bii.<\/p>\n<h5>Concediu \u00eentrerupt va fi reluat<\/h5>\n<p data-index=\"17\">Crin Antonescu a spus, mar\u0163i, c\u0103 nu \u015fi-a \u00eencheiat concediul \u015fi va lua o decizie \u00een urm\u0103toarele 24 de ore dac\u0103 \u00eel va continua \u00een perioada urm\u0103toare. El a ar\u0103tat c\u0103 institu\u0163ia pe care o conduce, Senatul Rom\u00e2niei, se afl\u0103 \u00een vacan\u0163\u0103 parlamentar\u0103.<\/p>\n<p data-index=\"18\">Crin Antonescu a fost \u00eentrebat dac\u0103 \u015fi-a \u00eencheiat concediul \u00een care s-a aflat. \u201eEu nu l-am \u00eencheiat. (&#8230;) O s\u0103 iau o decizie \u00een urm\u0103toarele 24 de ore&#8221;, a replicat liderul PNL, \u00eentrebat c\u00e2nd \u00ee\u0219i va relua vacan\u021ba.<\/p>\n<p data-index=\"19\">De asemenea, liderul liberal a fost \u00eentrebat de ce a preferat s\u0103 fac\u0103 declara\u0163ii publice la trei zile de la momentul scandalului declan\u015fat de declara\u0163iile liderului Jobbik, Vona Gabor.<\/p>\n<p data-index=\"20\">\u201eEu consider, \u015fi asta e greu s\u0103 schimb acest mod de a vedea lucrurile, c\u0103 rolul nostru, al celor care facem politic\u0103, ca lideri de partid, nu este acela de a oferi \u00een permanen\u0163\u0103 un duel al declara\u0163iilor \u015fi al comentariilor. Dac\u0103 s-a dus, s\u0103 zicem, domnul B\u0103sescu la mare \u015fi s-a plimbat cu o \u015falup\u0103 \u015fi a f\u0103cut acolo ni\u015fte considera\u0163ii, nu trebuie neap\u0103rat, cred c\u0103 nu e de datoria mea public\u0103 s\u0103 apar \u015fi eu \u015fi s\u0103 spun c\u0103 e a\u015fa, c\u0103 nu e a\u015fa, c\u0103 de ce e a\u015fa&#8230;Sunt lucruri care mi se par semnificative \u015fi care nu, nu fac comentarii de pe plaj\u0103, nu povestesc c\u00e2t am sl\u0103bit \u015fi c\u00e2t m-am \u00eengr\u0103\u015fat. \u00cencerc o comunicare esen\u0163ial\u0103&#8221;, a explicat liderul PNL. \u00a0<\/p>\n<\/div>\n<p> Source URL: https:\/\/www.digi24.ro\/stiri\/actualitate\/politica\/crin-antonescu-si-a-intrerupt-vacanta-pentru-a-admonesta-declaratiile-lui-traian-basescu-despre-ungaria-105230<\/p>\n","protected":false},"excerpt":{"rendered":"<p>Liderul PNL, Crin Antonescu, \u0219i-a \u00eentrerupt, mar\u021bi, vacan\u021ba \u0219i a convocat o conferin\u021b\u0103 de pres\u0103 pentru a taxa declara\u021biile din ultima perioad\u0103 ale pre\u0219edintelui Traian B\u0103sescu, cu prec\u0103dere \u00een ceea ce-i prive\u0219te pe maghiari. El a denun\u021bat \u201emomentele caraghioase de var\u0103\u201d de la Joseni ale pre\u0219edintelui contest\u00e2ndu-i legitimitatea de a face politic\u0103 extern\u0103 dintr-o atare [&hellip;]<\/p>\n","protected":false},"author":1,"featured_media":223314,"comment_status":"open","ping_status":"","sticky":false,"template":"","format":"standard","meta":{"footnotes":""},"categories":[2],"tags":[11],"class_list":["post-223313","post","type-post","status-publish","format-standard","has-post-thumbnail","hentry","category-politics","tag-digi24"],"_links":{"self":[{"href":"https:\/\/analyse.optim.biz\/index.php?rest_route=\/wp\/v2\/posts\/223313","targetHints":{"allow":["GET"]}}],"collection":[{"href":"https:\/\/analyse.optim.biz\/index.php?rest_route=\/wp\/v2\/posts"}],"about":[{"href":"https:\/\/analyse.optim.biz\/index.php?rest_route=\/wp\/v2\/types\/post"}],"author":[{"embeddable":true,"href":"https:\/\/analyse.optim.biz\/index.php?rest_route=\/wp\/v2\/users\/1"}],"replies":[{"embeddable":true,"href":"https:\/\/analyse.optim.biz\/index.php?rest_route=%2Fwp%2Fv2%2Fcomments&post=223313"}],"version-history":[{"count":0,"href":"https:\/\/analyse.optim.biz\/index.php?rest_route=\/wp\/v2\/posts\/223313\/revisions"}],"wp:featuredmedia":[{"embeddable":true,"href":"https:\/\/analyse.optim.biz\/index.php?rest_route=\/wp\/v2\/media\/223314"}],"wp:attachment":[{"href":"https:\/\/analyse.optim.biz\/index.php?rest_route=%2Fwp%2Fv2%2Fmedia&parent=223313"}],"wp:term":[{"taxonomy":"category","embeddable":true,"href":"https:\/\/analyse.optim.biz\/index.php?rest_route=%2Fwp%2Fv2%2Fcategories&post=223313"},{"taxonomy":"post_tag","embeddable":true,"href":"https:\/\/analyse.optim.biz\/index.php?rest_route=%2Fwp%2Fv2%2Ftags&post=223313"}],"curies":[{"name":"wp","href":"https:\/\/api.w.org\/{rel}","templated":true}]}}