{"id":223301,"date":"2013-08-13T16:53:30","date_gmt":"2013-08-13T13:53:30","guid":{"rendered":"https:\/\/analyse.optim.biz\/?p=223301"},"modified":"2013-08-13T16:53:30","modified_gmt":"2013-08-13T13:53:30","slug":"c-antonescu-sustine-clarificarea-legii-ani","status":"publish","type":"post","link":"https:\/\/analyse.optim.biz\/?p=223301","title":{"rendered":"C. Antonescu sus\u021bine \u201eclarificarea\u201d legii ANI"},"content":{"rendered":"<div class=\"entry data-app-meta data-app-meta-article\" data-embed-base-url-canonical=\"https:\/\/www.digi24.ro\/embed\/stiri\/actualitate\/politica\/c-antonescu-sustine-clarificarea-legii-ani-105271\">\n<p data-index=\"1\"><img decoding=\"async\" src=\"https:\/\/analyse.optim.biz\/wp-content\/uploads\/2024\/09\/cgcmdz04mdamagfzad1hmjvhmme5mgu1yzc3nzdlmju4otkzyjgyotcwmwmwma-thumb_.jpg\" data-skip-htmlfix=\"1\" title=\"cgcmdz04mdamagfzad1hmjvhmme5mgu1yzc3nzdlmju4otkzyjgyotcwmwmwma-thumb_\"><\/p>\n<p data-index=\"2\">Crin Antonescu a fost \u00eentrebat dac\u0103 PNL va face presiuni pentru modificarea legii ANI \u00een ceea ce prive\u015fte incompatibilit\u0103\u0163ile.<\/p>\n<p data-index=\"3\"><strong>\u201eNu s-a pus nicio secund\u0103 problema presiunii asupra ANI. Ce presiune s\u0103 facem asupra ANI? C\u00e2nd PDL avea foarte mul\u0163i primari, mul\u0163i dintre ei \u00een aceea\u015fi situa\u0163ie, c\u0103 nu s-au apucat 1000 de oameni s\u0103 fac\u0103 \u015fmecherii &#8211; aici avem chiar de a face cu o problem\u0103 de sistem \u015fi de interpretare a legii &#8211; ANI nu a sesizat chestiunea asta. Desigur, sunt 1000 de primari, dar ce pl\u0103cut e pentru ANI s\u0103 piguleasc\u0103 a\u015fa c\u00e2te unul. Iohannis, s-a nimerit Iohannis. Molo\u0163, s-a nimerit Molo\u0163. Nicu\u015for Constantinescu, doar n-o s\u0103-i ia pe to\u0163i 1000. Lu\u0103m pe s\u0103rite, cum vrem, ne \u00eempiedic\u0103 cineva? Independen\u0163a justi\u0163iei, sigur\u201d<\/strong>, a afirmat Crin Antonescu.<\/p>\n<p data-index=\"4\">Liderul liberal a men\u0163ionat c\u0103 a fost vorba de \u201eo clarificare la nivel legislativ\u201d deoarece primarii nu vor s\u0103 \u00eencalce legea.<\/p>\n<p data-index=\"5\"><strong>\u201ePe de alt\u0103 parte, a\u015fa cum primarul Klaus Iohannis a explicat, ei au fost \u00een situa\u0163ia de a intra ca reprezentan\u0163i ai administra\u0163iei locale \u00een aceste consilii, tocmai \u00een condi\u0163iile \u00een care existau reglement\u0103ri \u015fi europene care practic cereau acest lucru. (&#8230;) Ceea ce cer primarii, din c\u00e2te \u015ftiu eu, cerere pe care o sus\u0163in, este s\u0103 se fac\u0103 o clarificare de natur\u0103 legislativ\u0103\u201d<\/strong>, a precizat liderul PNL.<\/p>\n<p data-index=\"6\">El a ad\u0103ugat c\u0103 acest subiect va fi discutat inclusiv cu premierul Victor Ponta, deoarece o astfel de clarificare trebuie adus\u0103 \u00een legea ANI.<\/p>\n<p data-index=\"7\">Totodat\u0103, pre\u015fedintele PNL a sus\u0163inut c\u0103, \u00een ceea ce prive\u015fte legisla\u0163ia \u015fi activitatea ANI, trebuie ca to\u0163i s\u0103 ac\u0163ioneze cu \u201ebun\u0103 credin\u0163\u0103\u201d pentru a preveni \u015fi a combate fenomenul unor incompatibilit\u0103\u0163i reale, \u201enu o v\u00e2n\u0103toare de forme \u015fi de proceduri care s\u0103 fie discutabile \u015fi interpretabile\u201d.<\/p>\n<h5>Traseul declara\u021biilor\u00a0<\/h5>\n<p data-index=\"8\">Afirma\u021biile lui Crin Antonescu vin dup\u0103 ce pre\u0219edintele Agen\u021biei Na\u021bionale de Integritate, Horia Georgescu, a declarat ieri, la Digi24, c\u0103 <a href=\"https:\/\/www.digi24.ro\/Stiri\/Digi24\/Actualitate\/Justitie\/Horia+Georgescu+ANI+Alesii+locali+incompatibili+mai+putini\" target=\"_blank\" data-skip-linkfix=\"1\" rel=\"noopener\">num\u0103rul primarilor care se afl\u0103 \u00een stare de incompatibilitate sau conflict de interese este mult mai mic \u0219i c\u0103 cifra este exagerat\u0103<\/a>, printre motive fiind \u0219i acela al schimb\u0103rii legisla\u021biei. \u00cens\u0103, acest lucru nu i-ar ajuta deoarece legea nu se aplic\u0103 retroactiv. \u00cen plus, pre\u0219edintele ANI a ad\u0103ugat c\u0103 unul din punctele de plecare pentru aceste situa\u021bii de incompatibilitate este chiar sesizarea pre\u0219edintelui CJ Constan\u021ba, Nicu\u0219or Constatinescu.<\/p>\n<p data-index=\"9\">At\u00e2t puterea, c\u00e2t \u0219i opozi\u0163ia bat recordul negativ la num\u0103rul de ale\u015fi locali care au probleme serioase de integritate. Peste 100 de primari, consilieri \u015fi \u015fefi de consilii jude\u0163ene risc\u0103 s\u0103-\u015fi piard\u0103 func\u0163iile, iar consecin\u0163a va fi organizarea alegerilor anticipate. <a href=\"https:\/\/www.digi24.ro\/Stiri\/Digi24\/Actualitate\/Politica\/PSD+campion+la+alesi+incompatibili\" target=\"_blank\" data-skip-linkfix=\"1\" rel=\"noopener\">Executivul a sesizat pericolul \u015fi \u00eencearc\u0103 s\u0103-i salveze prin modificarea Legii ANI<\/a>.<\/p>\n<p data-index=\"10\">La \u00eenceputul verii, ale\u015fii locali \u015fi-au pus speran\u0163ele \u00een ministrul Administra\u0163iei, Liviu Dragnea. El le-a promis c\u0103 va ini\u0163ia o hot\u0103r\u00e2re de guvern care s\u0103-i scape de bra\u0163ul lung al Agen\u0163iei Na\u0163ionale de Integritate.<\/p>\n<p data-index=\"11\">Toate speran\u0163ele ale\u015filor locali s-au n\u0103ruit \u00eens\u0103, pentru c\u0103 proiectul de ordonan\u0163\u0103 nu a fost avizat de Ministerul Justi\u0163iei.<\/p>\n<p data-index=\"12\">Astfel, <a href=\"https:\/\/www.digi24.ro\/Stiri\/Digi24\/Actualitate\/Politica\/R+Cazanciuc+criticat+in+PSD+pentru+piedica+pusa+schimbarii+legii\" target=\"_blank\" data-skip-linkfix=\"1\" rel=\"noopener\">Ministrul Justi\u0163iei, Robert Cazanciuc, este acuzat de primarii \u015fi parlamentarii PSD c\u0103 pune be\u0163e-n roate<\/a> primarilor \u015fi pre\u015fedin\u0163ilor de consilii jude\u0163ene. \u0218i asta pentru c\u0103 Ministerul Justi\u0163iei a avizat negativ schimbarea legii incompatibilit\u0103\u0163ii. Modific\u0103rile le-ar fi permis ale\u015filor locali s\u0103 de\u0163in\u0103 \u00een continuare func\u0163ii \u015fi \u00een adun\u0103rile generale ale ac\u0163ionarilor din societ\u0103\u0163ile subordonate.<\/p>\n<\/div>\n<p> Source URL: https:\/\/www.digi24.ro\/stiri\/actualitate\/politica\/c-antonescu-sustine-clarificarea-legii-ani-105271<\/p>\n","protected":false},"excerpt":{"rendered":"<p>Crin Antonescu a fost \u00eentrebat dac\u0103 PNL va face presiuni pentru modificarea legii ANI \u00een ceea ce prive\u015fte incompatibilit\u0103\u0163ile. \u201eNu s-a pus nicio secund\u0103 problema presiunii asupra ANI. Ce presiune s\u0103 facem asupra ANI? C\u00e2nd PDL avea foarte mul\u0163i primari, mul\u0163i dintre ei \u00een aceea\u015fi situa\u0163ie, c\u0103 nu s-au apucat 1000 de oameni s\u0103 fac\u0103 [&hellip;]<\/p>\n","protected":false},"author":1,"featured_media":223302,"comment_status":"open","ping_status":"","sticky":false,"template":"","format":"standard","meta":{"footnotes":""},"categories":[2],"tags":[11],"class_list":["post-223301","post","type-post","status-publish","format-standard","has-post-thumbnail","hentry","category-politics","tag-digi24"],"_links":{"self":[{"href":"https:\/\/analyse.optim.biz\/index.php?rest_route=\/wp\/v2\/posts\/223301","targetHints":{"allow":["GET"]}}],"collection":[{"href":"https:\/\/analyse.optim.biz\/index.php?rest_route=\/wp\/v2\/posts"}],"about":[{"href":"https:\/\/analyse.optim.biz\/index.php?rest_route=\/wp\/v2\/types\/post"}],"author":[{"embeddable":true,"href":"https:\/\/analyse.optim.biz\/index.php?rest_route=\/wp\/v2\/users\/1"}],"replies":[{"embeddable":true,"href":"https:\/\/analyse.optim.biz\/index.php?rest_route=%2Fwp%2Fv2%2Fcomments&post=223301"}],"version-history":[{"count":0,"href":"https:\/\/analyse.optim.biz\/index.php?rest_route=\/wp\/v2\/posts\/223301\/revisions"}],"wp:featuredmedia":[{"embeddable":true,"href":"https:\/\/analyse.optim.biz\/index.php?rest_route=\/wp\/v2\/media\/223302"}],"wp:attachment":[{"href":"https:\/\/analyse.optim.biz\/index.php?rest_route=%2Fwp%2Fv2%2Fmedia&parent=223301"}],"wp:term":[{"taxonomy":"category","embeddable":true,"href":"https:\/\/analyse.optim.biz\/index.php?rest_route=%2Fwp%2Fv2%2Fcategories&post=223301"},{"taxonomy":"post_tag","embeddable":true,"href":"https:\/\/analyse.optim.biz\/index.php?rest_route=%2Fwp%2Fv2%2Ftags&post=223301"}],"curies":[{"name":"wp","href":"https:\/\/api.w.org\/{rel}","templated":true}]}}