{"id":223298,"date":"2013-08-13T17:35:56","date_gmt":"2013-08-13T14:35:56","guid":{"rendered":"https:\/\/analyse.optim.biz\/?p=223298"},"modified":"2013-08-13T17:35:56","modified_gmt":"2013-08-13T14:35:56","slug":"presedintia-ia-nota-de-debusolarea-de-vacanta-a-lui-crin-antonescu","status":"publish","type":"post","link":"https:\/\/analyse.optim.biz\/?p=223298","title":{"rendered":"Pre\u0219edin\u021bia ia not\u0103 de \u201edebusolarea de vacan\u0163\u0103\u201d a lui Crin Antonescu"},"content":{"rendered":"<div class=\"entry data-app-meta data-app-meta-article\" data-embed-base-url-canonical=\"https:\/\/www.digi24.ro\/embed\/stiri\/actualitate\/politica\/presedintia-ia-nota-de-debusolarea-de-vacanta-a-lui-crin-antonescu-105288\">\n<p data-index=\"1\"><img decoding=\"async\" src=\"https:\/\/analyse.optim.biz\/wp-content\/uploads\/2024\/09\/lmpwzyz3ptgwmczoyxnoptezyjy4mja3zja5mta3zgrjogjmodbkmjy3ymqxndzk-thumb_.jpg\" data-skip-htmlfix=\"1\" title=\"lmpwzyz3ptgwmczoyxnoptezyjy4mja3zja5mta3zgrjogjmodbkmjy3ymqxndzk-thumb_\"><\/p>\n<p data-index=\"2\"><strong>\u201eAdministra\u0163ia Preziden\u0163ial\u0103 a luat not\u0103 de debusolarea de vacan\u0163\u0103 a domnului pre\u015fedinte al Senatului Rom\u00e2niei, Crin Antonescu\u201d<\/strong>, declar\u0103 purt\u0103torul de cuv\u00e2nt al pre\u015fedintelui Traian B\u0103sescu, citat de Mediafax.<\/p>\n<p data-index=\"3\">Bogdan Oprea mai spune c\u0103, av\u00e2nd \u00een vedere calitatea lui Antonescu de copre\u015fedinte al USL, \u00eei reaminte\u015fte acestuia c\u0103, de la preluarea guvern\u0103rii, \u015fomajul a crescut de la 6,7% la 7,6%; principala \u00eengrijorarea a popula\u0163iei este legat\u0103 de g\u0103sirea unui loc de munc\u0103, prin urmare principalul obiectiv al coali\u0163iei de guvernare ar trebui s\u0103 fie crearea de noi locuri de munc\u0103; tot mai multe societ\u0103\u0163i comerciale se declar\u0103 \u00een insolven\u0163\u0103; investi\u0163iile str\u0103ine au sc\u0103zut \u00een ultimul an cu 37%.<\/p>\n<p data-index=\"4\">Totodat\u0103, purt\u0103torul de cuv\u00e2nt al \u015fefului statului \u00eei mai aminte\u015fte liderului PNL c\u0103 un num\u0103r important de primari ai USL sunt \u00een situa\u0163ie de incompatibilitate; absorb\u0163ia fondurilor europene este extrem de slab\u0103, Rom\u00e2nia risc\u00e2nd s\u0103 piard\u0103 mai multe miliarde de euro; rectificarea bugetar\u0103 aprobat\u0103 de Guvernul Rom\u00e2niei este criticat\u0103 de Consiliul Fiscal, care consider\u0103 c\u0103 estim\u0103rile pentru urm\u0103toarele cinci luni ale anului sunt nerealiste \u015fi nefundamentate; azi-diminea\u0163\u0103 mai mul\u0163i angaja\u0163i ai societ\u0103\u0163ii Oltchim din R\u00e2mnicu-V\u00e2lcea au intrat \u00een greva foamei.<\/p>\n<p data-index=\"5\">Bogdan Oprea mai arat\u0103 c\u0103 procesul de privatizare a CFR Marf\u0103 stagneaz\u0103, risc\u00e2nd s\u0103 se transforme \u00eentr-o nou\u0103 privatizare e\u015fuat\u0103 de tip Oltchim, deoarece Guvernul blocheaz\u0103, de trei s\u0103pt\u0103m\u00e2ni, publicarea \u00een Monitorul Oficial a hot\u0103r\u00e2rii de guvern prin care se stabile\u015fte c\u00e2\u015ftig\u0103torul licita\u0163iei de privatizare a companiei, ceea ce creeaz\u0103 Guvernului grave prejudicii de credibilitate \u00een plan extern.<\/p>\n<p data-index=\"6\">Purt\u0103torul de cuv\u00e2nt al \u015fefului statului men\u0163ioneaz\u0103, totodat\u0103, c\u0103 sistarea lucr\u0103rilor la tronsonul de autostrad\u0103 Arad &#8211; N\u0103dlac \u015fi la Magistrala 5 &#8211; Drumul Taberei a metroul din Bucure\u015fti este de m\u0103sur\u0103 s\u0103 afecteze grav interesele economiei \u015fi ale cet\u0103\u0163enilor; revizuirea Constitu\u0163iei \u015fi reorganizarea administrativ\u0103 par a fi proiecte abandonate; Guvernul Rom\u00e2niei, \u00een scrisoare de inten\u0163ie cu Fondul Monetar Interna\u0163ional, Comisia European\u0103 \u015fi Banca Mondial\u0103, s-a angajat s\u0103 creasc\u0103 mai multe taxe \u015fi impozite, care vor avea efecte directe asupra popula\u0163iei \u015fi a economiei.<\/p>\n<p data-index=\"7\"><strong>\u201eIat\u0103 doar c\u00e2teva subiecte asupra c\u0103rora speram s\u0103 se opreasc\u0103 \u00een declara\u0163ia de ast\u0103zi unul dintre responsabilii principali de guvernare la \u00eentoarecea cu for\u0163e proaspete din vacan\u0163\u0103. <a href=\"https:\/\/www.digi24.ro\/Stiri\/Digi24\/Actualitate\/Politica\/Crin+Antonescu+contraatac+Basescu+maghiari\" target=\"_blank\" data-skip-linkfix=\"1\" rel=\"noopener\">\u00cen ceea ce prive\u015fte implicarea domnului Crin Antonescu \u00een subiectul particip\u0103rii unor lideri politici din Ungaria la activit\u0103\u0163i pe teritoriul Rom\u00e2niei<\/a>, Administra\u0163ia Preziden\u0163ial\u0103 consider\u0103 c\u0103 aceasta este tardiv\u0103\u201d<\/strong>, mai declar\u0103 Bogdan Oprea.<\/p>\n<\/div>\n<p> Source URL: https:\/\/www.digi24.ro\/stiri\/actualitate\/politica\/presedintia-ia-nota-de-debusolarea-de-vacanta-a-lui-crin-antonescu-105288<\/p>\n","protected":false},"excerpt":{"rendered":"<p>\u201eAdministra\u0163ia Preziden\u0163ial\u0103 a luat not\u0103 de debusolarea de vacan\u0163\u0103 a domnului pre\u015fedinte al Senatului Rom\u00e2niei, Crin Antonescu\u201d, declar\u0103 purt\u0103torul de cuv\u00e2nt al pre\u015fedintelui Traian B\u0103sescu, citat de Mediafax. Bogdan Oprea mai spune c\u0103, av\u00e2nd \u00een vedere calitatea lui Antonescu de copre\u015fedinte al USL, \u00eei reaminte\u015fte acestuia c\u0103, de la preluarea guvern\u0103rii, \u015fomajul a crescut de [&hellip;]<\/p>\n","protected":false},"author":1,"featured_media":223299,"comment_status":"open","ping_status":"","sticky":false,"template":"","format":"standard","meta":{"footnotes":""},"categories":[2],"tags":[11],"class_list":["post-223298","post","type-post","status-publish","format-standard","has-post-thumbnail","hentry","category-politics","tag-digi24"],"_links":{"self":[{"href":"https:\/\/analyse.optim.biz\/index.php?rest_route=\/wp\/v2\/posts\/223298","targetHints":{"allow":["GET"]}}],"collection":[{"href":"https:\/\/analyse.optim.biz\/index.php?rest_route=\/wp\/v2\/posts"}],"about":[{"href":"https:\/\/analyse.optim.biz\/index.php?rest_route=\/wp\/v2\/types\/post"}],"author":[{"embeddable":true,"href":"https:\/\/analyse.optim.biz\/index.php?rest_route=\/wp\/v2\/users\/1"}],"replies":[{"embeddable":true,"href":"https:\/\/analyse.optim.biz\/index.php?rest_route=%2Fwp%2Fv2%2Fcomments&post=223298"}],"version-history":[{"count":0,"href":"https:\/\/analyse.optim.biz\/index.php?rest_route=\/wp\/v2\/posts\/223298\/revisions"}],"wp:featuredmedia":[{"embeddable":true,"href":"https:\/\/analyse.optim.biz\/index.php?rest_route=\/wp\/v2\/media\/223299"}],"wp:attachment":[{"href":"https:\/\/analyse.optim.biz\/index.php?rest_route=%2Fwp%2Fv2%2Fmedia&parent=223298"}],"wp:term":[{"taxonomy":"category","embeddable":true,"href":"https:\/\/analyse.optim.biz\/index.php?rest_route=%2Fwp%2Fv2%2Fcategories&post=223298"},{"taxonomy":"post_tag","embeddable":true,"href":"https:\/\/analyse.optim.biz\/index.php?rest_route=%2Fwp%2Fv2%2Ftags&post=223298"}],"curies":[{"name":"wp","href":"https:\/\/api.w.org\/{rel}","templated":true}]}}