{"id":223287,"date":"2013-08-13T22:28:48","date_gmt":"2013-08-13T19:28:48","guid":{"rendered":"https:\/\/analyse.optim.biz\/?p=223287"},"modified":"2013-08-13T22:28:48","modified_gmt":"2013-08-13T19:28:48","slug":"cum-interpreteaza-analistii-baile-de-multime-ale-presedintelui-basescu","status":"publish","type":"post","link":"https:\/\/analyse.optim.biz\/?p=223287","title":{"rendered":"Cum interpreteaz\u0103 anali\u0219tii b\u0103ile de mul\u021bime ale pre\u0219edintelui B\u0103sescu"},"content":{"rendered":"<div class=\"entry data-app-meta data-app-meta-article\" data-embed-base-url-canonical=\"https:\/\/www.digi24.ro\/embed\/stiri\/actualitate\/politica\/cum-interpreteaza-analistii-baile-de-multime-ale-presedintelui-basescu-105403\">\n<p data-index=\"1\">Anali\u015ftii sunt de p\u0103rere c\u0103 Traian B\u0103sescu a profitat din plin de perioada de concedii a politicienilor pentru a-\u015fi transmite mesajele. \u015ei nu oricum, ci \u00een timpul unor b\u0103i de mul\u0163ime. Mai ales c\u0103 oponen\u0163ii s\u0103i, premierul Victor Ponta \u015fi pre\u015fedintele Senatului, Crin Antonescu, nu puteau s\u0103 ia atitudine fiind pleca\u0163i \u00een vacan\u0163\u0103.<\/p>\n<p data-index=\"2\">\u201e<span>Pre\u0219edintele \u00eencearc\u0103 un plus de imagine, o cre\u015ftere a propriei sale imagini, mai ales \u00een aceast\u0103 perioad\u0103 de var\u0103, c\u00e2nd prea multe subiecte politice sau economice nu prea sunt, e perioad\u0103 de concedii \u015fi e tocmai bine acum pentru a capta o c\u00e2t mai mare parte din energiile latente, din eventualele simpatii pentru ca mai t\u00e2rziu s\u0103 le transfere c\u0103tre polul, forma\u0163iunea pe care o construie\u015fte\u201d, este de p\u0103rere sociologul <strong>Bogdan Ficeac<\/strong>.<\/span><\/p>\n<p data-index=\"3\">Opinia este \u00eemp\u0103rt\u0103\u0219it\u0103 \u0219i de fostul purt\u0103tor de cuv\u00e2nt al pre\u0219edintelui B\u0103sescu, <strong>Valeriu Turcan<\/strong>, \u00een prezent consultant politic. \u201eCred c\u0103 oamenii politici cu experien\u0163\u0103 \u015ftiu s\u0103 exploateze lipsa de subiecte a mass-media. \u00cen perioada verii institu\u0163ii precum Guvernul, Parlamentul &#8211; Parlamentul nu lucreaz\u0103, dar \u015fi Guvernul, pe fond de vacan\u0163\u0103, are o activitate mai redus\u0103. Atunci, \u00een plan mediatic se creeaz\u0103 un vid de subiecte. Eu cred c\u0103 pre\u015fedintele exploateaz\u0103 aceast\u0103 nevoie a presei de subiecte\u201d.<\/p>\n<p data-index=\"4\">Liderul liberal <strong>Crin Antonescu<\/strong> nu este de acord cu modul \u00een care Traian B\u0103sescu \u00ee\u015fi transmite mesajele politice: \u201eNu fac comentarii de pe plaj\u0103, nu povestesc c\u00e2t am sl\u0103bit sau c\u00e2t m-am ingr\u0103\u015fat . \u00cencerc o comunicare esen\u0163ial\u0103\u201d, a declarat ast\u0103zi liderul liberal, care <a href=\"https:\/\/www.digi24.ro\/Stiri\/Digi24\/Actualitate\/Politica\/Crin+Antonescu+contraatac+Basescu+maghiari\" target=\"_blank\" data-skip-linkfix=\"1\" rel=\"noopener\">\u0219i-a \u00eentrerupt concediul pentru a-i da o replic\u0103 pre\u0219edintelui<\/a>.<\/p>\n<p data-index=\"5\">Anali\u0219tii pun ultimele b\u0103i de mul\u0163ime ale pre\u015fedintelui \u015fi pe seama inten\u0163iei acestuia de a face un transfer de imagine c\u0103tre liderii Partidului Mi\u015fcarea Popular\u0103, forma\u0163iune \u00eenfiin\u0163at\u0103 de c\u00e2\u0163iva consilieri preziden\u0163iali, dar spun c\u0103 este nevoie de mult timp pentru realizarea acestui proces.<\/p>\n<\/div>\n<p> Source URL: https:\/\/www.digi24.ro\/stiri\/actualitate\/politica\/cum-interpreteaza-analistii-baile-de-multime-ale-presedintelui-basescu-105403<\/p>\n","protected":false},"excerpt":{"rendered":"<p>Anali\u015ftii sunt de p\u0103rere c\u0103 Traian B\u0103sescu a profitat din plin de perioada de concedii a politicienilor pentru a-\u015fi transmite mesajele. \u015ei nu oricum, ci \u00een timpul unor b\u0103i de mul\u0163ime. Mai ales c\u0103 oponen\u0163ii s\u0103i, premierul Victor Ponta \u015fi pre\u015fedintele Senatului, Crin Antonescu, nu puteau s\u0103 ia atitudine fiind pleca\u0163i \u00een vacan\u0163\u0103. \u201ePre\u0219edintele \u00eencearc\u0103 [&hellip;]<\/p>\n","protected":false},"author":1,"featured_media":223288,"comment_status":"open","ping_status":"","sticky":false,"template":"","format":"standard","meta":{"footnotes":""},"categories":[2],"tags":[11],"class_list":["post-223287","post","type-post","status-publish","format-standard","has-post-thumbnail","hentry","category-politics","tag-digi24"],"_links":{"self":[{"href":"https:\/\/analyse.optim.biz\/index.php?rest_route=\/wp\/v2\/posts\/223287","targetHints":{"allow":["GET"]}}],"collection":[{"href":"https:\/\/analyse.optim.biz\/index.php?rest_route=\/wp\/v2\/posts"}],"about":[{"href":"https:\/\/analyse.optim.biz\/index.php?rest_route=\/wp\/v2\/types\/post"}],"author":[{"embeddable":true,"href":"https:\/\/analyse.optim.biz\/index.php?rest_route=\/wp\/v2\/users\/1"}],"replies":[{"embeddable":true,"href":"https:\/\/analyse.optim.biz\/index.php?rest_route=%2Fwp%2Fv2%2Fcomments&post=223287"}],"version-history":[{"count":0,"href":"https:\/\/analyse.optim.biz\/index.php?rest_route=\/wp\/v2\/posts\/223287\/revisions"}],"wp:featuredmedia":[{"embeddable":true,"href":"https:\/\/analyse.optim.biz\/index.php?rest_route=\/wp\/v2\/media\/223288"}],"wp:attachment":[{"href":"https:\/\/analyse.optim.biz\/index.php?rest_route=%2Fwp%2Fv2%2Fmedia&parent=223287"}],"wp:term":[{"taxonomy":"category","embeddable":true,"href":"https:\/\/analyse.optim.biz\/index.php?rest_route=%2Fwp%2Fv2%2Fcategories&post=223287"},{"taxonomy":"post_tag","embeddable":true,"href":"https:\/\/analyse.optim.biz\/index.php?rest_route=%2Fwp%2Fv2%2Ftags&post=223287"}],"curies":[{"name":"wp","href":"https:\/\/api.w.org\/{rel}","templated":true}]}}