{"id":223274,"date":"2013-08-13T23:32:17","date_gmt":"2013-08-13T20:32:17","guid":{"rendered":"https:\/\/analyse.optim.biz\/?p=223274"},"modified":"2013-08-13T23:32:17","modified_gmt":"2013-08-13T20:32:17","slug":"gyorgy-frunda-la-digi24-robert-cazanciuc-are-obligatia-politica-sa-modifice-legea-ani","status":"publish","type":"post","link":"https:\/\/analyse.optim.biz\/?p=223274","title":{"rendered":"Gyorgy Frunda, la Digi24: Robert Cazanciuc are obliga\u021bia politic\u0103 s\u0103 modifice legea ANI"},"content":{"rendered":"<div class=\"entry data-app-meta data-app-meta-article\" data-embed-base-url-canonical=\"https:\/\/www.digi24.ro\/embed\/stiri\/actualitate\/politica\/gyorgy-frunda-la-digi24-robert-cazanciuc-are-obligatia-politica-sa-modifice-legea-ani-105412\">\n<p data-index=\"1\">Consilierul premierului, Gyorgy Frunda, a afirmat \u00eens\u0103 c\u0103 \u0219i-ar fi dorit o agen\u021bie de integritate \u201ecare s\u0103 nu fi cules armele cele mai agresive\u201d \u0219i a dat ca exemplu pe cele din Germania sau Italia.<\/p>\n<p data-index=\"2\"><strong>\u201e<\/strong><span><strong>N-am fost \u0219i nu sunt de acord cu aceast\u0103 agen\u021bie de integritate rom\u00e2neasc\u0103, care a cules din co\u0219ul fiec\u0103rei \u021b\u0103ri armele cele mai agresive, care \u00eencalc\u0103 de multe ori drepturile individului \u0219i a f\u0103cut cea mai agresiv\u0103 lege din toat\u0103 Europa\u201d, a spus Gyorgy Frunda<\/strong>, consilier al prim-ministrului Victor Ponta.<\/span><\/p>\n<p data-index=\"3\">Frunda a mai spus c\u0103 \u00een timpul unor discu\u021bii cu ministrul Justi\u021biei din Germania i-a ar\u0103tat declara\u021bia de avere pe care trebuie s\u0103 o completeze cel care cade sub inciden\u021ba legii, iar interlocutorul s\u0103u \u201es-a prins de cap\u201d.<\/p>\n<p data-index=\"4\">\u201e<span>A zis c\u0103 nu-i posibil ca un demnitar s\u0103 fie obligat s\u0103 declare, de exemplu, veniturile sau bijuteriile nevestei sau ale so\u021bului, care nu este rud\u0103. To\u021bi oamenii prezint\u0103 aceast\u0103 ANI ca o Fat\u0103 Morgana, o Alb\u0103 ca Z\u0103pada neprih\u0103nit\u0103, care face lucruri bune \u0219i politicienii \u0103\u0219tia ur\u00e2\u021bi, r\u0103i, care vor s-o sf\u00e2\u0219ie. Nu este adev\u0103rat\u201d, a ad\u0103ugat Frunda. <\/span><\/p>\n<p data-index=\"5\">Consilierul premierului a explicat c\u0103 Agen\u021bia Na\u021bional\u0103 de Integritate este l\u0103udat\u0103 \u00een toate rapoartele Comisiei Europene pentru c\u0103 a fost ini\u021biat\u0103 de Monica Macovei.<\/p>\n<p data-index=\"6\"><strong>\u201e<\/strong><span><strong>Doamna Macovei este o comunicatoare foarte bun\u0103, a f\u0103cut o impresie foarte bun\u0103, de femeie modest\u0103, cinstit\u0103, la Bruxelles sau la Strasbourg, dac\u0103 ceilal\u021bi colegi mergeau cu taxiurile, Monica Macovei, dou\u0103 s\u0103pt\u0103m\u00e2ni, <strong>cu acelea\u0219i haine,<\/strong>\u00a0mergea cu metroul, cu autobuzul \u0219i discuta foarte conving\u0103tor (&#8230;).<\/strong> Gre\u0219eala a fost a celorla\u021bi din delega\u021bia Rom\u00e2niei, care spuneau c\u0103 nu pot s\u0103 cread\u0103 prostiile astea \u0219i n-au f\u0103cut nimic. Rezultatul este acum c\u0103 nu putem s\u0103 facem Schengen, de exemplu, nu po\u021bi convinge autorit\u0103\u021bile c\u0103 situa\u021bia e mai bun\u0103 \u00een Rom\u00e2nia\u201d, a subliniat Gyorgy Frunda. <\/span><\/p>\n<p data-index=\"7\">Acesta a mai spus c\u0103 ANI nu poate desfiin\u021bat\u0103, c\u0103 trebuie men\u021binut\u0103, dar \u201epentru c\u0103 avem patru sau cinci legi care reglementeaz\u0103 segmen\u021bial atribu\u021biile Agen\u021biei ar trebui s\u0103 adopt\u0103m un cod de conduit\u0103 moral\u0103\u201d.<\/p>\n<p data-index=\"8\">Consilierul premierului a ad\u0103ugat c\u0103 <strong>Robert Cazanciuc, ministrul Justi\u021biei, are obliga\u021bia politic\u0103 de modificare a legii ANI.<\/strong><\/p>\n<p data-index=\"9\">Aceste declara\u021bii au venit \u00een contextul presiunilor f\u0103cute de unii primari, consilieri locali \u0219i jude\u021beni pentru eliminarea unui articol din Legea 161\/2003 care prevede c\u0103 func\u021bia de primar sau pre\u0219edinte al Consiliului Jude\u021bean este incompatibil\u0103 cu cea de membru al Consiliului de Administra\u021bie sau orice func\u021bie de conducere la regiile autonome de interes local sau na\u021bional, la companiile \u0219i societ\u0103\u021bile na\u021bionale.<\/p>\n<p data-index=\"10\">Ministerul Justi\u0163iei a avizat negativ schimbarea legii incompatibilit\u0103\u0163ii. Modific\u0103rile le-ar fi permis ale\u015filor locali s\u0103 de\u0163in\u0103 \u00een continuare func\u0163ii \u015fi \u00een adun\u0103rile generale ale ac\u0163ionarilor din societ\u0103\u0163ile subordonate. Ministrul Justi\u021biei, Robert Cazanciuc, \u0219i-a atras din aceast\u0103 cauz\u0103 o serie de <a href=\"https:\/\/www.digi24.ro\/Stiri\/Digi24\/Actualitate\/Politica\/R+Cazanciuc+criticat+in+PSD+pentru+piedica+pusa+schimbarii+legii\" target=\"_blank\" data-skip-linkfix=\"1\" rel=\"noopener\">critici din partea USL<\/a>.<\/p>\n<p class=\"articleLead mceAutoSelect\" data-index=\"11\">\u0218i pre\u015fedintele PNL, <strong>Crin Antonescu<\/strong>, a declarat, mar\u0163i, c\u0103 <a href=\"https:\/\/www.digi24.ro\/Stiri\/Digi24\/Actualitate\/Politica\/C+Antonescu+sustine+clarificarea+legii+ANI\" target=\"_blank\" data-skip-linkfix=\"1\" rel=\"noopener\">sus\u0163ine ini\u0163iativa primarilor<\/a> pentru clarificarea Legii ANI \u00een ceea ce prive\u015fte incompatibilit\u0103\u0163ile, apreciind c\u0103 este vorba de o interpretare a legisla\u0163iei \u00een domeniu \u015fi \u201eo v\u00e2n\u0103toare de forme\u201d care a dus la \u201eo problem\u0103 de sistem\u201d.<\/p>\n<p data-index=\"12\">Luni<a href=\"https:\/\/www.digi24.ro\/Stiri\/Digi24\/Actualitate\/Justitie\/Horia+Georgescu+ANI+Alesii+locali+incompatibili+mai+putini\" data-skip-linkfix=\"1\">, \u00een emisiunea Impar\u021bial, Horia Georgescu, pre\u0219edintele Agen\u021biei Na\u021bionale de Integritate<\/a><span>, a declarat c\u0103 ale\u0219ii locali vor s\u0103 genereze o schimbare legislativ\u0103 care nu este fezabil\u0103.<\/span><\/p>\n<\/div>\n<p> Source URL: https:\/\/www.digi24.ro\/stiri\/actualitate\/politica\/gyorgy-frunda-la-digi24-robert-cazanciuc-are-obligatia-politica-sa-modifice-legea-ani-105412<\/p>\n","protected":false},"excerpt":{"rendered":"<p>Consilierul premierului, Gyorgy Frunda, a afirmat \u00eens\u0103 c\u0103 \u0219i-ar fi dorit o agen\u021bie de integritate \u201ecare s\u0103 nu fi cules armele cele mai agresive\u201d \u0219i a dat ca exemplu pe cele din Germania sau Italia. \u201eN-am fost \u0219i nu sunt de acord cu aceast\u0103 agen\u021bie de integritate rom\u00e2neasc\u0103, care a cules din co\u0219ul fiec\u0103rei \u021b\u0103ri [&hellip;]<\/p>\n","protected":false},"author":1,"featured_media":223275,"comment_status":"open","ping_status":"","sticky":false,"template":"","format":"standard","meta":{"footnotes":""},"categories":[2],"tags":[11],"class_list":["post-223274","post","type-post","status-publish","format-standard","has-post-thumbnail","hentry","category-politics","tag-digi24"],"_links":{"self":[{"href":"https:\/\/analyse.optim.biz\/index.php?rest_route=\/wp\/v2\/posts\/223274","targetHints":{"allow":["GET"]}}],"collection":[{"href":"https:\/\/analyse.optim.biz\/index.php?rest_route=\/wp\/v2\/posts"}],"about":[{"href":"https:\/\/analyse.optim.biz\/index.php?rest_route=\/wp\/v2\/types\/post"}],"author":[{"embeddable":true,"href":"https:\/\/analyse.optim.biz\/index.php?rest_route=\/wp\/v2\/users\/1"}],"replies":[{"embeddable":true,"href":"https:\/\/analyse.optim.biz\/index.php?rest_route=%2Fwp%2Fv2%2Fcomments&post=223274"}],"version-history":[{"count":0,"href":"https:\/\/analyse.optim.biz\/index.php?rest_route=\/wp\/v2\/posts\/223274\/revisions"}],"wp:featuredmedia":[{"embeddable":true,"href":"https:\/\/analyse.optim.biz\/index.php?rest_route=\/wp\/v2\/media\/223275"}],"wp:attachment":[{"href":"https:\/\/analyse.optim.biz\/index.php?rest_route=%2Fwp%2Fv2%2Fmedia&parent=223274"}],"wp:term":[{"taxonomy":"category","embeddable":true,"href":"https:\/\/analyse.optim.biz\/index.php?rest_route=%2Fwp%2Fv2%2Fcategories&post=223274"},{"taxonomy":"post_tag","embeddable":true,"href":"https:\/\/analyse.optim.biz\/index.php?rest_route=%2Fwp%2Fv2%2Ftags&post=223274"}],"curies":[{"name":"wp","href":"https:\/\/api.w.org\/{rel}","templated":true}]}}