{"id":223240,"date":"2013-08-14T15:45:33","date_gmt":"2013-08-14T12:45:33","guid":{"rendered":"https:\/\/analyse.optim.biz\/?p=223240"},"modified":"2013-08-14T15:45:33","modified_gmt":"2013-08-14T12:45:33","slug":"radu-mazare-va-propune-psd-amnistierea-alesilor-incompatibili","status":"publish","type":"post","link":"https:\/\/analyse.optim.biz\/?p=223240","title":{"rendered":"Radu Maz\u0103re va propune PSD \u201eamnistierea\u201d ale\u015filor incompatibili"},"content":{"rendered":"<div class=\"entry data-app-meta data-app-meta-article\" data-embed-base-url-canonical=\"https:\/\/www.digi24.ro\/embed\/stiri\/actualitate\/politica\/radu-mazare-va-propune-psd-amnistierea-alesilor-incompatibili-105814\">\n<p data-index=\"1\"><img decoding=\"async\" src=\"https:\/\/analyse.optim.biz\/wp-content\/uploads\/2024\/09\/jnc9odawjmhhc2g9ywu3njm3odliytvmyjk1ywe3nzkwyzfmnwqxowzlzwu-thumb_.jpg\" data-skip-htmlfix=\"1\" title=\"jnc9odawjmhhc2g9ywu3njm3odliytvmyjk1ywe3nzkwyzfmnwqxowzlzwu-thumb_\"><\/p>\n<p data-index=\"2\">Liderul PSD Constan\u0163ei a dezv\u0103luit c\u0103 ideea i-a venit dup\u0103 discu\u0163ia avut\u0103 cu premierul Victor Ponta, \u00een care prim-ministrul i-a explicat de ce Ministerul Justi\u0163iei a dat aviz negativ modific\u0103rii Legii 161\/2003.<\/p>\n<p data-index=\"3\">Radu Maz\u0103re sus\u0163ine c\u0103 a fost \u201el\u0103murit de premier\u201d, \u00een\u0163eleg\u00e2nd c\u0103 modificarea propus\u0103 de Ministerul Dezvolt\u0103rii nu se putea aplica \u015fi retroactiv.<\/p>\n<p data-index=\"4\">\u201eM-a l\u0103murit. <strong>M-am g\u00e2ndit dup\u0103 ce mi-a spus el care e motivul, o s\u0103 le-o propun: da\u0163i o amnistie pentru ce a fost p\u00e2n\u0103 acum. Ca urmare, c\u00e2nd o s\u0103 avem \u00eent\u00e2lnirea PSD, peste dou\u0103 s\u0103pt\u0103m\u00e2ni, am s\u0103 le propun s\u0103 fac\u0103 o lege care s\u0103 anuleze acest punct al incompatibilit\u0103\u0163ilor unde sunt primarii, pre\u015fedin\u0163i ai Consiliilor Jude\u0163ene, reprezentan\u0163ii \u00een Asocia\u0163iile de Dezvoltare Intercomunitar\u0103 \u015fi s\u0103 amnistieze ce s-a \u00eent\u00e2mplat p\u00e2n\u0103 acum<\/strong>\u201d, a spus Radu Maz\u0103re, citat de Mediafax.<\/p>\n<p data-index=\"5\">Social-democratul spune c\u0103 a v\u0103zut c\u0103 \u00een Turcia, Italia, \u015fi Israel s-a putut da amnistie fiscal\u0103.<\/p>\n<p data-index=\"6\">\u201ePe cale de logic\u0103, m\u0103 g\u00e2ndesc c\u0103 nu conteaz\u0103 cum ai f\u0103cut banii &#8211; prin evaziune, prin nu \u015ftiu ce -, din momentul \u00een care i-ai adus \u00een \u0163ar\u0103 e\u015fti iertat, se poate face \u015fi asta \u015fi rezolv\u0103m o problem\u0103. <strong>Urmeaz\u0103 s\u0103 fie asumat\u0103 politic, e o chestiune care \u0163ine de buna func\u0163ionare a autorit\u0103\u0163ii locale, nu este o chestiune de avere sau de conflict de interese, nu v\u0103d de ce nu se poate asuma politic<\/strong>\u201d, a precizat Radu Maz\u0103re.<\/p>\n<p data-index=\"7\">Primarul d\u0103 \u015fanse de reu\u015fit\u0103 propunerii sale \u00een interiorul PSD, deoarece nu poate \u201er\u0103scoli ANI\u201d to\u0163i primarii \u015fi \u015fefii de CJ.<\/p>\n<p data-index=\"8\">\u201eS\u0103 p\u0103str\u0103m totu\u015fi ni\u015fte propor\u0163ii, nu poate s\u0103 r\u0103scoleasc\u0103 o \u0163ar\u0103 \u00eentreag\u0103 Georgescu \u0103la, care stricto-senso, pe litera legii, interpreteaz\u0103 a\u015fa. Va fi o propunere a mea \u00een Comitetul Executiv al PSD, \u00een calitate de pre\u015fedinte al organiza\u0163iei PSD Constan\u0163a. Repet, se anuleaz\u0103 de acum \u00eencolo cei afecta\u0163i, se amnistiaz\u0103 pe punctul \u0103sta\u201d, a afirmat Maz\u0103re.<\/p>\n<p data-index=\"9\">\u00centrebat dac\u0103 nu va exista o reac\u0163ie din partea Comisiei Europene, av\u00e2nd \u00een vedere c\u0103 \u0219i europarlamentarul PDL Monica Macovei a ridicat aceast\u0103 problem\u0103, pre\u015fedintele PSD Constan\u0163a a r\u0103spuns c\u0103 <strong>\u201eRom\u00e2nia nu trebuie s\u0103 \u00eentrebe pentru orice lege Comisia European\u0103\u201d<\/strong>.<\/p>\n<p data-index=\"10\"><strong>\u201eAtunci nu ne mai punem Guvern \u015fi s\u0103 ne conduc\u0103 Uniunea European\u0103. Pe o chestiune logic\u0103, care nu are leg\u0103tur\u0103 cu corup\u0163ia, nu v\u0103d ce problem\u0103 ar avea Comisia European\u0103. Dac\u0103 le explici cu argumente logice \u00een\u0163eleg, las\u0103 c\u0103 le-am mai explicat eu ambasadorilor ce \u015fi cum e cu corup\u0163ia. Le-am spus-o clar \u015fi explicit, bazat pe argumente. Las\u0103 c\u0103 nu murim cu raportul MCV, nu putem tr\u0103i cu sabia lui Damocles deasupra capului c\u0103 dac\u0103. Este justificat, este normal, este pentru buna func\u0163ionare. \u00cens\u0103\u015fi directiva CE spune c\u0103 primarii trebuie s\u0103 reprezinte comunit\u0103\u0163ile acolo unde sunt ac\u0163ionare\u201d<\/strong>, \u015fi-a prezentat Radu Maz\u0103re punctul de vedere \u00een rela\u0163ia cu Bruxelles-ul.<\/p>\n<p data-index=\"11\">Primarul a declarat c\u0103 \u201epropunerea este una curajoas\u0103\u201d, dar este logic\u0103 \u015fi corect\u0103.<\/p>\n<p data-index=\"12\">\u201eCrede\u0163i c\u0103 le trebuie o facultate s\u0103 \u00een\u0163eleag\u0103 ce le spun eu?\u201d, a spus Maz\u0103re, \u00eentrebat dac\u0103 le va explica colegilor din PSD ini\u0163iativa \u00eenainte de a o propune \u00een Comitetul Executiv.<\/p>\n<p data-index=\"13\">\u00cen replic\u0103, Eugen Tomac, pre\u0219edintele Partidului Mi\u0219carea Popular\u0103, face \u201eun apel la prim-ministrul Victor Ponta \u015fi la pre\u015fedintele Senatului, Crin Antonescu, aflat \u00een vacan\u0163\u0103, <a href=\"http:\/\/www.miscareapopulara.eu\/2013\/08\/14\/comunicat-de-presa-46\/\" target=\"_blank\" data-skip-linkfix=\"1\" rel=\"noopener\">s\u0103 nu violeze legile \u0163\u0103rii doar pentru a-i satisface pe baronii locali \u00eensp\u0103im\u00e2nta\u0163i de consecin\u0163ele faptelor lor<\/a>\u201d.<\/p>\n<h5>M. Macovei: \u201eO eventual\u0103 modificare a Legii ANI s-ar reflecta \u201efoarte prost\u201d \u00een raportul CE privind MCV\u201d<\/h5>\n<p data-index=\"14\">Europarlamentarul PDL Monica Macovei sus\u0163ine c\u0103 <a href=\"https:\/\/www.digi24.ro\/Stiri\/Digi24\/Actualitate\/Politica\/M+Macovei+Modificarea+Legii+ANI+se+va+reflecta+foarte+prost+in+r\" target=\"_blank\" data-skip-linkfix=\"1\" rel=\"noopener\">o eventual\u0103 modificare a Legii ANI s-ar reflecta \u201efoarte prost\u201d \u00een raportul CE privind MCV<\/a> \u015fi ar avea efecte asupra ader\u0103rii Rom\u00e2niei la spa\u0163iul Schengen. \u00a0<\/p>\n<p data-index=\"15\">Fostul ministru al Justi\u021biei, Monica Macovei, consider\u0103 c\u0103 nu Legea ANI trebuie modificat\u0103, ci ale\u015fii locali trebuie s\u0103 se adapteze legisla\u0163iei: \u201eDac\u0103 sunt at\u00e2t de mul\u0163i primari, \u00een\u0163eleg peste o sut\u0103, \u00een aceast\u0103 situa\u0163ie, solu\u0163ia \u00eentr-un stat de drept, adic\u0103 unde se respect\u0103 legea, este ca to\u0163i primarii \u015fi premierul s\u0103-\u015fi adapteze comportamentul la lege, nu s\u0103 modifice legea, ca s\u0103 continue ei un comportament absolut p\u0103gubos pentru oameni. Asta este ideea, nu s\u0103 g\u0103sim solu\u0163ii s\u0103 salv\u0103m primarii, ci s\u0103 g\u0103sim solu\u0163ii ca ace\u015fti primari s\u0103 nu mai fie incompatibili, adic\u0103 s\u0103 le spunem clar: pleca\u0163i din Consiliile de Administra\u0163ie ale acestor companii. Deci, nu trebuie modificat\u0103 aceast\u0103 lege\u201d.<\/p>\n<p data-index=\"16\">Aceste declara\u021bii au venit \u00een contextul presiunilor f\u0103cute de unii primari, consilieri locali \u0219i jude\u021beni pentru eliminarea unui articol din Legea 161\/2003 care prevede c\u0103 func\u021bia de primar sau pre\u0219edinte al Consiliului Jude\u021bean este incompatibil\u0103 cu cea de membru al Consiliului de Administra\u021bie sau orice func\u021bie de conducere la regiile autonome de interes local sau na\u021bional, la companiile \u0219i societ\u0103\u021bile na\u021bionale.<\/p>\n<p data-index=\"17\">\u00centrebat\u0103 cum s-ar reflecta o eventual\u0103 modificare a Legii ANI \u00een acest sens \u00een raportul MCV, Monica Macovei a r\u0103spuns: \u201eFoarte prost, pentru c\u0103 o mare problem\u0103 a CE cu Rom\u00e2nia \u00een rela\u0163ia cu MCV este lipsa voin\u0163ei politice pentru m\u0103surile anticorup\u0163ie. Aici intr\u0103 \u015fi aceste incompatibilit\u0103\u0163i (&#8230;). Se va reflecta prost \u015fi, evident, va avea efecte asupra intr\u0103rii \u00een Schengen \u015fi \u00een general a pozi\u0163iei Rom\u00e2niei, care e privit\u0103 tot mai prost \u015fi cu tot mai mare ne\u00eencredere\u201d, a declarat Monica Macovei, la\u00a0<a href=\"http:\/\/www.rfi.ro\/articol-stiri-politica-43436-macovei-rfi-modificarea-legii-ani-s-ar-reflecta-foarte-prost-raportul\" target=\"_blank\" data-skip-linkfix=\"1\" rel=\"noopener\">RFI<\/a>.<\/p>\n<p data-index=\"18\"><span>Monica Macovei declar\u0103 c\u0103 \u201epremierul iar\u0103\u015fi se bag\u0103 unde nu e treaba lui \u015fi intervine iar\u0103\u015fi \u00een justi\u0163ie\u201d, \u00een contextul Legii ANI.<\/span><\/p>\n<p data-index=\"19\">\u201eEu re\u0163in c\u0103 a afirmat ceva de genul &#8220;Nu putem declara incompatibili at\u00e2\u0163ia primari, trebuie s\u0103 g\u0103sim o solu\u0163ie&#8221;. \u00cen opinia mea, asta este o interven\u0163ie, pentru c\u0103 nu e rolul lui s\u0103 declare incompatibil pe nimeni, el nu se ocup\u0103 de incompatibilit\u0103\u0163i, se ocup\u0103 ANI \u015fi instan\u0163ele de judecat\u0103, acolo unde oamenii au contestat \u015fi exist\u0103 procese pe rol\u201d, spune europarlamentarul PDL.<\/p>\n<p data-index=\"20\">Premierul Victor Ponta a declarat c\u0103 a\u015fteapt\u0103 deciziile instan\u0163elor privind incompatibilitatea reclamat\u0103 de ANI \u00een privin\u0163a mai multor primari \u015fi consilieri locali, pentru ca apoi Guvernul s\u0103 se consulte cu ANI \u015fi cu Parlamentul pentru a g\u0103si o solu\u0163ie la aceast\u0103 situa\u0163ie.<\/p>\n<p data-index=\"21\">Victor Ponta a afirmat mar\u0163i sear\u0103, \u00eentr-o emisiune televizat\u0103, c\u0103 Ministerul Justi\u0163iei a dat aviz negativ la un proiect de lege care scotea din regimul incompatiblit\u0103\u0163ii calitatea primarilor de membri \u00een consiliile de administra\u0163ie ale unor regii \u015fi servicii deconcentrate, pentru c\u0103 nu ar fi rezolvat situa\u0163ia actual\u0103.<\/p>\n<p data-index=\"22\">\u0218i pre\u015fedintele PNL,\u00a0<a href=\"https:\/\/www.digi24.ro\/Stiri\/Digi24\/Actualitate\/Politica\/C+Antonescu+sustine+clarificarea+legii+ANI\" target=\"_blank\" data-skip-linkfix=\"1\" rel=\"noopener\">Crin Antonescu, a declarat, mar\u0163i, c\u0103 sus\u0163ine ini\u0163iativa primarilor pentru clarificarea Legii ANI<\/a>\u00a0\u00een ceea ce prive\u015fte incompatibilit\u0103\u0163ile, apreciind c\u0103 este vorba de o interpretare a legisla\u0163iei \u00een domeniu \u015fi \u201eo v\u00e2n\u0103toare de forme\u201d care a dus la \u201eo problem\u0103 de sistem\u201d.<\/p>\n<p data-index=\"23\">Consilierul premierului a ad\u0103ugat c\u0103\u00a0<a href=\"https:\/\/www.digi24.ro\/Stiri\/Digi24\/Actualitate\/Politica\/Frunda+Cazanciuc+are+obligatia+politica+sa+modifice+legea+ANI\" target=\"_blank\" data-skip-linkfix=\"1\" rel=\"noopener\">Robert Cazanciuc, ministrul Justi\u021biei, are obliga\u021bia politic\u0103 de modificare a legii ANI<\/a>.<\/p>\n<p data-index=\"24\">Ministerul Justi\u0163iei a avizat negativ schimbarea legii incompatibilit\u0103\u0163ii. Modific\u0103rile le-ar fi permis ale\u015filor locali s\u0103 de\u0163in\u0103 \u00een continuare func\u0163ii \u015fi \u00een adun\u0103rile generale ale ac\u0163ionarilor din societ\u0103\u0163ile subordonate.\u00a0<a href=\"https:\/\/www.digi24.ro\/Stiri\/Digi24\/Actualitate\/Politica\/R+Cazanciuc+criticat+in+PSD+pentru+piedica+pusa+schimbarii+legii\" target=\"_blank\" data-skip-linkfix=\"1\" rel=\"noopener\">Ministrul Justi\u021biei, Robert Cazanciuc, \u0219i-a atras din aceast\u0103 cauz\u0103 o serie de critici din partea USL<\/a>.<\/p>\n<h5>Traseul declara\u021biilor\u00a0<\/h5>\n<p data-index=\"25\">Afirma\u021biile lui Crin Antonescu vin dup\u0103 ce pre\u0219edintele Agen\u021biei Na\u021bionale de Integritate, Horia Georgescu, a declarat ieri, la Digi24, c\u0103\u00a0<a href=\"https:\/\/www.digi24.ro\/Stiri\/Digi24\/Actualitate\/Justitie\/Horia+Georgescu+ANI+Alesii+locali+incompatibili+mai+putini\" target=\"_blank\" data-skip-linkfix=\"1\" rel=\"noopener\">num\u0103rul primarilor care se afl\u0103 \u00een stare de incompatibilitate sau conflict de interese este mult mai mic \u0219i c\u0103 cifra este exagerat\u0103<\/a>, printre motive fiind \u0219i acela al schimb\u0103rii legisla\u021biei. \u00cens\u0103, acest lucru nu i-ar ajuta deoarece legea nu se aplic\u0103 retroactiv. \u00cen plus, pre\u0219edintele ANI a ad\u0103ugat c\u0103 unul din punctele de plecare pentru aceste situa\u021bii de incompatibilitate este chiar sesizarea pre\u0219edintelui CJ Constan\u021ba, Nicu\u0219or Constatinescu.<\/p>\n<p data-index=\"26\">At\u00e2t puterea, c\u00e2t \u0219i opozi\u0163ia bat recordul negativ la num\u0103rul de ale\u015fi locali care au probleme serioase de integritate. Peste 100 de primari, consilieri \u015fi \u015fefi de consilii jude\u0163ene risc\u0103 s\u0103-\u015fi piard\u0103 func\u0163iile, iar consecin\u0163a va fi organizarea alegerilor anticipate.\u00a0<a href=\"https:\/\/www.digi24.ro\/Stiri\/Digi24\/Actualitate\/Politica\/PSD+campion+la+alesi+incompatibili\" target=\"_blank\" data-skip-linkfix=\"1\" rel=\"noopener\">Executivul a sesizat pericolul \u015fi \u00eencearc\u0103 s\u0103-i salveze prin modificarea Legii ANI<\/a>.<\/p>\n<p data-index=\"27\">La \u00eenceputul verii, ale\u015fii locali \u015fi-au pus speran\u0163ele \u00een ministrul Administra\u0163iei, Liviu Dragnea. El le-a promis c\u0103 va ini\u0163ia o hot\u0103r\u00e2re de guvern care s\u0103-i scape de bra\u0163ul lung al Agen\u0163iei Na\u0163ionale de Integritate.<\/p>\n<p data-index=\"28\">Toate speran\u0163ele ale\u015filor locali s-au n\u0103ruit \u00eens\u0103, pentru c\u0103 proiectul de ordonan\u0163\u0103 nu a fost avizat de Ministerul Justi\u0163iei.<\/p>\n<p data-index=\"29\">Astfel,\u00a0<a href=\"https:\/\/www.digi24.ro\/Stiri\/Digi24\/Actualitate\/Politica\/R+Cazanciuc+criticat+in+PSD+pentru+piedica+pusa+schimbarii+legii\" target=\"_blank\" data-skip-linkfix=\"1\" rel=\"noopener\">Ministrul Justi\u0163iei, Robert Cazanciuc, este acuzat de primarii \u015fi parlamentarii PSD c\u0103 pune be\u0163e-n roate<\/a>\u00a0primarilor \u015fi pre\u015fedin\u0163ilor de consilii jude\u0163ene. \u0218i asta pentru c\u0103 Ministerul Justi\u0163iei a avizat negativ schimbarea legii incompatibilit\u0103\u0163ii. Modific\u0103rile le-ar fi permis ale\u015filor locali s\u0103 de\u0163in\u0103 \u00een continuare func\u0163ii \u015fi \u00een adun\u0103rile generale ale ac\u0163ionarilor din societ\u0103\u0163ile subordonate.<\/p>\n<\/div>\n<p> Source URL: https:\/\/www.digi24.ro\/stiri\/actualitate\/politica\/radu-mazare-va-propune-psd-amnistierea-alesilor-incompatibili-105814<\/p>\n","protected":false},"excerpt":{"rendered":"<p>Liderul PSD Constan\u0163ei a dezv\u0103luit c\u0103 ideea i-a venit dup\u0103 discu\u0163ia avut\u0103 cu premierul Victor Ponta, \u00een care prim-ministrul i-a explicat de ce Ministerul Justi\u0163iei a dat aviz negativ modific\u0103rii Legii 161\/2003. Radu Maz\u0103re sus\u0163ine c\u0103 a fost \u201el\u0103murit de premier\u201d, \u00een\u0163eleg\u00e2nd c\u0103 modificarea propus\u0103 de Ministerul Dezvolt\u0103rii nu se putea aplica \u015fi retroactiv. \u201eM-a [&hellip;]<\/p>\n","protected":false},"author":1,"featured_media":223241,"comment_status":"open","ping_status":"","sticky":false,"template":"","format":"standard","meta":{"footnotes":""},"categories":[2],"tags":[11],"class_list":["post-223240","post","type-post","status-publish","format-standard","has-post-thumbnail","hentry","category-politics","tag-digi24"],"_links":{"self":[{"href":"https:\/\/analyse.optim.biz\/index.php?rest_route=\/wp\/v2\/posts\/223240","targetHints":{"allow":["GET"]}}],"collection":[{"href":"https:\/\/analyse.optim.biz\/index.php?rest_route=\/wp\/v2\/posts"}],"about":[{"href":"https:\/\/analyse.optim.biz\/index.php?rest_route=\/wp\/v2\/types\/post"}],"author":[{"embeddable":true,"href":"https:\/\/analyse.optim.biz\/index.php?rest_route=\/wp\/v2\/users\/1"}],"replies":[{"embeddable":true,"href":"https:\/\/analyse.optim.biz\/index.php?rest_route=%2Fwp%2Fv2%2Fcomments&post=223240"}],"version-history":[{"count":0,"href":"https:\/\/analyse.optim.biz\/index.php?rest_route=\/wp\/v2\/posts\/223240\/revisions"}],"wp:featuredmedia":[{"embeddable":true,"href":"https:\/\/analyse.optim.biz\/index.php?rest_route=\/wp\/v2\/media\/223241"}],"wp:attachment":[{"href":"https:\/\/analyse.optim.biz\/index.php?rest_route=%2Fwp%2Fv2%2Fmedia&parent=223240"}],"wp:term":[{"taxonomy":"category","embeddable":true,"href":"https:\/\/analyse.optim.biz\/index.php?rest_route=%2Fwp%2Fv2%2Fcategories&post=223240"},{"taxonomy":"post_tag","embeddable":true,"href":"https:\/\/analyse.optim.biz\/index.php?rest_route=%2Fwp%2Fv2%2Ftags&post=223240"}],"curies":[{"name":"wp","href":"https:\/\/api.w.org\/{rel}","templated":true}]}}