{"id":223212,"date":"2013-08-07T23:10:48","date_gmt":"2013-08-07T20:10:48","guid":{"rendered":"https:\/\/analyse.optim.biz\/?p=223212"},"modified":"2013-08-07T23:10:48","modified_gmt":"2013-08-07T20:10:48","slug":"vasile-blaga-este-inadmisibil-ca-un-partid-de-dreapta-cum-se-declara-pnl-sa-dea-lovitura-dupa-lovitura-clasei-de-mijloc","status":"publish","type":"post","link":"https:\/\/analyse.optim.biz\/?p=223212","title":{"rendered":"Vasile Blaga: Este inadmisibil ca un partid de dreapta, cum se declar\u0103 PNL, s\u0103 dea lovitur\u0103 dup\u0103 lovitur\u0103 clasei de mijloc"},"content":{"rendered":"<div class=\"entry data-app-meta data-app-meta-article\" data-embed-base-url-canonical=\"https:\/\/www.digi24.ro\/embed\/stiri\/actualitate\/politica\/vasile-blaga-este-inadmisibil-ca-un-partid-de-dreapta-cum-se-declara-pnl-sa-dea-lovitura-dupa-lovitura-clasei-de-mijloc-102879\">\n<p data-index=\"1\">\u00centrebat dac\u0103 liderul liberal Crin Antonescu va fi candidatul USL pentru alegerile preziden\u021biale, Vasile Blaga a spus z\u00e2mbind: \u201e<strong>Cel <span lang=\"en-US\">pu<\/span><span>\u021bin a\u0219a se vede ast\u0103zi. Este \u021belul suprem al domnului Antonescu \u0219i al unora din PNL, motiv pentru care \u00eenghit at\u00e2tea<\/span>\u201d.<\/strong> \u0218eful democrat-liberalilor a precizat c\u0103 nu \u00eel vede pe Crin Antonescu la Cotroceni.<\/p>\n<p data-index=\"2\">\u201eEste inadmisibil ca un partid care se declar\u0103 de dreapta s\u0103 dea lovitur\u0103 dup\u0103 lovitur\u0103 clasei de mijloc. Ei spun, pe de-o parte, c\u0103 reduc TVA-ul la p\u00e2ine. Partidul Democrat-Liberal este absolut de acord cu reducerea fiscalit\u0103\u021bii, dar pe de alt\u0103 parte,<strong> nu compenseaz\u0103 aceast\u0103 chestie printr-o cre\u0219tere economic\u0103 normal\u0103, nu prin cre\u0219terea gradului de \u00eencasare la buget, nu prin crearea de locuri de munc\u0103. Nu, invent\u0103m 21 de taxe care se adaug\u0103 celor introduse \u00een Codul Fiscal la \u00eenceputul anului. \u021a\u0103ranul rom\u00e2n este deja speriat.<\/strong> Dac\u0103 ai dou\u0103 hectare de p\u0103m\u00e2nt \u00een plus, e\u0219ti chiabur , \u00een concep\u021bia PSD-ului, iar PNL-ul a fost de acord cu asta\u201d, a continuat pre\u0219edintele PDL.<\/p>\n<\/div>\n<p> Source URL: https:\/\/www.digi24.ro\/stiri\/actualitate\/politica\/vasile-blaga-este-inadmisibil-ca-un-partid-de-dreapta-cum-se-declara-pnl-sa-dea-lovitura-dupa-lovitura-clasei-de-mijloc-102879<\/p>\n","protected":false},"excerpt":{"rendered":"<p>\u00centrebat dac\u0103 liderul liberal Crin Antonescu va fi candidatul USL pentru alegerile preziden\u021biale, Vasile Blaga a spus z\u00e2mbind: \u201eCel pu\u021bin a\u0219a se vede ast\u0103zi. Este \u021belul suprem al domnului Antonescu \u0219i al unora din PNL, motiv pentru care \u00eenghit at\u00e2tea\u201d. \u0218eful democrat-liberalilor a precizat c\u0103 nu \u00eel vede pe Crin Antonescu la Cotroceni. \u201eEste inadmisibil [&hellip;]<\/p>\n","protected":false},"author":1,"featured_media":223213,"comment_status":"open","ping_status":"","sticky":false,"template":"","format":"standard","meta":{"footnotes":""},"categories":[2],"tags":[11],"class_list":["post-223212","post","type-post","status-publish","format-standard","has-post-thumbnail","hentry","category-politics","tag-digi24"],"_links":{"self":[{"href":"https:\/\/analyse.optim.biz\/index.php?rest_route=\/wp\/v2\/posts\/223212","targetHints":{"allow":["GET"]}}],"collection":[{"href":"https:\/\/analyse.optim.biz\/index.php?rest_route=\/wp\/v2\/posts"}],"about":[{"href":"https:\/\/analyse.optim.biz\/index.php?rest_route=\/wp\/v2\/types\/post"}],"author":[{"embeddable":true,"href":"https:\/\/analyse.optim.biz\/index.php?rest_route=\/wp\/v2\/users\/1"}],"replies":[{"embeddable":true,"href":"https:\/\/analyse.optim.biz\/index.php?rest_route=%2Fwp%2Fv2%2Fcomments&post=223212"}],"version-history":[{"count":0,"href":"https:\/\/analyse.optim.biz\/index.php?rest_route=\/wp\/v2\/posts\/223212\/revisions"}],"wp:featuredmedia":[{"embeddable":true,"href":"https:\/\/analyse.optim.biz\/index.php?rest_route=\/wp\/v2\/media\/223213"}],"wp:attachment":[{"href":"https:\/\/analyse.optim.biz\/index.php?rest_route=%2Fwp%2Fv2%2Fmedia&parent=223212"}],"wp:term":[{"taxonomy":"category","embeddable":true,"href":"https:\/\/analyse.optim.biz\/index.php?rest_route=%2Fwp%2Fv2%2Fcategories&post=223212"},{"taxonomy":"post_tag","embeddable":true,"href":"https:\/\/analyse.optim.biz\/index.php?rest_route=%2Fwp%2Fv2%2Ftags&post=223212"}],"curies":[{"name":"wp","href":"https:\/\/api.w.org\/{rel}","templated":true}]}}