{"id":223067,"date":"2013-08-18T23:56:17","date_gmt":"2013-08-18T20:56:17","guid":{"rendered":"https:\/\/analyse.optim.biz\/?p=223067"},"modified":"2013-08-18T23:56:17","modified_gmt":"2013-08-18T20:56:17","slug":"victor-ponta-contrasemnez-un-eventual-decret-de-retragere-a-decoratiei-acordate-lui-tokes","status":"publish","type":"post","link":"https:\/\/analyse.optim.biz\/?p=223067","title":{"rendered":"Victor Ponta: Contrasemnez un eventual decret de retragere a decora\u0163iei acordate lui Tokes"},"content":{"rendered":"<div class=\"entry data-app-meta data-app-meta-article\" data-embed-base-url-canonical=\"https:\/\/www.digi24.ro\/embed\/stiri\/actualitate\/politica\/victor-ponta-contrasemnez-un-eventual-decret-de-retragere-a-decoratiei-acordate-lui-tokes-107366\">\n<p data-index=\"1\">Primul ministru a spus, \u00eentr-o emisiune televizat\u0103, c\u0103 luni \u00eel va informa \u00een scris pe pre\u015fedintele Traian B\u0103sescu despre aceast\u0103 ini\u0163iativ\u0103.<\/p>\n<p data-index=\"2\">&#8220;M\u00e2ine o s\u0103-i trimit o scrisoare pre\u015fedintelui, prin care \u00eel anun\u0163 c\u0103 o s\u0103 contrasemneze decretul de retragere a decora\u0163iei domnului Tokes (&#8230;) Am mai contrasemnat retragerea unor decora\u0163ii \u015fi vreau s\u0103 \u00eel asigur c\u0103 o voi contrasemna \u015fi pe cea a domnului Tokes\u201d, a spus Victor Ponta.<\/p>\n<p data-index=\"3\"><a href=\"https:\/\/www.digi24.ro\/Stiri\/Digi24\/Actualitate\/Politica\/Tokes+Romania+prezinta+unele+semne+ale+unui+regim+dictatorial\" data-skip-linkfix=\"1\">Participan\u0163ii la seminariile Universit\u0103\u0163ii de Var\u0103<\/a> de la Izvoru Mure\u015fului au cerut, vineri, retragerea distinc\u0163iilor acordate de statul rom\u00e2n &#8220;extremi\u015ftilor maghiari&#8221; din Rom\u00e2nia, f\u0103c\u00e2nd referire la europarlamentarul Tokes Laszlo.<\/p>\n<p data-index=\"4\">Acesta a fost decorat, \u00een decembrie 2009, de c\u0103tre pre\u015fedintele Traian B\u0103sescu, cu Ordinul Na\u0163ional &#8220;Steaua Rom\u00e2niei&#8221; \u00een grad de Cavaler, la 20 de ani de la Revolu\u0163ie.<\/p>\n<p data-index=\"5\">Pe 27 iulie, <a href=\"https:\/\/www.digi24.ro\/Stiri\/Digi24\/Actualitate\/Politica\/Ministerul+de+Externe+E+inacceptabil+ca+Scoala+de+la+Baile+Tusna\" data-skip-linkfix=\"1\">europarlamentarul Laszlo Tokes i-a cerut premierului Ungariei<\/a>, Viktor Orban, la lucr\u0103rile Universit\u0103\u0163ii de Var\u0103 &#8220;Balvanyos&#8221;, ca \u00eempreun\u0103 cu guvernul pe care \u00eel conduce s\u0103 construiasc\u0103 &#8220;un sistem de cooperare na\u0163ional\u0103&#8221;, astfel \u00eenc\u00e2t s\u0103 ofere &#8220;protectorat&#8221; Transilvaniei, &#8220;a\u015fa cum a f\u0103cut Austria cu Tirolul de Sud&#8221;.<\/p>\n<p data-index=\"6\">\u00cen replic\u0103, <a href=\"https:\/\/www.digi24.ro\/Stiri\/Digi24\/Actualitate\/Politica\/Traian+Basescu+Romania+isi+va+asuma+leadership-ul+punerii+la+pun\" data-skip-linkfix=\"1\">pre\u015fedintele Traian B\u0103sescu a declarat<\/a>, la Universitatea de Var\u0103 de la Izvoru Mure\u015fului (Harghita), c\u0103 Tokes &#8220;nu \u00ee\u015fi merit\u0103 calitatea de cet\u0103\u0163ean rom\u00e2n cel care cerea mai zilele trecute ca Transilvania s\u0103 fie trecut\u0103 sub protectorat&#8221;. \u00a0<\/p>\n<\/div>\n<p> Source URL: https:\/\/www.digi24.ro\/stiri\/actualitate\/politica\/victor-ponta-contrasemnez-un-eventual-decret-de-retragere-a-decoratiei-acordate-lui-tokes-107366<\/p>\n","protected":false},"excerpt":{"rendered":"<p>Primul ministru a spus, \u00eentr-o emisiune televizat\u0103, c\u0103 luni \u00eel va informa \u00een scris pe pre\u015fedintele Traian B\u0103sescu despre aceast\u0103 ini\u0163iativ\u0103. &#8220;M\u00e2ine o s\u0103-i trimit o scrisoare pre\u015fedintelui, prin care \u00eel anun\u0163 c\u0103 o s\u0103 contrasemneze decretul de retragere a decora\u0163iei domnului Tokes (&#8230;) Am mai contrasemnat retragerea unor decora\u0163ii \u015fi vreau s\u0103 \u00eel asigur [&hellip;]<\/p>\n","protected":false},"author":1,"featured_media":223068,"comment_status":"open","ping_status":"","sticky":false,"template":"","format":"standard","meta":{"footnotes":""},"categories":[2],"tags":[11],"class_list":["post-223067","post","type-post","status-publish","format-standard","has-post-thumbnail","hentry","category-politics","tag-digi24"],"_links":{"self":[{"href":"https:\/\/analyse.optim.biz\/index.php?rest_route=\/wp\/v2\/posts\/223067","targetHints":{"allow":["GET"]}}],"collection":[{"href":"https:\/\/analyse.optim.biz\/index.php?rest_route=\/wp\/v2\/posts"}],"about":[{"href":"https:\/\/analyse.optim.biz\/index.php?rest_route=\/wp\/v2\/types\/post"}],"author":[{"embeddable":true,"href":"https:\/\/analyse.optim.biz\/index.php?rest_route=\/wp\/v2\/users\/1"}],"replies":[{"embeddable":true,"href":"https:\/\/analyse.optim.biz\/index.php?rest_route=%2Fwp%2Fv2%2Fcomments&post=223067"}],"version-history":[{"count":0,"href":"https:\/\/analyse.optim.biz\/index.php?rest_route=\/wp\/v2\/posts\/223067\/revisions"}],"wp:featuredmedia":[{"embeddable":true,"href":"https:\/\/analyse.optim.biz\/index.php?rest_route=\/wp\/v2\/media\/223068"}],"wp:attachment":[{"href":"https:\/\/analyse.optim.biz\/index.php?rest_route=%2Fwp%2Fv2%2Fmedia&parent=223067"}],"wp:term":[{"taxonomy":"category","embeddable":true,"href":"https:\/\/analyse.optim.biz\/index.php?rest_route=%2Fwp%2Fv2%2Fcategories&post=223067"},{"taxonomy":"post_tag","embeddable":true,"href":"https:\/\/analyse.optim.biz\/index.php?rest_route=%2Fwp%2Fv2%2Ftags&post=223067"}],"curies":[{"name":"wp","href":"https:\/\/api.w.org\/{rel}","templated":true}]}}