{"id":222825,"date":"2013-08-24T13:13:51","date_gmt":"2013-08-24T10:13:51","guid":{"rendered":"https:\/\/analyse.optim.biz\/?p=222825"},"modified":"2013-08-24T13:13:51","modified_gmt":"2013-08-24T10:13:51","slug":"v-ponta-dezamagit-de-reactia-presedintiei-la-propunerea-de-retragere-a-decoratiei-lui-laszlo-tokes","status":"publish","type":"post","link":"https:\/\/analyse.optim.biz\/?p=222825","title":{"rendered":"V. Ponta, dezam\u0103git de reac\u021bia Pre\u0219edin\u021biei la propunerea de retragere a decora\u021biei lui Laszlo Tokes"},"content":{"rendered":"<div class=\"entry data-app-meta data-app-meta-article\" data-embed-base-url-canonical=\"https:\/\/www.digi24.ro\/embed\/stiri\/actualitate\/politica\/v-ponta-dezamagit-de-reactia-presedintiei-la-propunerea-de-retragere-a-decoratiei-lui-laszlo-tokes-109922\">\n<p data-index=\"1\"><strong>ACTUALIZARE 15.07.<\/strong> Premierul Victor Ponta este <strong>\u201edezam\u0103git c\u00e2nd cineva nu intr\u0103 \u00een c\u00e2rd\u0103\u015fie cu dumnealui pentru \u00eenc\u0103lcarea legii<\/strong>\u201d, a declarat, s\u00e2mb\u0103t\u0103, pentru Mediafax,<strong> Bogdan Oprea,i<\/strong>\u00a0purt\u0103torul de cuv\u00e2nt al \u0219efului statului, referindu-se la problema retragerii unei decora\u0163ii acordate lui Laszlo Tokes.<\/p>\n<p data-index=\"2\">\u201eCa \u00eentotdeauna, domnul prim-ministru Victor Ponta este dezam\u0103git c\u00e2nd cineva nu intr\u0103 \u00een c\u00e2rd\u0103\u015fie cu dumnealui pentru \u00eenc\u0103lcarea legii. Comportamentul unui prim-ministru reclam\u0103, \u00een mod obligatoriu, ca solicit\u0103rile \u015fi abord\u0103rile publice s\u0103 fie \u00een conformitate cu legile \u0163\u0103rii sale.<strong> Este indamisibil ca pentru un prim-ministru respectarea legii s\u0103 fie un subterfugiu<\/strong>&#8220;, a spus purt\u0103torul de cuv\u00e2nt al pre\u0219edintelui Traian B\u0103sescu.<\/p>\n<p data-index=\"3\">_______________________________________________________________<\/p>\n<p data-index=\"4\">\u201e<span>Sunt foarte dezam\u0103git de reac\u0163ia Administra\u0163iei Preziden\u0163iale \u00een problema decora\u0163iei lui L. Tokes. Eu cred c\u0103 oamenii a\u015fteapt\u0103 o decizie din partea celui care a oferit decora\u0163ia. Decora\u0163ia a fost oferit\u0103 de pre\u015fedintele Rom\u00e2niei \u015fi oamenii a\u015fteapt\u0103 din partea lui o reac\u0163ie. Cred c\u0103 a fost pur \u015fi simplu un subterfugiu\u201d, a declarat premierul, pentru Mediafax.<\/span><\/p>\n<p data-index=\"5\">Ieri, Administra\u0163ia Preziden\u0163ial\u0103 anun\u0163a c\u0103 pre\u015fedintele Traian B\u0103sescu<a href=\"https:\/\/www.digi24.ro\/Stiri\/Digi24\/Actualitate\/Politica\/Untitled+Document\" target=\"_blank\" data-skip-linkfix=\"1\" rel=\"noopener\"><strong> nu poate retrage decora\u0163ia<\/strong><\/a> Steaua Rom\u00e2niei dec\u00e2t la cererea unui alt cavaler al acestui ordin sau dac\u0103 cel decorat a primit o condamnare definitiv\u0103. <\/p>\n<p data-index=\"6\">Laszlo Tokes a fost decorat de pre\u015fedintele Traian B\u0103sescu, \u00een decembrie 2009, cu Ordinul Na\u0163ional Steaua Rom\u00e2niei \u00een grad de Cavaler.<\/p>\n<\/div>\n<p> Source URL: https:\/\/www.digi24.ro\/stiri\/actualitate\/politica\/v-ponta-dezamagit-de-reactia-presedintiei-la-propunerea-de-retragere-a-decoratiei-lui-laszlo-tokes-109922<\/p>\n","protected":false},"excerpt":{"rendered":"<p>ACTUALIZARE 15.07. Premierul Victor Ponta este \u201edezam\u0103git c\u00e2nd cineva nu intr\u0103 \u00een c\u00e2rd\u0103\u015fie cu dumnealui pentru \u00eenc\u0103lcarea legii\u201d, a declarat, s\u00e2mb\u0103t\u0103, pentru Mediafax, Bogdan Oprea,i\u00a0purt\u0103torul de cuv\u00e2nt al \u0219efului statului, referindu-se la problema retragerii unei decora\u0163ii acordate lui Laszlo Tokes. \u201eCa \u00eentotdeauna, domnul prim-ministru Victor Ponta este dezam\u0103git c\u00e2nd cineva nu intr\u0103 \u00een c\u00e2rd\u0103\u015fie cu [&hellip;]<\/p>\n","protected":false},"author":1,"featured_media":222826,"comment_status":"open","ping_status":"","sticky":false,"template":"","format":"standard","meta":{"footnotes":""},"categories":[2],"tags":[11],"class_list":["post-222825","post","type-post","status-publish","format-standard","has-post-thumbnail","hentry","category-politics","tag-digi24"],"_links":{"self":[{"href":"https:\/\/analyse.optim.biz\/index.php?rest_route=\/wp\/v2\/posts\/222825","targetHints":{"allow":["GET"]}}],"collection":[{"href":"https:\/\/analyse.optim.biz\/index.php?rest_route=\/wp\/v2\/posts"}],"about":[{"href":"https:\/\/analyse.optim.biz\/index.php?rest_route=\/wp\/v2\/types\/post"}],"author":[{"embeddable":true,"href":"https:\/\/analyse.optim.biz\/index.php?rest_route=\/wp\/v2\/users\/1"}],"replies":[{"embeddable":true,"href":"https:\/\/analyse.optim.biz\/index.php?rest_route=%2Fwp%2Fv2%2Fcomments&post=222825"}],"version-history":[{"count":0,"href":"https:\/\/analyse.optim.biz\/index.php?rest_route=\/wp\/v2\/posts\/222825\/revisions"}],"wp:featuredmedia":[{"embeddable":true,"href":"https:\/\/analyse.optim.biz\/index.php?rest_route=\/wp\/v2\/media\/222826"}],"wp:attachment":[{"href":"https:\/\/analyse.optim.biz\/index.php?rest_route=%2Fwp%2Fv2%2Fmedia&parent=222825"}],"wp:term":[{"taxonomy":"category","embeddable":true,"href":"https:\/\/analyse.optim.biz\/index.php?rest_route=%2Fwp%2Fv2%2Fcategories&post=222825"},{"taxonomy":"post_tag","embeddable":true,"href":"https:\/\/analyse.optim.biz\/index.php?rest_route=%2Fwp%2Fv2%2Ftags&post=222825"}],"curies":[{"name":"wp","href":"https:\/\/api.w.org\/{rel}","templated":true}]}}