{"id":222593,"date":"2013-08-27T14:53:01","date_gmt":"2013-08-27T11:53:01","guid":{"rendered":"https:\/\/analyse.optim.biz\/?p=222593"},"modified":"2013-08-27T14:53:01","modified_gmt":"2013-08-27T11:53:01","slug":"tariceanu-ponta-face-cam-mult-treaba-altora-exista-riscul-sa-devina-un-paratrasnet","status":"publish","type":"post","link":"https:\/\/analyse.optim.biz\/?p=222593","title":{"rendered":"T\u0103riceanu: Ponta face cam mult treaba altora. Exist\u0103 riscul s\u0103 devin\u0103 un paratr\u0103snet"},"content":{"rendered":"<div class=\"entry data-app-meta data-app-meta-article\" data-embed-base-url-canonical=\"https:\/\/www.digi24.ro\/embed\/stiri\/actualitate\/politica\/tariceanu-ponta-face-cam-mult-treaba-altora-exista-riscul-sa-devina-un-paratrasnet-111013\">\n<p data-index=\"1\"><img decoding=\"async\" src=\"https:\/\/analyse.optim.biz\/wp-content\/uploads\/2024\/09\/mdamagfzad1hmznmmzewnjexmzrloddkyzdhotzim2e1y2uxodblma-thumb_.jpg\" data-skip-htmlfix=\"1\" title=\"mdamagfzad1hmznmmzewnjexmzrloddkyzdhotzim2e1y2uxodblma-thumb_\"><\/p>\n<p data-index=\"2\">&#8220;Pot s\u0103 v\u0103 spun, a\u015fa, \u00eentr-o simpl\u0103 propozi\u0163ie, c\u0103 activitatea actualului premier este peste a\u015ftept\u0103rile mele. \u00cens\u0103, sigur, amploarea problemelor, multitudinea problemelor face s\u0103 fie nevoie de o implicare permanent\u0103, nu numai a premierului, ci \u015fi a mini\u015ftrilor. Mini\u015ftrii mi se par uneori estompa\u0163i, cu unele excep\u0163ii, evident. (&#8230;) <strong>I-a\u015f sugera premierului un singur lucru: s\u0103 \u0163in\u0103 cont c\u0103 \u015fi prezen\u0163a lui, sigur, f\u0103r\u0103 \u00eendoial\u0103, foarte util\u0103, c\u00e2teodat\u0103 duce la estomparea personalit\u0103\u0163ii unora dintre membrii Cabinetului, care ar trebui s\u0103 aib\u0103 curajul s\u0103 aib\u0103 mai mult\u0103 ini\u0163iativ\u0103, s\u0103 ias\u0103 mai mult \u00een fa\u0163\u0103 \u015fi s\u0103-\u015fi asume responsabilit\u0103\u0163ile ei \u00een\u015fi\u015fi<\/strong>&#8220;, a spus T\u0103riceanu.<\/p>\n<p data-index=\"3\">El a precizat c\u0103 nu ar spune c\u0103 este vorba de un monopol de imagine al premierului Victor Ponta, ar\u0103t\u00e2nd, \u00eens\u0103, c\u0103 probabil premierul &#8220;face cam mult treaba altora&#8221;.<\/p>\n<p data-index=\"4\">&#8220;<strong>Cred c\u0103 ar trebui s\u0103-i lase pe fiecare s\u0103-\u015fi asume propriile responsabilit\u0103\u0163i<\/strong>, pentru c\u0103, altfel, aceast\u0103 atitudine a premierului comport\u0103 un risc petru el \u015fi anume riscul s\u0103 devin\u0103 la un moment dat un fel de paratr\u0103snet \u00een cazul \u00een care \u00een anumite domenii nu sunt atinse obiectivele pe care Guvernul \u015fi le-a anun\u0163at&#8221;, a ad\u0103ugat T\u0103riceanu.<\/p>\n<p data-index=\"5\">De asemenea, fostul premier a precizat c\u0103 Executivul condus de Victor Ponta se concentreaz\u0103 pe mai multe proiecte, exist\u00e2nd mai multe astfel de ini\u0163iative lansate \u00een dezbaterea public\u0103 \u015fi a avertizat asupra riscului ca eforturile s\u0103 se dilueze.<span>\u00a0<\/span><\/p>\n<p data-index=\"6\">&#8220;V\u0103d c\u0103 Guvernul se preocup\u0103 de o serie de domenii \u015fi face eforturi. Sigur c\u0103 lucrurile nu se mi\u015fc\u0103 u\u015for \u0163in\u00e2nd cont c\u0103 Rom\u00e2nia nu a ie\u015fit \u00eenc\u0103 din criz\u0103 pe deplin. Trebuie s\u0103 \u0163inem cont c\u0103 Rom\u00e2nia este puternic interconectat\u0103 cu economiile \u0163\u0103rilor europene care parcurg o perioad\u0103 de criz\u0103, a\u015fa \u00eenc\u00e2t rezolvarea problemelor \u00een Rom\u00e2nia nu este una facil\u0103, care s\u0103 \u0163in\u0103 exclusiv de dorin\u0163a sau de capacitatea Guvernului rom\u00e2n. Suntem dependen\u0163i de o serie de factori externi \u015fi pe m\u0103sur\u0103 ce climatul economic european se va \u00eembun\u0103t\u0103\u0163i, atunci sunt convins c\u0103 \u015fi la noi lucrurile vor merge mult mai bine&#8221;, a spus T\u0103riceanu.<\/p>\n<\/div>\n<p> Source URL: https:\/\/www.digi24.ro\/stiri\/actualitate\/politica\/tariceanu-ponta-face-cam-mult-treaba-altora-exista-riscul-sa-devina-un-paratrasnet-111013<\/p>\n","protected":false},"excerpt":{"rendered":"<p>&#8220;Pot s\u0103 v\u0103 spun, a\u015fa, \u00eentr-o simpl\u0103 propozi\u0163ie, c\u0103 activitatea actualului premier este peste a\u015ftept\u0103rile mele. \u00cens\u0103, sigur, amploarea problemelor, multitudinea problemelor face s\u0103 fie nevoie de o implicare permanent\u0103, nu numai a premierului, ci \u015fi a mini\u015ftrilor. Mini\u015ftrii mi se par uneori estompa\u0163i, cu unele excep\u0163ii, evident. (&#8230;) I-a\u015f sugera premierului un singur lucru: [&hellip;]<\/p>\n","protected":false},"author":1,"featured_media":222594,"comment_status":"open","ping_status":"","sticky":false,"template":"","format":"standard","meta":{"footnotes":""},"categories":[2],"tags":[11],"class_list":["post-222593","post","type-post","status-publish","format-standard","has-post-thumbnail","hentry","category-politics","tag-digi24"],"_links":{"self":[{"href":"https:\/\/analyse.optim.biz\/index.php?rest_route=\/wp\/v2\/posts\/222593","targetHints":{"allow":["GET"]}}],"collection":[{"href":"https:\/\/analyse.optim.biz\/index.php?rest_route=\/wp\/v2\/posts"}],"about":[{"href":"https:\/\/analyse.optim.biz\/index.php?rest_route=\/wp\/v2\/types\/post"}],"author":[{"embeddable":true,"href":"https:\/\/analyse.optim.biz\/index.php?rest_route=\/wp\/v2\/users\/1"}],"replies":[{"embeddable":true,"href":"https:\/\/analyse.optim.biz\/index.php?rest_route=%2Fwp%2Fv2%2Fcomments&post=222593"}],"version-history":[{"count":0,"href":"https:\/\/analyse.optim.biz\/index.php?rest_route=\/wp\/v2\/posts\/222593\/revisions"}],"wp:featuredmedia":[{"embeddable":true,"href":"https:\/\/analyse.optim.biz\/index.php?rest_route=\/wp\/v2\/media\/222594"}],"wp:attachment":[{"href":"https:\/\/analyse.optim.biz\/index.php?rest_route=%2Fwp%2Fv2%2Fmedia&parent=222593"}],"wp:term":[{"taxonomy":"category","embeddable":true,"href":"https:\/\/analyse.optim.biz\/index.php?rest_route=%2Fwp%2Fv2%2Fcategories&post=222593"},{"taxonomy":"post_tag","embeddable":true,"href":"https:\/\/analyse.optim.biz\/index.php?rest_route=%2Fwp%2Fv2%2Ftags&post=222593"}],"curies":[{"name":"wp","href":"https:\/\/api.w.org\/{rel}","templated":true}]}}