{"id":222582,"date":"2013-08-27T16:15:22","date_gmt":"2013-08-27T13:15:22","guid":{"rendered":"https:\/\/analyse.optim.biz\/?p=222582"},"modified":"2013-08-27T16:15:22","modified_gmt":"2013-08-27T13:15:22","slug":"alesii-sunt-la-fel-de-lenesi-si-dupa-vacanta-din-11-comisii-care-aveau-ordine-de-zi-doar-una-a-respectat-programul","status":"publish","type":"post","link":"https:\/\/analyse.optim.biz\/?p=222582","title":{"rendered":"Ale\u0219ii sunt la fel de lene\u0219i \u0219i dup\u0103 vacan\u021b\u0103. Din 11 comisii care aveau ordine de zi, doar una a respectat programul"},"content":{"rendered":"<div class=\"entry data-app-meta data-app-meta-article\" data-embed-base-url-canonical=\"https:\/\/www.digi24.ro\/embed\/stiri\/actualitate\/politica\/alesii-sunt-la-fel-de-lenesi-si-dupa-vacanta-din-11-comisii-care-aveau-ordine-de-zi-doar-una-a-respectat-programul-111065\">\n<p data-index=\"1\">Camera Deputa\u0163ilor \u00eencepe sesiunea cu o mare restan\u0163\u0103. Solicitarea DNA de \u00eencepere a urm\u0103ririi penale \u00een cazul Ovidiu Silaghi este deja de o s\u0103pt\u0103m\u00e2n\u0103 la Parlament. Va fi \u00eens\u0103 discutat\u0103 abia peste \u00eenc\u0103 \u015fapte zile, de\u015fi Comisia Juridic\u0103 anun\u0163ase ini\u0163ial c\u0103 e posibil s\u0103 dezbat\u0103 cererea procurorilor zilele acestea.<\/p>\n<p data-index=\"2\">Deputa\u0163ii juri\u015fti nu se pot apuca \u00eens\u0103 de treab\u0103 p\u00e2n\u0103 ce nu primesc de la Biroul Permanent al Camerei Deputa\u0163ilor solicitarea DNA. Dar, ca de altfel to\u0163i parlamentarii din toate comisiile, \u015fi membrii conducerii Camerei au decis s\u0103 nu vin\u0103 la munc\u0103 s\u0103pt\u0103m\u00e2na aceasta, ci abia s\u0103pt\u0103m\u00e2na viitoare, c\u00e2nd \u00eencepe oricum sesiunea parlamentar\u0103.\u00a0<\/p>\n<p data-index=\"3\">Pe ordinea de zi a comisiei juridice figurau multe alte legi, dintre care 11 ar fi trebuit avizate \u00eenc\u0103 de acum dou\u0103 luni. \u00cen loc s\u0103 le dezbat\u0103, deputa\u0163ii au decis s\u0103 ignore programul afi\u015fat \u015fi s-au refugiat \u00een spatele unei formule deja celebre &#8211; studiu individual. Cu alte cuvinte, absenteaz\u0103 motivat de la serviciu.<\/p>\n<p data-index=\"4\">\u015ei la Comisia de Industrii u\u015file sunt \u00eenchise. Din spatele uneia dintre ele se aude o conversa\u021bie \u00een englez\u0103. Nu sunt deputa\u0163ii, este doar un film.<\/p>\n<p data-index=\"5\">Comisia de Industrii din Camera Deputa\u0163ilor are pe ordinea de zi c\u00e2teva legi al c\u0103ror termen de solu\u0163ionare a expirat demult. Unele dateaz\u0103 din 2010, altele din 2011. Dar, cum nu au fost niciodat\u0103 o prioritate, nici acum parlamentarii nu au considerat c\u0103 este nevoie s\u0103 se \u00eentoarc\u0103 mai devreme din vacan\u0163\u0103 ca s\u0103 le dezbat\u0103.<\/p>\n<p data-index=\"6\">\u015ei la Senat e lini\u015fte. Din opt comisii care au anun\u0163at c\u0103 vor avea program, lucreaz\u0103 dou\u0103.\u00a0<\/p>\n<p data-index=\"7\">La Agricultur\u0103, erau pe ordinea de zi dou\u0103 proiecte legislative. \u015eedin\u0163a era programat\u0103 la ora 11.00, iar consilierii sus\u0163in c\u0103 senatorii au fost foarte harnici. Pentru c\u0103 p\u00e2n\u0103 la ora 11.30 ar fi terminat de discutat cele dou\u0103 proiecte.<\/p>\n<p data-index=\"8\">Consilierii mai spun c\u0103 au fost \u015fapte senatori prezen\u0163i la lucr\u0103rile comisiei. \u00cen doar o jum\u0103tate de or\u0103, \u00eens\u0103, au disp\u0103rut to\u0163i.<\/p>\n<p data-index=\"9\">Pe holurile \u00eentunecoase ale Parlamentului mi\u015fun\u0103, \u00een schimb, angaja\u0163ii. Femeile de serviciu nu sunt deloc \u00een ton cu atmosfera de vacan\u021b\u0103 de pe la comisii. Pentru ele sarcinile sunt precise \u0219i termenele nu pot fi dep\u0103\u0219ite. P\u00e2n\u0103 s\u0103pt\u0103m\u00e2na viitoare, c\u00e2nd se termin\u0103 vacan\u0163a de dou\u0103 luni a ale\u015filor, peste tot trebuie s\u0103 fie cur\u0103\u0163enie lun\u0103.<\/p>\n<\/div>\n<p> Source URL: https:\/\/www.digi24.ro\/stiri\/actualitate\/politica\/alesii-sunt-la-fel-de-lenesi-si-dupa-vacanta-din-11-comisii-care-aveau-ordine-de-zi-doar-una-a-respectat-programul-111065<\/p>\n","protected":false},"excerpt":{"rendered":"<p>Camera Deputa\u0163ilor \u00eencepe sesiunea cu o mare restan\u0163\u0103. Solicitarea DNA de \u00eencepere a urm\u0103ririi penale \u00een cazul Ovidiu Silaghi este deja de o s\u0103pt\u0103m\u00e2n\u0103 la Parlament. Va fi \u00eens\u0103 discutat\u0103 abia peste \u00eenc\u0103 \u015fapte zile, de\u015fi Comisia Juridic\u0103 anun\u0163ase ini\u0163ial c\u0103 e posibil s\u0103 dezbat\u0103 cererea procurorilor zilele acestea. Deputa\u0163ii juri\u015fti nu se pot apuca [&hellip;]<\/p>\n","protected":false},"author":1,"featured_media":222583,"comment_status":"open","ping_status":"","sticky":false,"template":"","format":"standard","meta":{"footnotes":""},"categories":[2],"tags":[11],"class_list":["post-222582","post","type-post","status-publish","format-standard","has-post-thumbnail","hentry","category-politics","tag-digi24"],"_links":{"self":[{"href":"https:\/\/analyse.optim.biz\/index.php?rest_route=\/wp\/v2\/posts\/222582","targetHints":{"allow":["GET"]}}],"collection":[{"href":"https:\/\/analyse.optim.biz\/index.php?rest_route=\/wp\/v2\/posts"}],"about":[{"href":"https:\/\/analyse.optim.biz\/index.php?rest_route=\/wp\/v2\/types\/post"}],"author":[{"embeddable":true,"href":"https:\/\/analyse.optim.biz\/index.php?rest_route=\/wp\/v2\/users\/1"}],"replies":[{"embeddable":true,"href":"https:\/\/analyse.optim.biz\/index.php?rest_route=%2Fwp%2Fv2%2Fcomments&post=222582"}],"version-history":[{"count":0,"href":"https:\/\/analyse.optim.biz\/index.php?rest_route=\/wp\/v2\/posts\/222582\/revisions"}],"wp:featuredmedia":[{"embeddable":true,"href":"https:\/\/analyse.optim.biz\/index.php?rest_route=\/wp\/v2\/media\/222583"}],"wp:attachment":[{"href":"https:\/\/analyse.optim.biz\/index.php?rest_route=%2Fwp%2Fv2%2Fmedia&parent=222582"}],"wp:term":[{"taxonomy":"category","embeddable":true,"href":"https:\/\/analyse.optim.biz\/index.php?rest_route=%2Fwp%2Fv2%2Fcategories&post=222582"},{"taxonomy":"post_tag","embeddable":true,"href":"https:\/\/analyse.optim.biz\/index.php?rest_route=%2Fwp%2Fv2%2Ftags&post=222582"}],"curies":[{"name":"wp","href":"https:\/\/api.w.org\/{rel}","templated":true}]}}