{"id":222444,"date":"2013-08-29T21:52:51","date_gmt":"2013-08-29T18:52:51","guid":{"rendered":"https:\/\/analyse.optim.biz\/?p=222444"},"modified":"2013-08-29T21:52:51","modified_gmt":"2013-08-29T18:52:51","slug":"cercetator-de-politici-publice-politicienii-trebuie-sa-depaseasca-perioada-basescu-nu-a-spus-nimeni-ce-va-fi-in-2015","status":"publish","type":"post","link":"https:\/\/analyse.optim.biz\/?p=222444","title":{"rendered":"Cercet\u0103tor de politici publice: Politicienii trebuie s\u0103 dep\u0103\u0219easc\u0103 perioada \u201eB\u0103sescu\u201d, nu a spus nimeni ce va fi \u00een 2015"},"content":{"rendered":"<div class=\"entry data-app-meta data-app-meta-article\" data-embed-base-url-canonical=\"https:\/\/www.digi24.ro\/embed\/stiri\/actualitate\/politica\/cercetator-de-politici-publice-politicienii-trebuie-sa-depaseasca-perioada-basescu-nu-a-spus-nimeni-ce-va-fi-in-2015-112180\">\n<p data-index=\"1\">\u201e<span>Dac\u0103 noi am avea din Dun\u0103rea asta de vorbe ale politicienilor un rezultat concret, noi am ajunge Germania din urm\u0103. Suntem la momentul la care opozi\u021bia \u0219i puterea nu se \u00een\u021beleg asupra unui fapt, dac\u0103 a sc\u0103zut sau a crescut \u0219omajul. E clar c\u0103 b\u0103t\u0103lia este de a convinge electoratul \u0219i, cum spunea un celebru pre\u0219edinte american, uneori \u00een politic\u0103 faptele conteaz\u0103 mai pu\u021bin, dar percep\u021bia lor este esen\u021bial\u0103.<\/span><\/p>\n<p data-index=\"2\">Domnul B\u0103sescu face de opt ani de zile, \u00een esen\u021b\u0103, acela\u0219i lucru: pivoteaz\u0103. Este un pivot care polarizeaz\u0103 puternic electoratul. Domnul B\u0103sescu a fost de-a lungul timpului \u0219i pro, \u0219i contra tuturor pozi\u021bion\u0103rilor posibile \u00een politica rom\u00e2neasc\u0103. Domnul Oprea Gabriel c\u00e2nd a fost \u0219eful mafiei personale a lui Adrian N\u0103stase, acum v\u0103d c\u0103, mai nou, st\u0103 \u00een dreapta domniei sale \u00een CSAT \u0219i nu am v\u0103zut s\u0103 se \u0219ifoneze domnul B\u0103sescu \u0219i a semnat decretul de numire.<\/p>\n<p data-index=\"3\">Politicienii din Rom\u00e2nia ar trebui s\u0103 se preg\u0103teasc\u0103 a dep\u0103\u0219i perioada B\u0103sescu, perioada \u00een care B\u0103sescu electoral este cel care polarizeaz\u0103 opinia public\u0103 rom\u00e2neasc\u0103. Noi vom tr\u0103i \u0219i \u00een Rom\u00e2nia anului 2015, \u00een care numele lui Traian B\u0103sescu va \u00eensemna cel mult \u0219efia unui partid, c\u00e2t va fi el acolo. Noi trebuie s\u0103 ne preg\u0103tim pentru urm\u0103torii 20 de ani \u00een aceast\u0103 \u021bar\u0103. Lumea poate uit\u0103 c\u0103 mai avem \u0219i o \u021bar\u0103 de condus, sunt \u0219i probleme, vor fi pensionari \u0219i \u00een 2015, cineva va trebui s\u0103 le pl\u0103teasc\u0103 pensiile\u201d, a spus R\u0103zvan Or\u0103\u0219anu, directorul de cercetare Societ\u0103\u021bii Academice din Rom\u00e2nia (SAR).<\/p>\n<p data-index=\"4\">Acesta a mai spus c\u0103 acela\u0219i lucru s-a \u00eent\u00e2mplat \u0219i \u00een 2004, c\u00e2nd \u201e\u00eend\u00e2rjirea\u201d oamenilor \u00eempotriva lui Ion Iliescu \u0219i Adrian N\u0103stase i-a f\u0103cut pe aleg\u0103tori s\u0103 voteze \u00eempotriva celor doi politicieni, iar la alegerile din 2014 urmeaz\u0103 un episod asem\u0103n\u0103tor.<\/p>\n<p data-index=\"5\">\u201e<span>Dup\u0103 ce se termin\u0103 perioada politic\u0103 Traian B\u0103sescu, ce urmeaz\u0103? N-am v\u0103zut niciun vizionar politician care s\u0103 ne explice ce va fi \u00een Rom\u00e2nia lui 2015\u201d, a ad\u0103ugat R\u0103zvan Or\u0103\u0219anu.<\/span><\/p>\n<p data-index=\"6\">\u00cen acest context,\u00a0<a href=\"https:\/\/www.digi24.ro\/Stiri\/Digi24\/Actualitate\/Politica\/Crin+Antonescu+isi+relanseaza+candidatura+la+alegerile+prezident\" data-skip-linkfix=\"1\">Crin Antonescu se preg\u0103te\u015fte s\u0103-\u015fi relanseze candidatura la alegerile preziden\u0163iale<\/a>. Evenimentul va avea loc s\u00e2mb\u0103t\u0103 seara, la Constan\u0163a, \u00een prezen\u0163a a aproximativ 2.000 de tineri din USL. Reuniunea vine \u00een condi\u0163iile \u00een care liderul PNL a c\u0103zut \u00een sondaje \u015fi este, de luni bune, surclasat de Victor Ponta la capitolul \u00eencredere \u015fi inten\u0163ie de vot.<\/p>\n<\/div>\n<p> Source URL: https:\/\/www.digi24.ro\/stiri\/actualitate\/politica\/cercetator-de-politici-publice-politicienii-trebuie-sa-depaseasca-perioada-basescu-nu-a-spus-nimeni-ce-va-fi-in-2015-112180<\/p>\n","protected":false},"excerpt":{"rendered":"<p>\u201eDac\u0103 noi am avea din Dun\u0103rea asta de vorbe ale politicienilor un rezultat concret, noi am ajunge Germania din urm\u0103. Suntem la momentul la care opozi\u021bia \u0219i puterea nu se \u00een\u021beleg asupra unui fapt, dac\u0103 a sc\u0103zut sau a crescut \u0219omajul. E clar c\u0103 b\u0103t\u0103lia este de a convinge electoratul \u0219i, cum spunea un celebru [&hellip;]<\/p>\n","protected":false},"author":1,"featured_media":222445,"comment_status":"open","ping_status":"","sticky":false,"template":"","format":"standard","meta":{"footnotes":""},"categories":[2],"tags":[11],"class_list":["post-222444","post","type-post","status-publish","format-standard","has-post-thumbnail","hentry","category-politics","tag-digi24"],"_links":{"self":[{"href":"https:\/\/analyse.optim.biz\/index.php?rest_route=\/wp\/v2\/posts\/222444","targetHints":{"allow":["GET"]}}],"collection":[{"href":"https:\/\/analyse.optim.biz\/index.php?rest_route=\/wp\/v2\/posts"}],"about":[{"href":"https:\/\/analyse.optim.biz\/index.php?rest_route=\/wp\/v2\/types\/post"}],"author":[{"embeddable":true,"href":"https:\/\/analyse.optim.biz\/index.php?rest_route=\/wp\/v2\/users\/1"}],"replies":[{"embeddable":true,"href":"https:\/\/analyse.optim.biz\/index.php?rest_route=%2Fwp%2Fv2%2Fcomments&post=222444"}],"version-history":[{"count":0,"href":"https:\/\/analyse.optim.biz\/index.php?rest_route=\/wp\/v2\/posts\/222444\/revisions"}],"wp:featuredmedia":[{"embeddable":true,"href":"https:\/\/analyse.optim.biz\/index.php?rest_route=\/wp\/v2\/media\/222445"}],"wp:attachment":[{"href":"https:\/\/analyse.optim.biz\/index.php?rest_route=%2Fwp%2Fv2%2Fmedia&parent=222444"}],"wp:term":[{"taxonomy":"category","embeddable":true,"href":"https:\/\/analyse.optim.biz\/index.php?rest_route=%2Fwp%2Fv2%2Fcategories&post=222444"},{"taxonomy":"post_tag","embeddable":true,"href":"https:\/\/analyse.optim.biz\/index.php?rest_route=%2Fwp%2Fv2%2Ftags&post=222444"}],"curies":[{"name":"wp","href":"https:\/\/api.w.org\/{rel}","templated":true}]}}