{"id":222216,"date":"2013-09-02T19:08:52","date_gmt":"2013-09-02T16:08:52","guid":{"rendered":"https:\/\/analyse.optim.biz\/?p=222216"},"modified":"2013-09-02T19:08:52","modified_gmt":"2013-09-02T16:08:52","slug":"daniel-barbu-surprins-in-studioul-digi24-de-holograma-reporterului-toma-petcu","status":"publish","type":"post","link":"https:\/\/analyse.optim.biz\/?p=222216","title":{"rendered":"Daniel Barbu, surprins \u00een studioul Digi24 de holograma reporterului Toma Petcu"},"content":{"rendered":"<div class=\"entry data-app-meta data-app-meta-article\" data-embed-base-url-canonical=\"https:\/\/www.digi24.ro\/embed\/stiri\/actualitate\/politica\/daniel-barbu-surprins-in-studioul-digi24-de-holograma-reporterului-toma-petcu-113531\">\n<p data-index=\"1\">\u201eCeea ce se poate face este remodelarea aparatului legal, care reglementeaz\u0103 chestiunea descentraliz\u0103rii. Se poate merge c\u00e2\u021biva pa\u0219i mai departe \u00een direc\u021bia transferului de competen\u021be c\u0103tre comunit\u0103\u021bile locale\u201d, a spus Daniel Barbu, senator PNL \u0219i ministru al Culturii.<\/p>\n<p data-index=\"2\">Senatorul a apreciat \u00een leg\u0103tur\u0103 cu re\u00eentoarcerea \u00een Parlament a Legii referendumului c\u0103 este ultima form\u0103 de boicot a Traian B\u0103sescu \u0219i c\u0103 nu o mai poate trimite la Curtea Constitu\u021bional\u0103. Pre\u0219edintele a spus despre reducerea pragului de la 50% la 30% c\u0103 nu asigur\u0103 reprezentativitate.<\/p>\n<p data-index=\"3\">\u201eE una din priorit\u0103\u021bile acestei sesiuni. E ultima strigare, ultimul boicot al pre\u0219edintelui \u0219i al Cur\u021bii. Este un boicot, g\u00e2ndi\u021bi-v\u0103 la solu\u021bia pe care a dat-o Curtea: da, bine, dar peste un an. Cu \u00een\u021belepciune juridic\u0103 n-ar fi dat niciodat\u0103 o asemenea solu\u021bie\u201d, a mai spus Daniel Barbu.<\/p>\n<p data-index=\"4\">Ministrul a apreciat c\u0103 de data aceasta Parlamentul va avea ultimul cuv\u00e2nt.<\/p>\n<p data-index=\"5\">\u00cen cazul voturilor din Camera Deputa\u021bilor \u0219i din Senat cu privire la urm\u0103rirea penal\u0103 a lui<strong><a href=\"https:\/\/www.digi24.ro\/Stiri\/Digi24\/Actualitate\/Politica\/Deputatii+amana+30+de+zile+discutarea+cazului+Ovidiu+Silaghi\" target=\"_blank\" data-skip-linkfix=\"1\" rel=\"noopener\">Ovidiu Silaghi<\/a>,<\/strong> respectiv <strong><a href=\"https:\/\/www.digi24.ro\/Stiri\/Digi24\/Actualitate\/Justitie\/DIICOT+Varujan+Vosganian+si+Adriean+Videanu+sunt+cercetati+penal\" target=\"_blank\" data-skip-linkfix=\"1\" rel=\"noopener\">Varujan Vosganian<\/a><\/strong>, Daniel Barbu a spus c\u0103 \u201eParlamentul trebuie s\u0103 se uite cu aten\u021bie, s\u0103 cump\u0103neasc\u0103 \u0219i s\u0103 vad\u0103 dac\u0103 o asemenea solicitare este \u00eentemeiat\u0103. Altfel, de ce ar mai trebui Parlamentul?\u201d<\/p>\n<p data-index=\"6\"><img decoding=\"async\" src=\"https:\/\/analyse.optim.biz\/wp-content\/uploads\/2024\/09\/yxnopte4othindewnzfjm2nhnmeymzjmmtq1zgu3ytg0ogyz-thumb_.jpg\" data-skip-htmlfix=\"1\" title=\"yxnopte4othindewnzfjm2nhnmeymzjmmtq1zgu3ytg0ogyz-thumb_\"><\/p>\n<p data-index=\"7\"><em>Momentul \u00een care Daniel Barbu a fost surprins de apari\u021bia reporterului Toma Petcu.<\/em><\/p>\n<\/div>\n<p> Source URL: https:\/\/www.digi24.ro\/stiri\/actualitate\/politica\/daniel-barbu-surprins-in-studioul-digi24-de-holograma-reporterului-toma-petcu-113531<\/p>\n","protected":false},"excerpt":{"rendered":"<p>\u201eCeea ce se poate face este remodelarea aparatului legal, care reglementeaz\u0103 chestiunea descentraliz\u0103rii. Se poate merge c\u00e2\u021biva pa\u0219i mai departe \u00een direc\u021bia transferului de competen\u021be c\u0103tre comunit\u0103\u021bile locale\u201d, a spus Daniel Barbu, senator PNL \u0219i ministru al Culturii. Senatorul a apreciat \u00een leg\u0103tur\u0103 cu re\u00eentoarcerea \u00een Parlament a Legii referendumului c\u0103 este ultima form\u0103 de [&hellip;]<\/p>\n","protected":false},"author":1,"featured_media":222217,"comment_status":"open","ping_status":"","sticky":false,"template":"","format":"standard","meta":{"footnotes":""},"categories":[2],"tags":[11],"class_list":["post-222216","post","type-post","status-publish","format-standard","has-post-thumbnail","hentry","category-politics","tag-digi24"],"_links":{"self":[{"href":"https:\/\/analyse.optim.biz\/index.php?rest_route=\/wp\/v2\/posts\/222216","targetHints":{"allow":["GET"]}}],"collection":[{"href":"https:\/\/analyse.optim.biz\/index.php?rest_route=\/wp\/v2\/posts"}],"about":[{"href":"https:\/\/analyse.optim.biz\/index.php?rest_route=\/wp\/v2\/types\/post"}],"author":[{"embeddable":true,"href":"https:\/\/analyse.optim.biz\/index.php?rest_route=\/wp\/v2\/users\/1"}],"replies":[{"embeddable":true,"href":"https:\/\/analyse.optim.biz\/index.php?rest_route=%2Fwp%2Fv2%2Fcomments&post=222216"}],"version-history":[{"count":0,"href":"https:\/\/analyse.optim.biz\/index.php?rest_route=\/wp\/v2\/posts\/222216\/revisions"}],"wp:featuredmedia":[{"embeddable":true,"href":"https:\/\/analyse.optim.biz\/index.php?rest_route=\/wp\/v2\/media\/222217"}],"wp:attachment":[{"href":"https:\/\/analyse.optim.biz\/index.php?rest_route=%2Fwp%2Fv2%2Fmedia&parent=222216"}],"wp:term":[{"taxonomy":"category","embeddable":true,"href":"https:\/\/analyse.optim.biz\/index.php?rest_route=%2Fwp%2Fv2%2Fcategories&post=222216"},{"taxonomy":"post_tag","embeddable":true,"href":"https:\/\/analyse.optim.biz\/index.php?rest_route=%2Fwp%2Fv2%2Ftags&post=222216"}],"curies":[{"name":"wp","href":"https:\/\/api.w.org\/{rel}","templated":true}]}}