{"id":222106,"date":"2013-09-05T13:31:39","date_gmt":"2013-09-05T10:31:39","guid":{"rendered":"https:\/\/analyse.optim.biz\/?p=222106"},"modified":"2013-09-05T13:31:39","modified_gmt":"2013-09-05T10:31:39","slug":"sorin-oprescu-este-criticat-dur-de-liberali","status":"publish","type":"post","link":"https:\/\/analyse.optim.biz\/?p=222106","title":{"rendered":"Sorin Oprescu este criticat dur de liberali\u00a0"},"content":{"rendered":"<div class=\"entry data-app-meta data-app-meta-article\" data-embed-base-url-canonical=\"https:\/\/www.digi24.ro\/embed\/stiri\/actualitate\/politica\/sorin-oprescu-este-criticat-dur-de-liberali-114936\">\n<h2 id=\"highlight-114936-1\">Liberalii \u00eel atac\u0103 dur pe primarului Capitalei, Sorin Oprescu, pentru inten\u0163ia de a organiza un referendum care s\u0103 decid\u0103 soarta maidanezilor. Mai mult, liderul liberal \u00eel critic\u0103 \u015fi pe premierul Victor Ponta, care, \u00een opinia lui, ar fi trebuit s\u0103 dea o ordonan\u0163\u0103 de urgen\u0163\u0103, a\u0219a cum a propus pre\u0219edintele Traian B\u0103sescu.<\/h2>\n<p data-index=\"1\">Pre\u015fedintele Senatului, Crin Antonescu, a declarat joi, la Cluj, c\u0103 n<a href=\"https:\/\/www.digi24.ro\/Stiri\/Digi24\/Actualitate\/Stiri\/Antonescu+La+ce+sa+facem+referendum+E+clar+ca+oamenii+nu+vor+mai\" data-skip-linkfix=\"1\">u este de acord cu organizarea unui referendum<\/a> \u00een Bucure\u015fti pe tema c\u00e2inilor vagabonzi. \u00cen opinia sa, acest demers \u201enu are ce s\u0103 comunice nou despre voin\u0163a cet\u0103\u0163enilor\u201d, deoarece este clar c\u0103 oamenii vor s\u0103 nu mai existe c\u00e2ini pe str\u0103zi.<\/p>\n<p data-index=\"2\">\u00cen plus, deputatul PNL Gigel \u015etirbu \u00eel acuz\u0103 pe primarul general al Capitalei, Sorin Oprescu, de faptul c\u0103 are pe m\u00e2ini s\u00e2ngele b\u0103ie\u0163elului ucis de c\u00e2ini, c\u0103 se folose\u015fte de suferin\u0163a familiei \u015fi se \u201eca\u0163\u0103r\u0103 pe durerea&#8221; acesteia pentru a organiza o conferin\u0163\u0103 de pres\u0103, \u00een loc s\u0103 fie la c\u0103p\u0103t\u00e2iul copilului.<\/p>\n<p data-index=\"3\">\u201ePrimarul general al municipiului Bucure\u015fti, domnul\u00a0<span>Sorin Oprescu, se folose\u015fte de suferin\u0163a oamenilor care \u015fi-au pierdut un copil \u015fi se ca\u0163\u0103r\u0103 pe durerea lor pentru a organiza conferin\u0163\u0103 de pres\u0103 la or\u0103 de maxim\u0103 audien\u0163\u0103. \u00cen mod normal, ar fi trebuit s\u0103 fie la c\u0103p\u0103t\u00e2iul acelui \u00eenger pentru a c\u0103rui dispari\u0163ie este principalul vinovat&#8221;, sus\u0163ine deputatul PNL \u00eentr-un comunicat de pres\u0103 remis Mediafax.<\/span><\/p>\n<p data-index=\"4\">De asemenea, \u015etirbu sus\u0163ine c\u0103 Oprescu ar fi trebuit s\u0103 nu mai vorbeasc\u0103 \u201edespre master-planuri&#8221;, ci s\u0103 dea dovad\u0103 c\u0103 \u00eei pas\u0103 de cet\u0103\u0163enii pe care-i \u201ep\u0103store\u015fte&#8221;, \u015fi s\u0103 nu \u201earunce pisica \u00een curtea Guvernului sau a Parlamentului cu g\u0103sirea solu\u0163iei \u00een privin\u0163a c\u00e2inilor f\u0103r\u0103 st\u0103p\u00e2n&#8221;.<\/p>\n<p data-index=\"5\">Liberalul \u00eel mai acuz\u0103 pe Oprescu de faptul c\u0103 \u00eencearc\u0103 s\u0103 creeze \u201eiluzia bucure\u015ftenilor c\u0103 domnia sa lucreaz\u0103, c\u00e2nd este de fapt principalul vinovat pentru dispari\u0163ia acelui copil nevinovat&#8221;.<\/p>\n<p data-index=\"6\">\u201eSorin Oprescu are la dispozi\u0163ia sa cel mai mare buget al Rom\u00e2niei \u015fi are o larg\u0103 majoritate \u00een Consiliul General al municipiului Bucure\u015fti; astfel, cele dou\u0103 instrumente pot fi utilizate \u00een folosul bucure\u015ftenilor care l-au votat cu mare \u00eencredere \u015fi care au a\u015ftept\u0103ri pe m\u0103sur\u0103. Domnule Oprescu, s\u00e2ngele acelui mic \u00eenger sf\u00e2\u015fiat se afl\u0103 pe m\u00e2inile dumneavoastr\u0103. L\u0103sa\u0163i fariseismul \u015fi limbajul flegmatic care v\u0103 caracterizeaz\u0103 \u015fi f\u0103ce\u0163i-v\u0103 treaba pentru care a\u0163i fost votat&#8221;, mai afirm\u0103 deputatul PNL.<\/p>\n<p data-index=\"7\">Gigel \u015etirbu \u00eei mai spune primarului Capitalei c\u0103 \u201eun milion de camere de luat vederi nu fac c\u00e2t o scuz\u0103 sincer\u0103 pentru p\u0103rin\u0163ii acelui copil&#8221;.<\/p>\n<\/div>\n<p> Source URL: https:\/\/www.digi24.ro\/stiri\/actualitate\/politica\/sorin-oprescu-este-criticat-dur-de-liberali-114936<\/p>\n","protected":false},"excerpt":{"rendered":"<p>Liberalii \u00eel atac\u0103 dur pe primarului Capitalei, Sorin Oprescu, pentru inten\u0163ia de a organiza un referendum care s\u0103 decid\u0103 soarta maidanezilor. Mai mult, liderul liberal \u00eel critic\u0103 \u015fi pe premierul Victor Ponta, care, \u00een opinia lui, ar fi trebuit s\u0103 dea o ordonan\u0163\u0103 de urgen\u0163\u0103, a\u0219a cum a propus pre\u0219edintele Traian B\u0103sescu. Pre\u015fedintele Senatului, Crin [&hellip;]<\/p>\n","protected":false},"author":1,"featured_media":222107,"comment_status":"open","ping_status":"","sticky":false,"template":"","format":"standard","meta":{"footnotes":""},"categories":[2],"tags":[11],"class_list":["post-222106","post","type-post","status-publish","format-standard","has-post-thumbnail","hentry","category-politics","tag-digi24"],"_links":{"self":[{"href":"https:\/\/analyse.optim.biz\/index.php?rest_route=\/wp\/v2\/posts\/222106","targetHints":{"allow":["GET"]}}],"collection":[{"href":"https:\/\/analyse.optim.biz\/index.php?rest_route=\/wp\/v2\/posts"}],"about":[{"href":"https:\/\/analyse.optim.biz\/index.php?rest_route=\/wp\/v2\/types\/post"}],"author":[{"embeddable":true,"href":"https:\/\/analyse.optim.biz\/index.php?rest_route=\/wp\/v2\/users\/1"}],"replies":[{"embeddable":true,"href":"https:\/\/analyse.optim.biz\/index.php?rest_route=%2Fwp%2Fv2%2Fcomments&post=222106"}],"version-history":[{"count":0,"href":"https:\/\/analyse.optim.biz\/index.php?rest_route=\/wp\/v2\/posts\/222106\/revisions"}],"wp:featuredmedia":[{"embeddable":true,"href":"https:\/\/analyse.optim.biz\/index.php?rest_route=\/wp\/v2\/media\/222107"}],"wp:attachment":[{"href":"https:\/\/analyse.optim.biz\/index.php?rest_route=%2Fwp%2Fv2%2Fmedia&parent=222106"}],"wp:term":[{"taxonomy":"category","embeddable":true,"href":"https:\/\/analyse.optim.biz\/index.php?rest_route=%2Fwp%2Fv2%2Fcategories&post=222106"},{"taxonomy":"post_tag","embeddable":true,"href":"https:\/\/analyse.optim.biz\/index.php?rest_route=%2Fwp%2Fv2%2Ftags&post=222106"}],"curies":[{"name":"wp","href":"https:\/\/api.w.org\/{rel}","templated":true}]}}