{"id":221961,"date":"2013-09-09T18:12:40","date_gmt":"2013-09-09T15:12:40","guid":{"rendered":"https:\/\/analyse.optim.biz\/?p=221961"},"modified":"2013-09-09T18:12:40","modified_gmt":"2013-09-09T15:12:40","slug":"traian-basescu-despre-rosia-montana-nu-eu-am-70-in-parlament","status":"publish","type":"post","link":"https:\/\/analyse.optim.biz\/?p=221961","title":{"rendered":"Traian B\u0103sescu, despre Ro\u0219ia Montan\u0103: Nu eu am 70% \u00een Parlament"},"content":{"rendered":"<div class=\"entry data-app-meta data-app-meta-article\" data-embed-base-url-canonical=\"https:\/\/www.digi24.ro\/embed\/stiri\/actualitate\/politica\/traian-basescu-despre-rosia-montana-nu-eu-am-70-in-parlament-116344\">\n<p data-index=\"1\">\u00centrebat \u201ece mai poate face\u201d, \u00een condi\u021biile \u00een care USL inten\u021bioneaz\u0103 s\u0103 resping\u0103 proiectul Ro\u0219ia Montan\u0103, Traian B\u0103sescu a r\u0103spuns: \u201eUnde mai e problema? (&#8230;) Nu eu am 70% \u00een Parlament. A\u021bi observat o majoritate pro-pre\u0219edinte prin Parlament? Poate se va forma, nu zic nu.\u201d<\/p>\n<p data-index=\"2\">Pre\u0219edintele a evitat s\u0103 r\u0103spund\u0103 altor \u00eentreb\u0103ri pe aceast\u0103 tem\u0103, men\u021bion\u00e2nd c\u0103 tema declara\u021biei sale de pres\u0103 este <a href=\"https:\/\/www.digi24.ro\/Stiri\/Digi24\/Actualitate\/Politica\/Presedintele+Traian+Basescu+face+declaratii+la+ora+16+00\" target=\"_blank\" data-skip-linkfix=\"1\" rel=\"noopener\">situa\u021bia din Siria<\/a>.<\/p>\n<p data-index=\"3\">Pre\u0219edintele PNL, Crin Antonescu, a spus ast\u0103zi c\u0103<a href=\"https:\/\/www.digi24.ro\/Stiri\/Digi24\/Actualitate\/Politica\/Crin+Antonescu+Proiectul+de+la+Rosia+Montana+nu+poate+fi+sustinu\" target=\"_blank\" data-skip-linkfix=\"1\" rel=\"noopener\"> proiectul de la Ro\u0219ia Montan\u0103 ar trebui fie retras, fie respins<\/a>, deoarece scindeaz\u0103 societatea.<\/p>\n<p data-index=\"4\">La r\u00e2ndul s\u0103u, premierul Victor Ponta<a href=\"https:\/\/www.digi24.ro\/Stiri\/Digi24\/Actualitate\/Stiri\/Sedinta+pentru+Rosia+Montana+a+fost+anulata\" target=\"_blank\" data-skip-linkfix=\"1\" rel=\"noopener\"> a cerut trecerea proiectului prin Parlament \u00een procedur\u0103 de urgen\u021b\u0103<\/a>, afirm\u00e2nd c\u0103, din moment ce liderii politici s-au pronun\u021bat \u00eenaintea dezbaterilor, este inutil\u0103 \u00eenfiin\u021barea unei comisii pentru acest subiect.<\/p>\n<\/div>\n<p> Source URL: https:\/\/www.digi24.ro\/stiri\/actualitate\/politica\/traian-basescu-despre-rosia-montana-nu-eu-am-70-in-parlament-116344<\/p>\n","protected":false},"excerpt":{"rendered":"<p>\u00centrebat \u201ece mai poate face\u201d, \u00een condi\u021biile \u00een care USL inten\u021bioneaz\u0103 s\u0103 resping\u0103 proiectul Ro\u0219ia Montan\u0103, Traian B\u0103sescu a r\u0103spuns: \u201eUnde mai e problema? (&#8230;) Nu eu am 70% \u00een Parlament. A\u021bi observat o majoritate pro-pre\u0219edinte prin Parlament? Poate se va forma, nu zic nu.\u201d Pre\u0219edintele a evitat s\u0103 r\u0103spund\u0103 altor \u00eentreb\u0103ri pe aceast\u0103 tem\u0103, [&hellip;]<\/p>\n","protected":false},"author":1,"featured_media":221962,"comment_status":"open","ping_status":"","sticky":false,"template":"","format":"standard","meta":{"footnotes":""},"categories":[2],"tags":[11],"class_list":["post-221961","post","type-post","status-publish","format-standard","has-post-thumbnail","hentry","category-politics","tag-digi24"],"_links":{"self":[{"href":"https:\/\/analyse.optim.biz\/index.php?rest_route=\/wp\/v2\/posts\/221961","targetHints":{"allow":["GET"]}}],"collection":[{"href":"https:\/\/analyse.optim.biz\/index.php?rest_route=\/wp\/v2\/posts"}],"about":[{"href":"https:\/\/analyse.optim.biz\/index.php?rest_route=\/wp\/v2\/types\/post"}],"author":[{"embeddable":true,"href":"https:\/\/analyse.optim.biz\/index.php?rest_route=\/wp\/v2\/users\/1"}],"replies":[{"embeddable":true,"href":"https:\/\/analyse.optim.biz\/index.php?rest_route=%2Fwp%2Fv2%2Fcomments&post=221961"}],"version-history":[{"count":0,"href":"https:\/\/analyse.optim.biz\/index.php?rest_route=\/wp\/v2\/posts\/221961\/revisions"}],"wp:featuredmedia":[{"embeddable":true,"href":"https:\/\/analyse.optim.biz\/index.php?rest_route=\/wp\/v2\/media\/221962"}],"wp:attachment":[{"href":"https:\/\/analyse.optim.biz\/index.php?rest_route=%2Fwp%2Fv2%2Fmedia&parent=221961"}],"wp:term":[{"taxonomy":"category","embeddable":true,"href":"https:\/\/analyse.optim.biz\/index.php?rest_route=%2Fwp%2Fv2%2Fcategories&post=221961"},{"taxonomy":"post_tag","embeddable":true,"href":"https:\/\/analyse.optim.biz\/index.php?rest_route=%2Fwp%2Fv2%2Ftags&post=221961"}],"curies":[{"name":"wp","href":"https:\/\/api.w.org\/{rel}","templated":true}]}}