{"id":221958,"date":"2013-09-09T19:01:20","date_gmt":"2013-09-09T16:01:20","guid":{"rendered":"https:\/\/analyse.optim.biz\/?p=221958"},"modified":"2013-09-09T19:01:20","modified_gmt":"2013-09-09T16:01:20","slug":"cristian-preda-am-cerut-parlamentului-european-invalidarea-mandatului-lui-ovidiu-silaghi","status":"publish","type":"post","link":"https:\/\/analyse.optim.biz\/?p=221958","title":{"rendered":"Cristian Preda: Am cerut Parlamentului European invalidarea mandatului lui Ovidiu Silaghi"},"content":{"rendered":"<div class=\"entry data-app-meta data-app-meta-article\" data-embed-base-url-canonical=\"https:\/\/www.digi24.ro\/embed\/stiri\/actualitate\/politica\/cristian-preda-am-cerut-parlamentului-european-invalidarea-mandatului-lui-ovidiu-silaghi-116367\">\n<p data-index=\"1\"><img decoding=\"async\" src=\"https:\/\/analyse.optim.biz\/wp-content\/uploads\/2024\/09\/jnc9odawjmhhc2g9y2yymdrmzdi2nwviodc3nty3zjkwytuzzjyzzjg1ywy-thumb_.jpg\" data-skip-htmlfix=\"1\" title=\"jnc9odawjmhhc2g9y2yymdrmzdi2nwviodc3nty3zjkwytuzzjyzzjg1ywy-thumb_\"><\/p>\n<p data-index=\"2\"><strong>Foto: Mediafax<\/strong><\/p>\n<p data-index=\"3\">Cristian <span>Preda a mai declarat c\u0103 europarlamentarii trebuie informa\u0163i \u00een leg\u0103tur\u0103 cu inten\u0163iile fostului ministru rom\u00e2n al Transporturilor.<\/span><\/p>\n<p data-index=\"4\">Eurodeputa\u0163ii \u201etrebuie s\u0103 \u015ftie c\u0103, valid\u00e2nd mandatul lui Silaghi, accept\u0103 interpretarea\u201d acestuia, care folose\u015fte calitatea de membru al PE \u201eca un scut \u00een fa\u0163a justi\u0163iei din Rom\u00e2nia\u201d, a spus acesta, citat de Mediafax.<\/p>\n<p data-index=\"5\">Cererea de invalidare a mandatului lui Ovidiu Silaghi se bazeaz\u0103 pe o serie de prevederi din Regulamentul de procedur\u0103 al PE. Articolul 1 din Anexa 1 a Regulamentului men\u0163ioneaz\u0103 faptul c\u0103 eurodeputa\u0163ii trebuie s\u0103 respecte c\u00e2teva \u201eprincipii generale de conduit\u0103: ac\u0163iunea dezinteresat\u0103, integritatea, transparen\u0163a, con\u015ftiinciozitatea, cinstea, responsabilitatea \u015fi respectarea reputa\u0163iei Parlamentului\u201d.<\/p>\n<p data-index=\"6\">Totodat\u0103, comisia de verificare a validit\u0103\u0163ii mandatelor \u201ear trebui s\u0103 pun\u0103 \u00eentreb\u0103ri privind s\u0103rirea mai multor pozi\u0163ii din lista PNL\u201d de la europarlamentarele din 2009, a mai spus Cristian Preda.<\/p>\n<p data-index=\"7\">Partidul Na\u0163ional Liberal a ob\u0163inut cinci mandate de europarlamentar la alegerile din 2009. Ovidiu Silaghi era plasat pe locul 7, iar Eduard Hellvig, pe 14.<\/p>\n<p data-index=\"8\">Mandatul unui europarlamentar intr\u0103 \u00een vigoare dup\u0103 ce statul respectiv trimite la Parlamentul European numele acestuia. \u00cenainte de a putea participa la lucr\u0103rile Legislativului de la Strasbourg, eurodeputatul trebuie s\u0103 declare \u00een scris c\u0103 nu de\u0163ine o func\u0163ie incompatibil\u0103 cu cea de deputat \u00een Parlamentul European, se arat\u0103 \u00een Regulamentul de Procedur\u0103.<\/p>\n<p data-index=\"9\">Pe de alt\u0103 parte, verific\u0103rile comisiei pot dura mai multe luni. \u00cen cazul \u00een care aceasta constat\u0103 o incompatibilitate, mandatul este invalidat.<\/p>\n<p data-index=\"10\">AEP a transmis c\u0103tre Parlamentul European notific\u0103rile pentru ocuparea de c\u0103tre liberalii Eduard Hellvig \u015fi Ovidiu Silaghi a locurilor vacante de europarlamentari.<\/p>\n<p data-index=\"11\">Pre\u015fedintele Traian B\u0103sescu a transmis, duminic\u0103, ministrului Justi\u0163iei cererile de urm\u0103rie penal\u0103 pentru Adriean Videanu, fost ministru al Economiei, \u015fi Ovidiu Silaghi, fost ministru al Transporturilor.<\/p>\n<\/div>\n<p> Source URL: https:\/\/www.digi24.ro\/stiri\/actualitate\/politica\/cristian-preda-am-cerut-parlamentului-european-invalidarea-mandatului-lui-ovidiu-silaghi-116367<\/p>\n","protected":false},"excerpt":{"rendered":"<p>Foto: Mediafax Cristian Preda a mai declarat c\u0103 europarlamentarii trebuie informa\u0163i \u00een leg\u0103tur\u0103 cu inten\u0163iile fostului ministru rom\u00e2n al Transporturilor. Eurodeputa\u0163ii \u201etrebuie s\u0103 \u015ftie c\u0103, valid\u00e2nd mandatul lui Silaghi, accept\u0103 interpretarea\u201d acestuia, care folose\u015fte calitatea de membru al PE \u201eca un scut \u00een fa\u0163a justi\u0163iei din Rom\u00e2nia\u201d, a spus acesta, citat de Mediafax. Cererea de [&hellip;]<\/p>\n","protected":false},"author":1,"featured_media":221959,"comment_status":"open","ping_status":"","sticky":false,"template":"","format":"standard","meta":{"footnotes":""},"categories":[2],"tags":[11],"class_list":["post-221958","post","type-post","status-publish","format-standard","has-post-thumbnail","hentry","category-politics","tag-digi24"],"_links":{"self":[{"href":"https:\/\/analyse.optim.biz\/index.php?rest_route=\/wp\/v2\/posts\/221958","targetHints":{"allow":["GET"]}}],"collection":[{"href":"https:\/\/analyse.optim.biz\/index.php?rest_route=\/wp\/v2\/posts"}],"about":[{"href":"https:\/\/analyse.optim.biz\/index.php?rest_route=\/wp\/v2\/types\/post"}],"author":[{"embeddable":true,"href":"https:\/\/analyse.optim.biz\/index.php?rest_route=\/wp\/v2\/users\/1"}],"replies":[{"embeddable":true,"href":"https:\/\/analyse.optim.biz\/index.php?rest_route=%2Fwp%2Fv2%2Fcomments&post=221958"}],"version-history":[{"count":0,"href":"https:\/\/analyse.optim.biz\/index.php?rest_route=\/wp\/v2\/posts\/221958\/revisions"}],"wp:featuredmedia":[{"embeddable":true,"href":"https:\/\/analyse.optim.biz\/index.php?rest_route=\/wp\/v2\/media\/221959"}],"wp:attachment":[{"href":"https:\/\/analyse.optim.biz\/index.php?rest_route=%2Fwp%2Fv2%2Fmedia&parent=221958"}],"wp:term":[{"taxonomy":"category","embeddable":true,"href":"https:\/\/analyse.optim.biz\/index.php?rest_route=%2Fwp%2Fv2%2Fcategories&post=221958"},{"taxonomy":"post_tag","embeddable":true,"href":"https:\/\/analyse.optim.biz\/index.php?rest_route=%2Fwp%2Fv2%2Ftags&post=221958"}],"curies":[{"name":"wp","href":"https:\/\/api.w.org\/{rel}","templated":true}]}}