{"id":221947,"date":"2013-09-10T11:30:26","date_gmt":"2013-09-10T08:30:26","guid":{"rendered":"https:\/\/analyse.optim.biz\/?p=221947"},"modified":"2013-09-10T11:30:26","modified_gmt":"2013-09-10T08:30:26","slug":"proiectul-rosia-montana-a-primit-aviz-negativ-de-la-comisia-juridica-si-la-cea-de-administratie","status":"publish","type":"post","link":"https:\/\/analyse.optim.biz\/?p=221947","title":{"rendered":"Proiectul Ro\u0219ia Montan\u0103 a primit aviz negativ de la Comisia Juridic\u0103 \u0219i la cea de Administra\u021bie"},"content":{"rendered":"<div class=\"entry data-app-meta data-app-meta-article\" data-embed-base-url-canonical=\"https:\/\/www.digi24.ro\/embed\/stiri\/actualitate\/politica\/proiectul-rosia-montana-a-primit-aviz-negativ-de-la-comisia-juridica-si-la-cea-de-administratie-116614\">\n<p data-index=\"1\"><strong>Actualizare 17.16.<\/strong> Proiectul minier de la Ro\u0219ia Montan\u0103 a primit aviz negativ \u0219i \u00een Comisia de Administra\u021bie.<\/p>\n<p data-index=\"2\"><strong>Actualizare 16:10:<\/strong> \u00centrebat\u0103 dac\u0103 \u00ee\u0219i dore\u0219te ca acest proiect de lege s\u0103 fie aprobat de Parlament, ministrul Mediului a spus c\u0103 \u201e\u00eemi doresc ca toate investi\u021biile din Rom\u00e2nia s\u0103 respecte cele mai \u00eenalte standarde de mediu, toate reglement\u0103rile legislative \u00een vigoare pe plan european, astfel \u00eenc\u00e2t protejarea mediului s\u0103 fie eficient\u0103\u201d. Ea a spus c\u0103 trebuie s\u0103 f\u0103cut\u0103 o deosebire \u00eentre r\u0103spunderea pe care o are ca ministru \u0219i r\u0103spunderea sa \u00een fa\u021ba cet\u0103\u021benilor.<\/p>\n<p data-index=\"3\">Reporterul Digi24 a insistat s\u0103 ob\u021bin\u0103 un r\u0103spuns de la Rovana Plumb, ministrul Mediului \u0219i membru \u00een Comisia de administra\u021bie public\u0103, cum va vota \u00een calitate de deputat. Rovana Plumb a evitat s\u0103 spun\u0103 \u0219i a spus c\u0103 se va consulta cu aleg\u0103torii din colegiul s\u0103u \u0219i abia atunci va lua o decizie. Totu\u0219i, dac\u0103 cet\u0103\u021benii \u00eei spun s\u0103 voteze nu, ea va vota \u00eentocmai \u0219i a men\u021bionat c\u0103 este prematur s\u0103 se exprime acum, asta deoarece intr\u0103 \u00een contradic\u021bie cu func\u021bia de ministru al Mediului.<\/p>\n<hr>\n<p data-index=\"4\"><strong>Actualizare 15.22. <\/strong>Proiectul este discutat \u00een Comisia de Administra\u021bie a Senatului.<\/p>\n<p data-index=\"5\"><strong>Actualizare 13.35.<\/strong> Comisia Juridic\u0103 a Senatului a dat aviz negativ proiectului Ro\u0219ia Montan\u0103. Senatorii au decis \u00een unanimitate.<\/p>\n<p data-index=\"6\">_______________________<\/p>\n<p data-index=\"7\">La ora 13.00, dup\u0103 ce se termin\u0103 \u0219edin\u021ba de plen, Comisia Juridic\u0103 se va \u00eentruni pentru a dezbate acest proiect \u0219i va da un aviz. Apoi, proiectul de lege se va trimite la Comisia de Administra\u021bie Public\u0103 \u0219i Comisia Economic\u0103, comisii care trebuie s\u0103 fac\u0103 raportul.<\/p>\n<p data-index=\"8\">Senatorii au stabilit ca acest proiect s\u0103 se discute \u00een regim de urgen\u021b\u0103 \u0219i undeva \u00een jurul datei de 17 septembrie, acest raport va fi gata.<\/p>\n<p data-index=\"9\">Cel mai probabil, dup\u0103 declara\u021biile liderilor politici de ieri, proiectul de lege va fi respins.<\/p>\n<\/div>\n<p> Source URL: https:\/\/www.digi24.ro\/stiri\/actualitate\/politica\/proiectul-rosia-montana-a-primit-aviz-negativ-de-la-comisia-juridica-si-la-cea-de-administratie-116614<\/p>\n","protected":false},"excerpt":{"rendered":"<p>Actualizare 17.16. Proiectul minier de la Ro\u0219ia Montan\u0103 a primit aviz negativ \u0219i \u00een Comisia de Administra\u021bie. Actualizare 16:10: \u00centrebat\u0103 dac\u0103 \u00ee\u0219i dore\u0219te ca acest proiect de lege s\u0103 fie aprobat de Parlament, ministrul Mediului a spus c\u0103 \u201e\u00eemi doresc ca toate investi\u021biile din Rom\u00e2nia s\u0103 respecte cele mai \u00eenalte standarde de mediu, toate reglement\u0103rile [&hellip;]<\/p>\n","protected":false},"author":1,"featured_media":221948,"comment_status":"open","ping_status":"","sticky":false,"template":"","format":"standard","meta":{"footnotes":""},"categories":[2],"tags":[11],"class_list":["post-221947","post","type-post","status-publish","format-standard","has-post-thumbnail","hentry","category-politics","tag-digi24"],"_links":{"self":[{"href":"https:\/\/analyse.optim.biz\/index.php?rest_route=\/wp\/v2\/posts\/221947","targetHints":{"allow":["GET"]}}],"collection":[{"href":"https:\/\/analyse.optim.biz\/index.php?rest_route=\/wp\/v2\/posts"}],"about":[{"href":"https:\/\/analyse.optim.biz\/index.php?rest_route=\/wp\/v2\/types\/post"}],"author":[{"embeddable":true,"href":"https:\/\/analyse.optim.biz\/index.php?rest_route=\/wp\/v2\/users\/1"}],"replies":[{"embeddable":true,"href":"https:\/\/analyse.optim.biz\/index.php?rest_route=%2Fwp%2Fv2%2Fcomments&post=221947"}],"version-history":[{"count":0,"href":"https:\/\/analyse.optim.biz\/index.php?rest_route=\/wp\/v2\/posts\/221947\/revisions"}],"wp:featuredmedia":[{"embeddable":true,"href":"https:\/\/analyse.optim.biz\/index.php?rest_route=\/wp\/v2\/media\/221948"}],"wp:attachment":[{"href":"https:\/\/analyse.optim.biz\/index.php?rest_route=%2Fwp%2Fv2%2Fmedia&parent=221947"}],"wp:term":[{"taxonomy":"category","embeddable":true,"href":"https:\/\/analyse.optim.biz\/index.php?rest_route=%2Fwp%2Fv2%2Fcategories&post=221947"},{"taxonomy":"post_tag","embeddable":true,"href":"https:\/\/analyse.optim.biz\/index.php?rest_route=%2Fwp%2Fv2%2Ftags&post=221947"}],"curies":[{"name":"wp","href":"https:\/\/api.w.org\/{rel}","templated":true}]}}